{"id":2241,"date":"2025-02-05T14:23:46","date_gmt":"2025-02-05T17:23:46","guid":{"rendered":"https:\/\/13.com.ar\/index.php\/se-enamoraron-en-las-inundaciones-de-la-dana-y-se-casaron-en-un-lugar-inesperado\/"},"modified":"2025-02-05T14:23:46","modified_gmt":"2025-02-05T17:23:46","slug":"se-enamoraron-en-las-inundaciones-de-la-dana-y-se-casaron-en-un-lugar-inesperado","status":"publish","type":"post","link":"https:\/\/13.com.ar\/index.php\/se-enamoraron-en-las-inundaciones-de-la-dana-y-se-casaron-en-un-lugar-inesperado\/","title":{"rendered":"Se enamoraron en las inundaciones de la DANA y se casaron en un lugar inesperado"},"content":{"rendered":"<p> <br \/>\n<\/p>\n<div id=\"cuerpo\">\n<div class=\"sc-80531b6b-0 chRIGJ container-text text-embed\">\n<p>En octubre de 2024, la provincia de<strong> Valencia<\/strong>, <strong>Espa\u00f1a<\/strong>, sufri\u00f3 graves consecuencias por el fen\u00f3meno meteorol\u00f3gico <strong>DANA.<\/strong> Las lluvias torrenciales, que provocaron inundaciones, dejaron un saldo de m\u00e1s de <strong>200 muertos<\/strong>, <strong>cientos de desaparecidos <\/strong>y la <strong>infraestructura completamente destrozada.<\/strong><\/p>\n<\/div>\n<div class=\"sc-80531b6b-0 chRIGJ container-text text-embed\">\n<p>Durante esos d\u00edas, <strong>miles de voluntarios<\/strong> llegaron al lugar caminando. En sus manos tra\u00edan escobas, rastrillos, baldes y palas para colaborar con la limpieza.  Adem\u00e1s, entre todos se encargaron de juntar <strong>toneladas de comida y agua<\/strong> para los <strong>desamparados<\/strong>.<\/p>\n<\/div>\n<div class=\"sc-80531b6b-0 chRIGJ container-text text-embed\">\n<p>En medio del caos, la solidaridad de estas personas trajo alivio a la ciudad. Pero, adem\u00e1s, de manera inesperada, <strong>naci\u00f3 un romance<\/strong>.<\/p>\n<\/div>\n<div class=\"sc-80531b6b-0 chRIGJ container-text text-embed\">\n<p>Entre los voluntarios que ayudaron durante m\u00e1s de tres meses, se encontraban <strong>Alejandra Luna (29) <\/strong>-venezolana, sex\u00f3loga, fot\u00f3grafa y mam\u00e1 de dos hijos- y <strong>Miguel Illescas G\u00f3mez (26)<\/strong>, un masajista espa\u00f1ol. <\/p>\n<\/div>\n<div class=\"sc-80531b6b-0 chRIGJ container-text text-embed\">\n<p>Ella se encargaba de organizar los <strong>alimentos donados<\/strong> en los galpones y \u00e9l ayudaba en varias tareas como limpiar el <strong>barro<\/strong> de las calles y el reparto de la comida.<\/p>\n<\/div>\n<div class=\"sc-80531b6b-0 chRIGJ container-text text-embed\">\n<p>La pareja se conoci\u00f3 a finales de noviembre, cuando llegaron a <strong>Sedav\u00ed<\/strong>, un municipio ubicado al sur de Valencia, con el fin colaborar <strong>por primera vez<\/strong> en un <strong>voluntariado<\/strong>. No se imaginaban que <strong>el destino los unir\u00eda<\/strong> con un prop\u00f3sito.<\/p>\n<\/div>\n<div class=\"sc-198be8ec-0 cynXbu image-embed  image-embed \"><picture class=\"sc-198be8ec-1 kOjRiQ\"><source media=\"(min-width: 975px)\" width=\"1256\" height=\"620\" \/><img alt=\"Historia de amor en las inundaciones de la DANA.&#10;Foto: Alejandra Garcia\" loading=\"lazy\" width=\"1256\" height=\"620\" decoding=\"async\" data-nimg=\"1\" style=\"color:transparent\" src=\"https:\/\/13.com.ar\/wp-content\/uploads\/2025\/02\/Se-enamoraron-en-las-inundaciones-de-la-DANA-y-se.jpg#1738773411447.jpeg\"\/><span class=\"epigraphe\">Historia de amor en las inundaciones de la DANA.<br \/>\nFoto: Alejandra Garcia<\/span><span class=\"bkg\"\/><span class=\"picture-open\"><button class=\"open-image\" aria-label=\"Open Image\"\/><\/span><\/picture><\/div>\n<p><h2><strong>C\u00f3mo naci\u00f3 el amor en medio de la tragedia <\/strong><\/h2>\n<\/p>\n<div class=\"sc-80531b6b-0 chRIGJ container-text text-embed\">\n<p>La<strong> DANA<\/strong> dej\u00f3 un desastre en las calles y a los voluntarios un intenso trabajo. Las largas y arduas jornadas hicieron que todos los que ayudaban tuvieran que <strong>vivir juntos en un polideportivo.<\/strong><\/p>\n<\/div>\n<div class=\"sc-80531b6b-0 chRIGJ container-text text-embed\">\n<p>Durante la convivencia, en medio de las intensas tareas en las que aveces no hab\u00eda mucho tiempo para comer o ducharse, <strong>Alejandra y Miguel<\/strong> se iban conociendo y acercando cada vez m\u00e1s.<\/p>\n<\/div>\n<div class=\"sc-80531b6b-0 chRIGJ container-text text-embed\">\n<p>En conversaci\u00f3n con <strong>Clar\u00edn, Alejandra Garcia<\/strong> detall\u00f3 que ella desde el primer d\u00eda que vio al espa\u00f1ol, \u00e9l capt\u00f3 de inmediato su atenci\u00f3n, pero \u00e9l era bastante t\u00edmido, por lo que no conversaban mucho.<\/p>\n<\/div>\n<div class=\"sc-80531b6b-0 chRIGJ container-text text-embed\">\n<p>&#8220;Cuando hablaba, hablaba lo justo y lo necesario. Me gustaba mucho la perspectiva que solo \u00e9l ten\u00eda sobre diferentes temas&#8221;, record\u00f3. Y se sincer\u00f3:  &#8220;Me enamor\u00f3 lo inteligente, respetuoso, cari\u00f1oso y sensible que es&#8221;. <\/p>\n<\/div>\n<div class=\"sc-80531b6b-0 chRIGJ container-text text-embed\">\n<p>Con el transcurso de los d\u00edas, comenzaron a coquetear con &#8220;<strong>miraditas <\/strong>y <strong>sonrisitas<\/strong>&#8220;, hasta que la venezolana se anim\u00f3 a enviar <strong>el primer mensaje<\/strong>.<\/p>\n<\/div>\n<div class=\"sc-80531b6b-0 chRIGJ container-text text-embed\">\n<p>&#8220;Te espero en las duchas, tengo que decirte algo&#8221;, le dijo ella sin dudar, refiri\u00e9ndose a un ba\u00f1o que no se usaba. Minutos despu\u00e9s, se encontraron y ah\u00ed fue donde <strong>Alejandra le confes\u00f3 que le gustaba y que quer\u00eda besarlo<\/strong>.<\/p>\n<\/div>\n<div class=\"sc-80531b6b-0 chRIGJ container-text text-embed\">\n<p>As\u00ed comenz\u00f3 su <strong>historia de amor<\/strong>, contra todo pron\u00f3stico, ya que la sex\u00f3loga confes\u00f3: &#8220;casarme no estaba para nada dentro de sus planes&#8221;. Asimismo, <strong>Miguel<\/strong> varias veces afirm\u00f3 que &#8220;no estaba preparado para relaciones&#8221;.<\/p>\n<\/div>\n<div class=\"sc-80531b6b-0 chRIGJ container-text text-embed\">\n<p>Sin embargo, los encuentros en la duchas abandonadas eran cada vez m\u00e1s frecuentes para pasar un momento <strong>juntos<\/strong>. &#8220;Comenc\u00e9 a contarle cosas personales y cada d\u00eda que pasaba sent\u00eda que mi coraz\u00f3n por \u00e9l lat\u00eda fuerte, cada d\u00eda me gustaba m\u00e1s&#8221;, detall\u00f3 <strong>Alejandra<\/strong>.<\/p>\n<\/div>\n<div class=\"sc-80531b6b-0 chRIGJ container-text text-embed\">\n<p>Como los otros voluntarios comenzaron a preguntarles sobre su v\u00ednculo, decidieron comunicar de manera oficial que <strong>hab\u00edan empezado una relaci\u00f3n.<\/strong><\/p>\n<\/div>\n<p><h2>Un mes despu\u00e9s, el mejor final para una historia de amor&#8230;<\/h2>\n<\/p>\n<div class=\"sc-80531b6b-0 chRIGJ container-text text-embed\">\n<p>En entrevista con <strong>Miguel G\u00f3mez<\/strong>, \u00e9l admiti\u00f3 que finalmente la idea de casarse fue de \u00e9l. Se lo propuso a Alejandra en Navidad.<\/p>\n<\/div>\n<div class=\"sc-80531b6b-0 chRIGJ container-text text-embed\">\n<p>Antes de dormir, luego de festejar en familia la noche navide\u00f1a, \u00e9l la mir\u00f3 y le pregunt\u00f3: <strong>&#8220;\u00bfY si empezamos el a\u00f1o casados ?&#8221;<\/strong>. Ella no pod\u00eda creerlo, pero contest\u00f3 con un rotundo <strong>&#8220;acepto&#8221;<\/strong>. <\/p>\n<\/div>\n<div class=\"sc-198be8ec-0 cynXbu image-embed  image-embed \"><picture class=\"sc-198be8ec-1 kOjRiQ\"><source media=\"(min-width: 975px)\" width=\"720\" height=\"480\" \/><img alt=\"Alejandra y Miguel, el d\u00eda de su boda. Foto: Alejandra Garc\u00eda\" loading=\"lazy\" width=\"720\" height=\"480\" decoding=\"async\" data-nimg=\"1\" style=\"color:transparent\" src=\"https:\/\/13.com.ar\/wp-content\/uploads\/2025\/02\/Se-enamoraron-en-las-inundaciones-de-la-DANA-y-se.jpg\"\/><span class=\"epigraphe\">Alejandra y Miguel, el d\u00eda de su boda. Foto: Alejandra Garc\u00eda<\/span><span class=\"bkg\"\/><span class=\"picture-open\"><button class=\"open-image\" aria-label=\"Open Image\"\/><\/span><\/picture><\/div>\n<div class=\"sc-80531b6b-0 chRIGJ container-text text-embed\">\n<p>Durante toda la semana siguiente, en medio de reparto de juguetes para los ni\u00f1os que hab\u00edan quedado sin hogar y la entrega diaria de comida, empezaron los preparativos para su boda.<\/p>\n<\/div>\n<div class=\"sc-80531b6b-0 chRIGJ container-text text-embed\">\n<p>Finalmente lleg\u00f3 el gran d\u00eda, era <strong>31 de diciembre<\/strong> y &#8220;no nos dio tiempo de invitar a toda la gente que quer\u00edamos, obviamente nuestros familiares y amigos no ten\u00edan ni idea de que nos \u00edbamos a casar&#8221;, cont\u00f3 <strong>Miguel<\/strong> entre risas.<\/p>\n<\/div>\n<div class=\"sc-80531b6b-0 chRIGJ container-text text-embed\">\n<p>&#8220;Nuestra idea era que todo el mundo se enterara el mismo d\u00eda cuando subi\u00e9ramos las fotos y los videos, y s\u00ed, fue algo as\u00ed. No quer\u00edamos contarle al resto del mundo m\u00e1s que a los mismos <strong>voluntarios<\/strong> y los <strong>afectados<\/strong> que ten\u00edamos m\u00e1s cercanos, que al final <strong>nos unieron<\/strong>&#8220;, explic\u00f3.<\/p>\n<\/div>\n<div class=\"sc-80531b6b-0 chRIGJ container-text text-embed\">\n<p>Tras la pregunta de porqu\u00e9 eligieron <strong>una pileta <\/strong>para casarse, el espa\u00f1ol revel\u00f3 que optaron por ese lugar porque estaba dentro del polideportivo donde vivieron d\u00eda tras d\u00eda su historia. Para ellos significaba todo lo que atravesaron en el voluntariado, sobre todo, los momentos duros que tuvieron que pasar juntos.<\/p>\n<\/div>\n<div class=\"sc-198be8ec-0 cynXbu image-embed  image-embed \"><picture class=\"sc-198be8ec-1 kOjRiQ\"><source media=\"(min-width: 975px)\" width=\"720\" height=\"480\" \/><img alt=\"Alejandra Garc\u00eda y Miguel G\u00f3mez se casaron en una pileta porque para ellos representaba algo especial. Foto: Alejandra Garc\u00eda\" loading=\"lazy\" width=\"720\" height=\"480\" decoding=\"async\" data-nimg=\"1\" style=\"color:transparent\" src=\"https:\/\/13.com.ar\/wp-content\/uploads\/2025\/02\/1738776226_474_Se-enamoraron-en-las-inundaciones-de-la-DANA-y-se.jpg\"\/><span class=\"epigraphe\">Alejandra Garc\u00eda y Miguel G\u00f3mez se casaron en una pileta porque para ellos representaba algo especial. Foto: Alejandra Garc\u00eda<\/span><span class=\"bkg\"\/><span class=\"picture-open\"><button class=\"open-image\" aria-label=\"Open Image\"\/><\/span><\/picture><\/div>\n<div class=\"sc-80531b6b-0 chRIGJ container-text text-embed\">\n<p>El casamiento fue completamente improvisado. Terminaron la decoraci\u00f3n s\u00f3lo  minutos antes de la celebraci\u00f3n; los cas\u00f3 una de sus colegas; y Miguel no ten\u00eda anillo porque en la joyer\u00eda no ten\u00edan su talle. A\u00fan as\u00ed <strong>ambos definen aquella noche como<\/strong> <strong>&#8220;maravillosa&#8221;<\/strong>.<\/p>\n<\/div>\n<div class=\"sc-80531b6b-0 chRIGJ container-text text-embed\">\n<p>&#8220;Yo creo que no se necesita un papel o a\u00f1os y a\u00f1os de preparaci\u00f3n, lo que se necesita realmente es disfrutarlo con tus seres queridos y que est\u00e9 <strong>el amor de tu vida<\/strong>. Es lo que necesitas para que sea una boda&#8221;, reflexion\u00f3 Alejandra, mientras su voz se quiebra por la emoci\u00f3n.<\/p>\n<\/div>\n<\/div>\n<p><br \/>\n<br \/><a href=\"https:\/\/www.clarin.com\/internacional\/enamoraron-inundaciones-dana-casaron-lugar-inesperado_0_rVzfL5nnb8.html\">Fuente Clarin.com <\/a><\/p>\n","protected":false},"excerpt":{"rendered":"<p>En octubre de 2024, la provincia de Valencia, Espa\u00f1a, sufri\u00f3 graves consecuencias por el fen\u00f3meno meteorol\u00f3gico DANA. Las lluvias torrenciales, que provocaron inundaciones, dejaron un saldo de m\u00e1s de 200 muertos, cientos de desaparecidos y la infraestructura completamente destrozada. Durante esos d\u00edas, miles de voluntarios llegaron al lugar caminando. En sus manos tra\u00edan escobas, rastrillos, [&hellip;]<\/p>\n","protected":false},"author":1,"featured_media":2242,"comment_status":"open","ping_status":"open","sticky":false,"template":"","format":"standard","meta":{"footnotes":""},"categories":[2],"tags":[4135,4134,4133,965,3794,48,1071],"class_list":["post-2241","post","type-post","status-publish","format-standard","has-post-thumbnail","hentry","category-ultimas-noticias","tag-casaron","tag-dana","tag-enamoraron","tag-inesperado","tag-inundaciones","tag-las","tag-lugar"],"_links":{"self":[{"href":"https:\/\/13.com.ar\/index.php\/wp-json\/wp\/v2\/posts\/2241","targetHints":{"allow":["GET"]}}],"collection":[{"href":"https:\/\/13.com.ar\/index.php\/wp-json\/wp\/v2\/posts"}],"about":[{"href":"https:\/\/13.com.ar\/index.php\/wp-json\/wp\/v2\/types\/post"}],"author":[{"embeddable":true,"href":"https:\/\/13.com.ar\/index.php\/wp-json\/wp\/v2\/users\/1"}],"replies":[{"embeddable":true,"href":"https:\/\/13.com.ar\/index.php\/wp-json\/wp\/v2\/comments?post=2241"}],"version-history":[{"count":0,"href":"https:\/\/13.com.ar\/index.php\/wp-json\/wp\/v2\/posts\/2241\/revisions"}],"wp:featuredmedia":[{"embeddable":true,"href":"https:\/\/13.com.ar\/index.php\/wp-json\/wp\/v2\/media\/2242"}],"wp:attachment":[{"href":"https:\/\/13.com.ar\/index.php\/wp-json\/wp\/v2\/media?parent=2241"}],"wp:term":[{"taxonomy":"category","embeddable":true,"href":"https:\/\/13.com.ar\/index.php\/wp-json\/wp\/v2\/categories?post=2241"},{"taxonomy":"post_tag","embeddable":true,"href":"https:\/\/13.com.ar\/index.php\/wp-json\/wp\/v2\/tags?post=2241"}],"curies":[{"name":"wp","href":"https:\/\/api.w.org\/{rel}","templated":true}]}}