{"id":2239,"date":"2025-02-05T14:20:39","date_gmt":"2025-02-05T17:20:39","guid":{"rendered":"https:\/\/13.com.ar\/index.php\/con-aire-acondicionado-es-facil\/"},"modified":"2025-02-05T14:20:39","modified_gmt":"2025-02-05T17:20:39","slug":"con-aire-acondicionado-es-facil","status":"publish","type":"post","link":"https:\/\/13.com.ar\/index.php\/con-aire-acondicionado-es-facil\/","title":{"rendered":"Con aire acondicionado es f\u00e1cil"},"content":{"rendered":"<p> <br \/>\n<\/p>\n<div id=\"cuerpo\">\n<div class=\"sc-80531b6b-0 chRIGJ container-text text-embed\">\n<p>El pasado domingo 1 de febrero, <strong>Lali Esp\u00f3sito<\/strong> y <strong>Mar\u00eda Becerra<\/strong> asistieron a la Marcha Federal del Orgullo Antifascista y Antirracista convocada tras el controversial discurso de Javier Milei en el Foro de Davos en Suiza. Ahora,<strong> Eduardo Feinmann cuestion\u00f3 a las cantantes por haber participado en la movilizaci\u00f3n, <\/strong>y apunt\u00f3 a que se mostraron desde un balc\u00f3n. <\/p>\n<\/div>\n<div class=\"sc-80531b6b-0 chRIGJ container-text text-embed\">\n<p>Poco antes de las 16 hs, horario fijado para el inicio de la marcha, la cantante de <em>Fan\u00e1tico &#8211;<\/em>tema que estren\u00f3 en 2024 tras sus disputas p\u00fablicas con el presidente de la Naci\u00f3n\u2014arrib\u00f3 al lugar acompa\u00f1ada por su pareja, el conductor de <em>stream<\/em> Pedro Rosemblat.<\/p>\n<\/div>\n<div class=\"sc-80531b6b-0 chRIGJ container-text text-embed\">\n<p>M\u00e1s tarde, Lali Esp\u00f3sito se mostr\u00f3 junto a Becerra en la librer\u00eda El T\u00fanel, en Av. de Mayo 767. La cantante ex <em>Casi \u00c1ngeles<\/em> acudi\u00f3 a sus redes sociales para publicar una serie de videos e im\u00e1genes junto a ella y la trapera <strong>Taichu<\/strong>, con quien trabaj\u00f3 en S.O.S., el sencillo lanzado en mayo del a\u00f1o pasado.<\/p>\n<\/div>\n<div class=\"sc-198be8ec-0 cynXbu image-embed  image-embed \"><picture class=\"sc-198be8ec-1 kOjRiQ\"><source media=\"(min-width: 975px)\" width=\"720\" height=\"480\" \/><img alt=\"Las cantantes Lali Esposito y Mar\u00eda Becerra participan durante la marcha convocada por colectivos LGTBI+. EFE\/Juan Ignacio Roncoroni\" loading=\"lazy\" width=\"720\" height=\"480\" decoding=\"async\" data-nimg=\"1\" style=\"color:transparent\" src=\"https:\/\/13.com.ar\/wp-content\/uploads\/2025\/02\/Con-aire-acondicionado-es-facil.jpg\"\/><span class=\"epigraphe\">Las cantantes Lali Esposito y Mar\u00eda Becerra participan durante la marcha convocada por colectivos LGTBI+. EFE\/Juan Ignacio Roncoroni<\/span><span class=\"bkg\"\/><span class=\"picture-open\"><button class=\"open-image\" aria-label=\"Open Image\"\/><\/span><\/picture><\/div>\n<div class=\"sc-80531b6b-0 chRIGJ container-text text-embed\">\n<p>En di\u00e1logo con <em>LAM<\/em> (Am\u00e9rica TV), Feinmann critic\u00f3 a Lali y Mar\u00eda por presenciar la movilizaci\u00f3n desde la librer\u00eda en cuesti\u00f3n en lugar de participar junto a la gente en la calle.<\/p>\n<\/div>\n<div class=\"sc-80531b6b-0 chRIGJ container-text text-embed\">\n<p>&#8220;Me pareci\u00f3 multitudinaria. A m\u00ed, en democracia, me encanta que la gente se exprese por lo que sea. <strong>Me pareci\u00f3 genuina&#8221;<\/strong>, manifest\u00f3 el periodista sobre la masiva convocatoria que obtuvo la manifestaci\u00f3n.<\/p>\n<\/div>\n<div class=\"sc-80531b6b-0 chRIGJ container-text text-embed\">\n<p>En cuanto al discurso del presidente Javier Milei en el Foro Econ\u00f3mico Internacional, Feinmann no solo cuestion\u00f3 la cultura woke, al describirla como &#8220;un virus y c\u00e1ncer&#8221;, sino que tambi\u00e9n arremeti\u00f3 contra la ideolog\u00eda de g\u00e9nero.<\/p>\n<\/div>\n<div class=\"sc-80531b6b-0 chRIGJ container-text text-embed\">\n<p><strong>&#8220;Creo que su equivocaci\u00f3n est\u00e1 en pensar que todos los gays son ped\u00f3filos, o aquellos que tienen hijos son ped\u00f3filos. Es una cuesti\u00f3n humana&#8221;<\/strong>, reflexion\u00f3 Feimann, que asegur\u00f3 que los dichos de Milei en Davos &#8220;fue editado&#8221;. &#8220;Para m\u00ed el presidente igual se fue al fleje. Hizo una evaluaci\u00f3n de una situaci\u00f3n muy puntual. La equivocaci\u00f3n del presidente est\u00e1 en pensar que todos los gays con hijos son ped\u00f3filos&#8221;, sum\u00f3.<\/p>\n<\/div>\n<div class=\"sc-198be8ec-0 cynXbu image-embed  image-embed \"><picture class=\"sc-198be8ec-1 kOjRiQ\"><source media=\"(min-width: 975px)\" width=\"720\" height=\"480\" \/><img alt=\"Eduardo Feinmann cuestion\u00f3 la actitud de Lali Esp\u00f3sito en la marcha LGBT. Captura TV.\" loading=\"lazy\" width=\"720\" height=\"480\" decoding=\"async\" data-nimg=\"1\" style=\"color:transparent\" src=\"https:\/\/13.com.ar\/wp-content\/uploads\/2025\/02\/1738776039_239_Con-aire-acondicionado-es-facil.jpg\"\/><span class=\"epigraphe\">Eduardo Feinmann cuestion\u00f3 la actitud de Lali Esp\u00f3sito en la marcha LGBT. Captura TV.<\/span><span class=\"bkg\"\/><span class=\"picture-open\"><button class=\"open-image\" aria-label=\"Open Image\"\/><\/span><\/picture><\/div>\n<div class=\"sc-80531b6b-0 chRIGJ container-text text-embed\">\n<p>Cuando el cronista del programa que conduce \u00c1ngel de Brito le pregunt\u00f3 si le hab\u00eda molestado que Lali se muestre a trav\u00e9s de un balc\u00f3n, detall\u00f3: &#8220;No me pareci\u00f3 mal, ahora&#8230; si vas a una marcha, marcha con la gente&#8221;.<\/p>\n<\/div>\n<div class=\"sc-80531b6b-0 chRIGJ container-text text-embed\">\n<p>&#8220;Marcha con los 40 grados de calor&#8230; Desde un balc\u00f3n con aire acondicionado es f\u00e1cil&#8230; y comiendo alfajorcitos&#8230; <strong>As\u00ed debe ser f\u00e1cil&#8221;<\/strong>, sigui\u00f3 Feinmann.<\/p>\n<\/div>\n<div class=\"sc-80531b6b-0 chRIGJ container-text text-embed\">\n<p>&#8220;Me hubiera gustado verlos marchando. No hay im\u00e1genes marchando. Tambi\u00e9n estaba Mar\u00eda Becerra, todos con aire acondicionado&#8230;&#8221;, sum\u00f3, tambi\u00e9n haciendo referencia a Rosemblat, pareja de Lali.<\/p>\n<\/div>\n<p><h2>El video de Lali Esp\u00f3sito y Mar\u00eda Becerra en la marcha LGBT contra Javier Milei<\/h2>\n<\/p>\n<div class=\"sc-ad4aedf2-0 dPPgNJ border-video video-embed horizontal border-video video-embed horizontal\">\n<div class=\"sc-ad4aedf2-1 hnFuni videoText videoText\">\n<h2>Video<\/h2>\n<p>Mar\u00eda Becerra y Lali Esp\u00f3sito, protagonistas en la marcha LGBT contra Javier Milei<\/p>\n<\/div>\n<\/div>\n<\/div>\n<p><br \/>\n<br \/><a href=\"https:\/\/www.clarin.com\/fama\/eduardo-feinmann-arremetio-lali-esposito-presencia-marcha-lgbt-javier-milei-aire-acondicionado-facil_0_WFFdttcmoj.html\">Fuente Clarin.com <\/a><\/p>\n","protected":false},"excerpt":{"rendered":"<p>El pasado domingo 1 de febrero, Lali Esp\u00f3sito y Mar\u00eda Becerra asistieron a la Marcha Federal del Orgullo Antifascista y Antirracista convocada tras el controversial discurso de Javier Milei en el Foro de Davos en Suiza. Ahora, Eduardo Feinmann cuestion\u00f3 a las cantantes por haber participado en la movilizaci\u00f3n, y apunt\u00f3 a que se mostraron [&hellip;]<\/p>\n","protected":false},"author":1,"featured_media":2240,"comment_status":"open","ping_status":"open","sticky":false,"template":"","format":"standard","meta":{"footnotes":""},"categories":[2],"tags":[3642,1395,18,1891],"class_list":["post-2239","post","type-post","status-publish","format-standard","has-post-thumbnail","hentry","category-ultimas-noticias","tag-acondicionado","tag-aire","tag-con","tag-facil"],"_links":{"self":[{"href":"https:\/\/13.com.ar\/index.php\/wp-json\/wp\/v2\/posts\/2239","targetHints":{"allow":["GET"]}}],"collection":[{"href":"https:\/\/13.com.ar\/index.php\/wp-json\/wp\/v2\/posts"}],"about":[{"href":"https:\/\/13.com.ar\/index.php\/wp-json\/wp\/v2\/types\/post"}],"author":[{"embeddable":true,"href":"https:\/\/13.com.ar\/index.php\/wp-json\/wp\/v2\/users\/1"}],"replies":[{"embeddable":true,"href":"https:\/\/13.com.ar\/index.php\/wp-json\/wp\/v2\/comments?post=2239"}],"version-history":[{"count":0,"href":"https:\/\/13.com.ar\/index.php\/wp-json\/wp\/v2\/posts\/2239\/revisions"}],"wp:featuredmedia":[{"embeddable":true,"href":"https:\/\/13.com.ar\/index.php\/wp-json\/wp\/v2\/media\/2240"}],"wp:attachment":[{"href":"https:\/\/13.com.ar\/index.php\/wp-json\/wp\/v2\/media?parent=2239"}],"wp:term":[{"taxonomy":"category","embeddable":true,"href":"https:\/\/13.com.ar\/index.php\/wp-json\/wp\/v2\/categories?post=2239"},{"taxonomy":"post_tag","embeddable":true,"href":"https:\/\/13.com.ar\/index.php\/wp-json\/wp\/v2\/tags?post=2239"}],"curies":[{"name":"wp","href":"https:\/\/api.w.org\/{rel}","templated":true}]}}