{"id":2227,"date":"2025-02-05T13:41:31","date_gmt":"2025-02-05T16:41:31","guid":{"rendered":"https:\/\/13.com.ar\/index.php\/es-hora-de-eliminar-las-paso\/"},"modified":"2025-02-05T13:41:31","modified_gmt":"2025-02-05T16:41:31","slug":"es-hora-de-eliminar-las-paso","status":"publish","type":"post","link":"https:\/\/13.com.ar\/index.php\/es-hora-de-eliminar-las-paso\/","title":{"rendered":"Es hora de eliminar las PASO"},"content":{"rendered":"<p> <br \/>\n<br \/><img decoding=\"async\" src=\"https:\/\/13.com.ar\/wp-content\/uploads\/2025\/02\/Es-hora-de-eliminar-las-PASO.jpg\" \/><\/p>\n<div>\n<p>El gobernador de C\u00f3rdoba, <strong>Mart\u00edn Llaryora<\/strong>, se expres\u00f3 este mi\u00e9rcoles a favor de la eliminaci\u00f3n de las Primarias Abiertas Simult\u00e1neas y Obligatorias (PASO), y se sum\u00f3 as\u00ed a la lista de mandatarios provinciales con los que cuenta el Gobierno nacional para aprobar el proyecto de suspensi\u00f3n en el Congreso.<\/p>\n<\/div>\n<div>\n<p><strong>&#8220;Es hora de eliminar las PASO&#8221;<\/strong>, comienza el mensaje del cordob\u00e9s en X, que fue reposteado por el presidente Javier Milei.<\/p>\n<\/div>\n<div>\n<p>El gobernador provincial argument\u00f3 que las Primarias &#8220;han perdido su raz\u00f3n de ser&#8221;, y que &#8220;en lugar de funcionar como una instancia de competencia interna entre candidatos de un mismo partido, <strong>se han convertido en una elecci\u00f3n general anticipada, distorsionando su prop\u00f3sito original<\/strong>&#8220;.<\/p>\n<\/div>\n<div>\n<p>De esta manera, Llaryora se sum\u00f3 al apoyo que sus pares de Catamarca y Santiago del Estero, Ra\u00fal Jalil y Gerardo Zamora, ya le hab\u00edan dado al proyecto del oficialismo, que ayer obtuvo dictamen en comisi\u00f3n de la C\u00e1mara de Diputados.<\/p>\n<\/div>\n<div>\n<p>Llaryora solicit\u00f3 a los 18 diputados y 3 senadores cordobeses que apoyen la iniciativa de dejar sin efecto su funcionamiento.<\/p>\n<\/div>\n<div>\n<p>&#8220;Su costo resulta irracional en el actual contexto que atraviesa el pa\u00eds&#8221;, sentenci\u00f3 el mandatario provincial. Seg\u00fan estima el Poder Ejecutivo, el costo de la realizaci\u00f3n de las PASO es de 200 millones de d\u00f3lares.<\/p>\n<\/div>\n<div>\n<p>Con el apoyo de Zamora, a quien le responden siete legisladores santiague\u00f1os, y de Jalil, a quien responden otros cuatro, garantizar\u00eda la aprobaci\u00f3n del proyecto en el recinto. <\/p>\n<\/div>\n<div>\n<p>Adem\u00e1s, de repetirse el esquema en el Senado de la Naci\u00f3n, el oficialismo podr\u00eda contar con la ayuda de los tres senadores santiague\u00f1os y uno por Catamarca, que le dar\u00eda margen para reunir los votos necesarios para encaminar la aprobaci\u00f3n de la eliminaci\u00f3n de las PASO en el per\u00edodo de sesiones extraordinarias.<\/p>\n<\/div>\n<p><br \/>\n<br \/><a href=\"https:\/\/www.clarin.com\/politica\/guino-martin-llaryora-javier-milei-hora-eliminar-paso_0_4DOo4Sec05.html\">Fuente Clarin.com <\/a><\/p>\n","protected":false},"excerpt":{"rendered":"<p>El gobernador de C\u00f3rdoba, Mart\u00edn Llaryora, se expres\u00f3 este mi\u00e9rcoles a favor de la eliminaci\u00f3n de las Primarias Abiertas Simult\u00e1neas y Obligatorias (PASO), y se sum\u00f3 as\u00ed a la lista de mandatarios provinciales con los que cuenta el Gobierno nacional para aprobar el proyecto de suspensi\u00f3n en el Congreso. &#8220;Es hora de eliminar las PASO&#8221;, [&hellip;]<\/p>\n","protected":false},"author":1,"featured_media":2228,"comment_status":"open","ping_status":"open","sticky":false,"template":"","format":"standard","meta":{"footnotes":""},"categories":[2],"tags":[3460,713,48,158],"class_list":["post-2227","post","type-post","status-publish","format-standard","has-post-thumbnail","hentry","category-ultimas-noticias","tag-eliminar","tag-hora","tag-las","tag-paso"],"_links":{"self":[{"href":"https:\/\/13.com.ar\/index.php\/wp-json\/wp\/v2\/posts\/2227","targetHints":{"allow":["GET"]}}],"collection":[{"href":"https:\/\/13.com.ar\/index.php\/wp-json\/wp\/v2\/posts"}],"about":[{"href":"https:\/\/13.com.ar\/index.php\/wp-json\/wp\/v2\/types\/post"}],"author":[{"embeddable":true,"href":"https:\/\/13.com.ar\/index.php\/wp-json\/wp\/v2\/users\/1"}],"replies":[{"embeddable":true,"href":"https:\/\/13.com.ar\/index.php\/wp-json\/wp\/v2\/comments?post=2227"}],"version-history":[{"count":0,"href":"https:\/\/13.com.ar\/index.php\/wp-json\/wp\/v2\/posts\/2227\/revisions"}],"wp:featuredmedia":[{"embeddable":true,"href":"https:\/\/13.com.ar\/index.php\/wp-json\/wp\/v2\/media\/2228"}],"wp:attachment":[{"href":"https:\/\/13.com.ar\/index.php\/wp-json\/wp\/v2\/media?parent=2227"}],"wp:term":[{"taxonomy":"category","embeddable":true,"href":"https:\/\/13.com.ar\/index.php\/wp-json\/wp\/v2\/categories?post=2227"},{"taxonomy":"post_tag","embeddable":true,"href":"https:\/\/13.com.ar\/index.php\/wp-json\/wp\/v2\/tags?post=2227"}],"curies":[{"name":"wp","href":"https:\/\/api.w.org\/{rel}","templated":true}]}}