{"id":2225,"date":"2025-02-05T13:26:40","date_gmt":"2025-02-05T16:26:40","guid":{"rendered":"https:\/\/13.com.ar\/index.php\/la-gente-huye-y-los-aeropuertos-y-el-puerto-estan-colapsados\/"},"modified":"2025-02-05T13:26:40","modified_gmt":"2025-02-05T16:26:40","slug":"la-gente-huye-y-los-aeropuertos-y-el-puerto-estan-colapsados","status":"publish","type":"post","link":"https:\/\/13.com.ar\/index.php\/la-gente-huye-y-los-aeropuertos-y-el-puerto-estan-colapsados\/","title":{"rendered":"la gente huye y los aeropuertos y el puerto est\u00e1n colapsados"},"content":{"rendered":"<p> <br \/>\n<\/p>\n<div id=\"cuerpo\">\n<div class=\"sc-80531b6b-0 chRIGJ container-text text-embed\">\n<p>La mayor\u00eda de los residentes abandonaron Santorini debido al temor que les produce la oleada de terremotos de hasta 5 de magnitud que sacude esta isla griega desde hace casi dos semanas, mientras el Gobierno habla de un &#8220;fen\u00f3meno geol\u00f3gico complejo&#8221; y<strong> pide a los isle\u00f1os &#8220;mantener la calma&#8221;.<\/strong><\/p>\n<\/div>\n<div class=\"sc-80531b6b-0 chRIGJ container-text text-embed\">\n<p><strong>Al menos 11.000 personas, la mayor parte habitantes de la isla con sus hijos<\/strong>, se fueron de Santorini durante los \u00faltimos d\u00edas por temor a que se registre un temblor mayor o que se activen los dos volcanes de la zona.<\/p>\n<\/div>\n<div class=\"sc-198be8ec-0 cynXbu image-embed  image-embed \"><picture class=\"sc-198be8ec-1 kOjRiQ\"><source media=\"(min-width: 975px)\" width=\"720\" height=\"480\" \/><img alt=\"Al menos 11 mil residentes se fueron durante los \u00faltimos d\u00edas. Foto: EFE. \" loading=\"lazy\" width=\"720\" height=\"480\" decoding=\"async\" data-nimg=\"1\" style=\"color:transparent\" src=\"https:\/\/13.com.ar\/wp-content\/uploads\/2025\/02\/la-gente-huye-y-los-aeropuertos-y-el-puerto-estan.jpg\"\/><span class=\"epigraphe\">Al menos 11 mil residentes se fueron durante los \u00faltimos d\u00edas. Foto: EFE. <\/span><span class=\"bkg\"\/><span class=\"picture-open\"><button class=\"open-image\" aria-label=\"Open Image\"\/><\/span><\/picture><\/div>\n<div class=\"sc-80531b6b-0 chRIGJ container-text text-embed\">\n<p>Durante los \u00faltimos d\u00edas las im\u00e1genes que reproduc\u00edan los medios griegos eran de grandes atascos de tr\u00e1nsito en las calles que conducen al aeropuerto y al puerto, y de multitudes esperando a embarcar alguno de los ferris con destino a Atenas o alguno de los vuelos hacia Atenas, la capital griega.<\/p>\n<\/div>\n<div class=\"sc-80531b6b-0 chRIGJ container-text text-embed\">\n<p>Sin embargo, este mi\u00e9rcoles las im\u00e1genes evocan el per\u00edodo de la cuarentena por la pandemia del covid-19,<strong> ya que muestran los dos pueblos m\u00e1s grandes y tur\u00edsticos de Santorini, Oia, y Fira,totalmente desiertos.<\/strong><\/p>\n<\/div>\n<div class=\"sc-198be8ec-0 cynXbu image-embed  image-embed \"><picture class=\"sc-198be8ec-1 kOjRiQ\"><source media=\"(min-width: 975px)\" width=\"720\" height=\"480\" \/><img alt=\"Residentes y vecinos, de salida. Foto: EFE.\" loading=\"lazy\" width=\"720\" height=\"480\" decoding=\"async\" data-nimg=\"1\" style=\"color:transparent\" src=\"https:\/\/13.com.ar\/wp-content\/uploads\/2025\/02\/1738772800_985_la-gente-huye-y-los-aeropuertos-y-el-puerto-estan.jpg\"\/><span class=\"epigraphe\">Residentes y vecinos, de salida. Foto: EFE.<\/span><span class=\"bkg\"\/><span class=\"picture-open\"><button class=\"open-image\" aria-label=\"Open Image\"\/><\/span><\/picture><\/div>\n<div class=\"sc-80531b6b-0 chRIGJ container-text text-embed\">\n<p>Los \u00fanicos que permanecen son algunos turistas &#8220;valientes&#8221; y muy pocos residentes. La mayor\u00eda de los cientos de restaurantes, bares y otros locales est\u00e1n cerrados, como tambi\u00e9n todas las escuelas.<\/p>\n<\/div>\n<div class=\"sc-198be8ec-0 cynXbu image-embed  image-embed \"><picture class=\"sc-198be8ec-1 kOjRiQ\"><source media=\"(min-width: 975px)\" width=\"720\" height=\"480\" \/><img alt=\"Los dos pueblos m\u00e1s grandes y tur\u00edsticos de Santorini, Oia, y Fira,totalmente est\u00e1n desiertos. Foto: AP\" loading=\"lazy\" width=\"720\" height=\"480\" decoding=\"async\" data-nimg=\"1\" style=\"color:transparent\" src=\"https:\/\/13.com.ar\/wp-content\/uploads\/2025\/02\/1738772800_503_la-gente-huye-y-los-aeropuertos-y-el-puerto-estan.jpg\"\/><span class=\"epigraphe\">Los dos pueblos m\u00e1s grandes y tur\u00edsticos de Santorini, Oia, y Fira,totalmente est\u00e1n desiertos. Foto: AP<\/span><span class=\"bkg\"\/><span class=\"picture-open\"><button class=\"open-image\" aria-label=\"Open Image\"\/><\/span><\/picture><\/div>\n<p><h2>S\u00f3lo quedan 4.000 habitantes<\/h2>\n<\/p>\n<div class=\"sc-80531b6b-0 chRIGJ container-text text-embed\">\n<p>&#13;<br \/>\n&#8220;Todos se est\u00e1n yendo, imag\u00ednate que no encuentro a nadie para que me diga algo&#8221;, dice a EFE Yeorgia Diela, periodista en dos medios locales de Santorini, que vive desde hace a\u00f1os en este lugar paradis\u00edaco con su marido y tres hijos y sigue en la isla para cubrir el fen\u00f3meno y sus repercusiones.<\/p>\n<\/div>\n<div class=\"sc-80531b6b-0 chRIGJ container-text text-embed\">\n<p>&#13;<br \/>\nSeg\u00fan el censo del 2021, Santorini tiene 15.000 residentes, aunque se estima que hay otros 10.000 habitantes permanentes no registrados. <\/p>\n<\/div>\n<div class=\"sc-198be8ec-0 cynXbu image-embed  image-embed \"><picture class=\"sc-198be8ec-1 kOjRiQ\"><source media=\"(min-width: 975px)\" width=\"720\" height=\"480\" \/><img alt=\"Las calles de la isla griega est\u00e1n desiertas. Seg\u00fan el \u00faltimo censo, viven all\u00ed 15 mil personas en forma permanente. Foto: AP\" loading=\"lazy\" width=\"720\" height=\"480\" decoding=\"async\" data-nimg=\"1\" style=\"color:transparent\" src=\"https:\/\/13.com.ar\/wp-content\/uploads\/2025\/02\/1738772800_900_la-gente-huye-y-los-aeropuertos-y-el-puerto-estan.jpg\"\/><span class=\"epigraphe\">Las calles de la isla griega est\u00e1n desiertas. Seg\u00fan el \u00faltimo censo, viven all\u00ed 15 mil personas en forma permanente. Foto: AP<\/span><span class=\"bkg\"\/><span class=\"picture-open\"><button class=\"open-image\" aria-label=\"Open Image\"\/><\/span><\/picture><\/div>\n<div class=\"sc-80531b6b-0 chRIGJ container-text text-embed\">\n<p>&#13;<br \/>\nActualmente tan solo unos 4.000 permanecen en la isla, la mayor\u00eda personas mayores, informa este mi\u00e9rcoles la emisora Alpha.<\/p>\n<\/div>\n<div class=\"sc-80531b6b-0 chRIGJ container-text text-embed\">\n<p>&#13;<br \/>\n&#8220;Una parte de los residentes se hab\u00edan ido de vacaciones antes de que empezara la temporada de primavera&#8221;, se\u00f1ala Diela y explica que, despu\u00e9s de que empezaran los sismos, han decidido posponer su regreso. <\/p>\n<\/div>\n<p><h2>Calma<\/h2>\n<\/p>\n<div class=\"sc-80531b6b-0 chRIGJ container-text text-embed\">\n<p>&#13;<br \/>\nEl primer ministro griego pidi\u00f3 este mi\u00e9rcoles por segunda vez en dos d\u00edas a los isle\u00f1os que &#8220;mantengan la calma&#8221; y que obedezcan a las instrucciones de las autoridades, mientras asegura que el Estado &#8220;est\u00e1 preparado para cualquier posibilidad&#8221;.<\/p>\n<\/div>\n<div class=\"sc-80531b6b-0 chRIGJ container-text text-embed\">\n<p>&#13;<br \/>\nLa mayor\u00eda de los sism\u00f3logos y ge\u00f3logos indican que las posibilidades de que se registre un terremoto de una magnitud mayor a 6 son escasas, aunque coinciden en que probablemente los sismos seguir\u00e1n sacudiendo la isla durante algunas semanas, quiz\u00e1s meses.<\/p>\n<\/div>\n<div class=\"sc-198be8ec-0 cynXbu image-embed  image-embed \"><picture class=\"sc-198be8ec-1 kOjRiQ\"><source media=\"(min-width: 975px)\" width=\"720\" height=\"480\" \/><img alt=\"La mayor\u00eda de los sism\u00f3logos y ge\u00f3logos indican que las posibilidades de que se registre un terremoto de una magnitud mayor a 6 son escasas. Foto: AP\" loading=\"lazy\" width=\"720\" height=\"480\" decoding=\"async\" data-nimg=\"1\" style=\"color:transparent\" src=\"https:\/\/13.com.ar\/wp-content\/uploads\/2025\/02\/1738772800_273_la-gente-huye-y-los-aeropuertos-y-el-puerto-estan.jpg\"\/><span class=\"epigraphe\">La mayor\u00eda de los sism\u00f3logos y ge\u00f3logos indican que las posibilidades de que se registre un terremoto de una magnitud mayor a 6 son escasas. Foto: AP<\/span><span class=\"bkg\"\/><span class=\"picture-open\"><button class=\"open-image\" aria-label=\"Open Image\"\/><\/span><\/picture><\/div>\n<div class=\"sc-80531b6b-0 chRIGJ container-text text-embed\">\n<p>&#13;<br \/>\nEn el lapso de 25 minutos este mediod\u00eda se registraron siete sismos seguidos de una magnitud mayor a 4, mientras que durante los \u00faltimos d\u00edas se registran cientos de terremotos a diario con una frecuencia media de 10 minutos. <\/p>\n<\/div>\n<p><h2>Alto riesgo de deslizamientos<\/h2>\n<\/p>\n<div class=\"sc-80531b6b-0 chRIGJ container-text text-embed\">\n<p>&#13;<br \/>\nEl profesor de Gesti\u00f3n de Desastres Naturales, Efthimis Lekkas, avis\u00f3 este mi\u00e9rcoles de que existe un &#8220;alto riesgo&#8221; de que se registren deslizamientos de tierra a lo largo de toda la famosa caldera volc\u00e1nica de Santorini, al borde de la cual est\u00e1 construida su capital, Fira, y uno de sus pueblos m\u00e1s grandes, Oia.<\/p>\n<\/div>\n<div class=\"sc-80531b6b-0 chRIGJ container-text text-embed\">\n<p>Durante los \u00faltimos d\u00edas se produjeron ya algunos peque\u00f1os deslizamientos de piedras en la caldera y uno algo mayor en la llamada &#8220;playa Roja&#8221;, una de las m\u00e1s famosas de la isla, sin que se registraran da\u00f1os mayores o heridos.<\/p>\n<\/div>\n<div class=\"sc-80531b6b-0 chRIGJ container-text text-embed\">\n<p>En lo que s\u00ed coinciden todos los expertos es en que esta actividad sismica se debe a la falla submarina de \u00c1nydros situada entre Santorini y Amorgos y no a los dos volcanes de la zona, si bien esto no significa que se excluya del todo una posible reavivaci\u00f3n de actividad volc\u00e1nica debido a los temblores. <\/p>\n<\/div>\n<\/div>\n<p><br \/>\n<br \/><a href=\"https:\/\/www.clarin.com\/internacional\/santorini-queda-vacia-gente-huye-aeropuertos-puerto-colapsados_0_yEi1ceAFVe.html\">Fuente Clarin.com <\/a><\/p>\n","protected":false},"excerpt":{"rendered":"<p>La mayor\u00eda de los residentes abandonaron Santorini debido al temor que les produce la oleada de terremotos de hasta 5 de magnitud que sacude esta isla griega desde hace casi dos semanas, mientras el Gobierno habla de un &#8220;fen\u00f3meno geol\u00f3gico complejo&#8221; y pide a los isle\u00f1os &#8220;mantener la calma&#8221;. Al menos 11.000 personas, la mayor [&hellip;]<\/p>\n","protected":false},"author":1,"featured_media":2226,"comment_status":"open","ping_status":"open","sticky":false,"template":"","format":"standard","meta":{"footnotes":""},"categories":[2],"tags":[4114,4115,2376,519,4113,28,261],"class_list":["post-2225","post","type-post","status-publish","format-standard","has-post-thumbnail","hentry","category-ultimas-noticias","tag-aeropuertos","tag-colapsados","tag-estan","tag-gente","tag-huye","tag-los","tag-puerto"],"_links":{"self":[{"href":"https:\/\/13.com.ar\/index.php\/wp-json\/wp\/v2\/posts\/2225","targetHints":{"allow":["GET"]}}],"collection":[{"href":"https:\/\/13.com.ar\/index.php\/wp-json\/wp\/v2\/posts"}],"about":[{"href":"https:\/\/13.com.ar\/index.php\/wp-json\/wp\/v2\/types\/post"}],"author":[{"embeddable":true,"href":"https:\/\/13.com.ar\/index.php\/wp-json\/wp\/v2\/users\/1"}],"replies":[{"embeddable":true,"href":"https:\/\/13.com.ar\/index.php\/wp-json\/wp\/v2\/comments?post=2225"}],"version-history":[{"count":0,"href":"https:\/\/13.com.ar\/index.php\/wp-json\/wp\/v2\/posts\/2225\/revisions"}],"wp:featuredmedia":[{"embeddable":true,"href":"https:\/\/13.com.ar\/index.php\/wp-json\/wp\/v2\/media\/2226"}],"wp:attachment":[{"href":"https:\/\/13.com.ar\/index.php\/wp-json\/wp\/v2\/media?parent=2225"}],"wp:term":[{"taxonomy":"category","embeddable":true,"href":"https:\/\/13.com.ar\/index.php\/wp-json\/wp\/v2\/categories?post=2225"},{"taxonomy":"post_tag","embeddable":true,"href":"https:\/\/13.com.ar\/index.php\/wp-json\/wp\/v2\/tags?post=2225"}],"curies":[{"name":"wp","href":"https:\/\/api.w.org\/{rel}","templated":true}]}}