{"id":2223,"date":"2025-02-05T13:23:30","date_gmt":"2025-02-05T16:23:30","guid":{"rendered":"https:\/\/13.com.ar\/index.php\/tras-la-nueva-detencion-de-morena-rial-su-abogado-adelanto-como-continuara-el-proceso-judicial\/"},"modified":"2025-02-05T13:23:30","modified_gmt":"2025-02-05T16:23:30","slug":"tras-la-nueva-detencion-de-morena-rial-su-abogado-adelanto-como-continuara-el-proceso-judicial","status":"publish","type":"post","link":"https:\/\/13.com.ar\/index.php\/tras-la-nueva-detencion-de-morena-rial-su-abogado-adelanto-como-continuara-el-proceso-judicial\/","title":{"rendered":"Tras la nueva detenci\u00f3n de Morena Rial, su abogado adelant\u00f3 c\u00f3mo continuar\u00e1 el proceso judicial"},"content":{"rendered":"<p> <br \/>\n<br \/><img decoding=\"async\" src=\"https:\/\/13.com.ar\/wp-content\/uploads\/2025\/02\/Tras-la-nueva-detencion-de-Morena-Rial-su-abogado-adelanto.jpg\" \/><\/p>\n<div>\n<p>Luego de que <strong>Morena Rial<\/strong> fuera detenida por segunda vez desde que comenz\u00f3 el a\u00f1o, su abogado Alejandro Cipolla adelant\u00f3 c\u00f3mo continuar\u00e1 el proceso judicial de la hija de <strong>Jorge Rial. <\/strong><\/p>\n<\/div>\n<div>\n<p>La influencer fue detenida en la madrugada del mi\u00e9rcoles en el Microcentro porte\u00f1o por el robo a una casa de <strong>Villa Adelina <\/strong>a mediados de enero.<\/p>\n<\/div>\n<div>\n<p>Este hecho delictivo <strong>se suma a otro similar<\/strong> por el que ya hab\u00eda sido demorada a fines del mes pasado, aunque liberada horas despu\u00e9s.<\/p>\n<\/div>\n<div>\n<p>En esta oportunidad, su abogado<strong> Alejandro Cipolla<\/strong> se acerc\u00f3 a la <strong>comisar\u00eda de San Telmo<\/strong> en la que se encuentra detenida Morena y desde all\u00ed utiliz\u00f3 sus redes sociales para dar informaci\u00f3n sobre su representada.<\/p>\n<\/div>\n<div>\n<p>El letrado public\u00f3 una historia en su perfil de Instagram en la que anuncia: &#8220;Respecto a la situaci\u00f3n procesal de @moreerial, <strong>lo \u00fanico para informar es que en el d\u00eda de ma\u00f1ana se estar realizando la declaraci\u00f3n indagatoria<\/strong> en la sede de la fiscal\u00eda de Mart\u00ednez&#8221;. <\/p>\n<\/div>\n<div>\n<p>Jorge Rial, padre de la detenida, ya hab\u00eda adelantado en su programa <em>Argenzuela<\/em> (Radio 10) que, si bien su hija se encuentra en una comisar\u00eda de San Telmo, en las pr\u00f3ximas horas<strong> ser\u00eda trasladada a la provincia de Buenos Aires<\/strong>, donde se cometieron los hechos. <\/p>\n<\/div>\n<p><br \/>\n<br \/><a href=\"https:\/\/www.clarin.com\/fama\/nueva-detencion-morena-rial-abogado-adelanto-continuara-proceso-judicial_0_AkqdJ0xv9T.html\">Fuente Clarin.com <\/a><\/p>\n","protected":false},"excerpt":{"rendered":"<p>Luego de que Morena Rial fuera detenida por segunda vez desde que comenz\u00f3 el a\u00f1o, su abogado Alejandro Cipolla adelant\u00f3 c\u00f3mo continuar\u00e1 el proceso judicial de la hija de Jorge Rial. La influencer fue detenida en la madrugada del mi\u00e9rcoles en el Microcentro porte\u00f1o por el robo a una casa de Villa Adelina a mediados [&hellip;]<\/p>\n","protected":false},"author":1,"featured_media":2224,"comment_status":"open","ping_status":"open","sticky":false,"template":"","format":"standard","meta":{"footnotes":""},"categories":[2],"tags":[1242,4111,66,4112,1137,118,878,19,1652,877,312],"class_list":["post-2223","post","type-post","status-publish","format-standard","has-post-thumbnail","hentry","category-ultimas-noticias","tag-abogado","tag-adelanto","tag-como","tag-continuara","tag-detencion","tag-judicial","tag-morena","tag-nueva","tag-proceso","tag-rial","tag-tras"],"_links":{"self":[{"href":"https:\/\/13.com.ar\/index.php\/wp-json\/wp\/v2\/posts\/2223","targetHints":{"allow":["GET"]}}],"collection":[{"href":"https:\/\/13.com.ar\/index.php\/wp-json\/wp\/v2\/posts"}],"about":[{"href":"https:\/\/13.com.ar\/index.php\/wp-json\/wp\/v2\/types\/post"}],"author":[{"embeddable":true,"href":"https:\/\/13.com.ar\/index.php\/wp-json\/wp\/v2\/users\/1"}],"replies":[{"embeddable":true,"href":"https:\/\/13.com.ar\/index.php\/wp-json\/wp\/v2\/comments?post=2223"}],"version-history":[{"count":0,"href":"https:\/\/13.com.ar\/index.php\/wp-json\/wp\/v2\/posts\/2223\/revisions"}],"wp:featuredmedia":[{"embeddable":true,"href":"https:\/\/13.com.ar\/index.php\/wp-json\/wp\/v2\/media\/2224"}],"wp:attachment":[{"href":"https:\/\/13.com.ar\/index.php\/wp-json\/wp\/v2\/media?parent=2223"}],"wp:term":[{"taxonomy":"category","embeddable":true,"href":"https:\/\/13.com.ar\/index.php\/wp-json\/wp\/v2\/categories?post=2223"},{"taxonomy":"post_tag","embeddable":true,"href":"https:\/\/13.com.ar\/index.php\/wp-json\/wp\/v2\/tags?post=2223"}],"curies":[{"name":"wp","href":"https:\/\/api.w.org\/{rel}","templated":true}]}}