{"id":2221,"date":"2025-02-05T13:20:25","date_gmt":"2025-02-05T16:20:25","guid":{"rendered":"https:\/\/13.com.ar\/index.php\/que-es-la-oms-y-cual-es-su-funcion-en-el-mundo\/"},"modified":"2025-02-05T13:20:25","modified_gmt":"2025-02-05T16:20:25","slug":"que-es-la-oms-y-cual-es-su-funcion-en-el-mundo","status":"publish","type":"post","link":"https:\/\/13.com.ar\/index.php\/que-es-la-oms-y-cual-es-su-funcion-en-el-mundo\/","title":{"rendered":"Qu\u00e9 es la OMS y cu\u00e1l es su funci\u00f3n en el mundo"},"content":{"rendered":"<p> <br \/>\n<\/p>\n<div id=\"cuerpo\">\n<div class=\"sc-80531b6b-0 chRIGJ container-text text-embed\">\n<p>El presidente Javier Milei decidi\u00f3 retirar a la Argentina de la OMS; y las repercusiones se dispararon al instante, como tambi\u00e9n la inquietud sobre las funciones en el mundo que cumple la Organizaci\u00f3n Mundial de la Salud.<\/p>\n<\/div>\n<div class=\"sc-80531b6b-0 chRIGJ container-text text-embed\">\n<p>Sobre su rol, su p\u00e1gina web explica que el organismo tiene a su cargo la gesti\u00f3n de programas y acciones a nivel mundial que busquen la prevenci\u00f3n, la protecci\u00f3n y la promoci\u00f3n de la salud. Teniendo en cuenta como definici\u00f3n, el grado en que una persona puede llevar a cabo sus aspiraciones, satisfacer sus necesidades y relacionarse adecuadamente con su ambiente.<\/p>\n<\/div>\n<div class=\"sc-80531b6b-0 chRIGJ container-text text-embed\">\n<p>La organizaci\u00f3n depende de <strong>Naciones Unidas<\/strong> e inici\u00f3 sus actividades formales el <strong>7 de abril d e 1948<\/strong> -cuando entr\u00f3 en vigencia su constituci\u00f3n. A ra\u00edz de su fundaci\u00f3n, en esa fecha se celebra el <strong>D\u00eda Mundial de la Salud<\/strong>.<\/p>\n<\/div>\n<div class=\"sc-80531b6b-0 chRIGJ container-text text-embed\">\n<p>La <strong>OMS<\/strong> trabaja con una red de colaboradores en m\u00e1s de 80 pa\u00edses y es administrada por la Asamblea Mundial de la Salud, su \u00f3rgano decisorio conformado por delegaciones de todos los estados que la componen.<\/p>\n<\/div>\n<div class=\"sc-80531b6b-0 chRIGJ container-text text-embed\">\n<p>En estas convenciones se establecen las pol\u00edticas de la organizaci\u00f3n, se supervisan cuestiones financieras y se designa al director general.<\/p>\n<\/div>\n<div class=\"sc-198be8ec-0 cynXbu image-embed  image-embed \"><picture class=\"sc-198be8ec-1 kOjRiQ\"><source media=\"(min-width: 975px)\" width=\"720\" height=\"480\" \/><img alt=\"La OMS se cre\u00f3 en 1948.\" loading=\"lazy\" width=\"720\" height=\"480\" decoding=\"async\" data-nimg=\"1\" style=\"color:transparent\" src=\"https:\/\/13.com.ar\/wp-content\/uploads\/2025\/02\/Que-es-la-OMS-y-cual-es-su-funcion-en.jpg\"\/><span class=\"epigraphe\">La OMS se cre\u00f3 en 1948.<\/span><span class=\"bkg\"\/><span class=\"picture-open\"><button class=\"open-image\" aria-label=\"Open Image\"\/><\/span><\/picture><\/div>\n<div class=\"sc-80531b6b-0 chRIGJ container-text text-embed\">\n<p>Todos los pa\u00edses que sean <strong>miembros de las Naciones Unidas<\/strong> pueden miembros de la <strong>OMS<\/strong>, aceptando su Constituci\u00f3n. Otros pa\u00edses pueden ser admitidos por mayor\u00eda simple de votos de la Asamblea de la Salud.<\/p>\n<\/div>\n<p><h2><strong>Cu\u00e1les son  las acciones principales de la OMS<\/strong><\/h2>\n<\/p>\n<div class=\"sc-80531b6b-0 chRIGJ container-text text-embed\">\n<p>Entre sus funciones, se destacan las siguientes.<\/p>\n<\/div>\n<div class=\"sc-80531b6b-0 chRIGJ container-text text-embed\">\n<ul>\n<li><strong>La clasificaci\u00f3n internacional de enfermedades<\/strong> (ICD, en ingl\u00e9s; o CIM, en franc\u00e9s), con una lista modelo de los medicamentos esenciales que los sistemas de salud de todos los pa\u00edses deber\u00edan contar a precios accesibles.<\/li>\n<\/ul>\n<\/div>\n<div class=\"sc-80531b6b-0 chRIGJ container-text text-embed\">\n<ul>\n<li>La implementaci\u00f3n de <strong>medidas sanitarias <\/strong>en casos de epidemias, pandemias o viajes internacionales, entre otras cuestiones.<\/li>\n<\/ul>\n<\/div>\n<div class=\"sc-198be8ec-0 cynXbu image-embed  image-embed \"><picture class=\"sc-198be8ec-1 kOjRiQ\"><source media=\"(min-width: 975px)\" width=\"720\" height=\"480\" \/><img alt=\"La OMS brinda asistencia a los pa\u00edses menos avanzados.\" loading=\"lazy\" width=\"720\" height=\"480\" decoding=\"async\" data-nimg=\"1\" style=\"color:transparent\" src=\"https:\/\/13.com.ar\/wp-content\/uploads\/2025\/02\/1738772425_412_Que-es-la-OMS-y-cual-es-su-funcion-en.jpg\"\/><span class=\"epigraphe\">La OMS brinda asistencia a los pa\u00edses menos avanzados.<\/span><span class=\"bkg\"\/><span class=\"picture-open\"><button class=\"open-image\" aria-label=\"Open Image\"\/><\/span><\/picture><\/div>\n<div class=\"sc-80531b6b-0 chRIGJ container-text text-embed\">\n<ul>\n<li>La <strong>asistencia a pa\u00edses menos avanzados<\/strong> (PMA) a trav\u00e9s de campa\u00f1as de vacunaci\u00f3n, aprovisionamiento de agua potable, entre otras acciones.<\/li>\n<\/ul>\n<\/div>\n<div class=\"sc-80531b6b-0 chRIGJ container-text text-embed\">\n<ul>\n<li><strong>Campa\u00f1as de concientizaci\u00f3n<\/strong>.<\/li>\n<\/ul>\n<\/div>\n<div class=\"sc-80531b6b-0 chRIGJ container-text text-embed\">\n<p>Tambien tiene la facultad de decretar una <strong>emergencia sanitaria de preocupaci\u00f3n internacional<\/strong>, en casos de eventos extraordinarios.<\/p>\n<\/div>\n<div class=\"sc-80531b6b-0 chRIGJ container-text text-embed\">\n<p>En 2009, la instituci\u00f3n fue galardonada con el Premio Pr\u00edncipe de Asturias de Cooperaci\u00f3n Internacional.<\/p>\n<\/div>\n<div class=\"sc-80531b6b-0 chRIGJ container-text text-embed\">\n<p>Para financiar estas iniciativas, dispone de contribuciones se\u00f1aladas de los Estados Miembros (las cuotas de afiliaci\u00f3n de los pa\u00edses) y aportes voluntarios de los Estados Miembros y de otros asociados.<\/p>\n<\/div>\n<p><h2>Por qu\u00e9 decidi\u00f3 Javier Milei irse de la OMS <\/h2>\n<\/p>\n<div class=\"sc-80531b6b-0 chRIGJ container-text text-embed\">\n<p>La medida sigue el lineamiento de <strong>Donald Trump<\/strong>, presidente de Estados Unidos, y como indic\u00f3 el vocero presidencial, Manuel Adorni, se debe a las duras cr\u00edticas a la gesti\u00f3n del organismo sanitario de las Naciones Unidas durante la pandemia de coronavirus.<\/p>\n<\/div>\n<div class=\"sc-80531b6b-0 chRIGJ container-text text-embed\">\n<p> &#8220;El presidente Javier Milei instruy\u00f3 al canciller Gerardo Werthein para retirar a la Argentina de la OMS. La misma se sustenta en las profundas diferencias respecto a la gesti\u00f3n sanitaria durante la pandemia, que junto al Gobierno de Alberto Fern\u00e1ndez nos llevaron al encierro m\u00e1s grande de la humanidad&#8221;, sostuvo el portavoz.<\/p>\n<\/div>\n<\/div>\n<p><br \/>\n<br \/><a href=\"https:\/\/www.clarin.com\/internacional\/oms-funcion-mundo_0_uaz1rnHSfq.html\">Fuente Clarin.com <\/a><\/p>\n","protected":false},"excerpt":{"rendered":"<p>El presidente Javier Milei decidi\u00f3 retirar a la Argentina de la OMS; y las repercusiones se dispararon al instante, como tambi\u00e9n la inquietud sobre las funciones en el mundo que cumple la Organizaci\u00f3n Mundial de la Salud. Sobre su rol, su p\u00e1gina web explica que el organismo tiene a su cargo la gesti\u00f3n de programas [&hellip;]<\/p>\n","protected":false},"author":1,"featured_media":2222,"comment_status":"open","ping_status":"open","sticky":false,"template":"","format":"standard","meta":{"footnotes":""},"categories":[2],"tags":[373,2085,143,3325,286],"class_list":["post-2221","post","type-post","status-publish","format-standard","has-post-thumbnail","hentry","category-ultimas-noticias","tag-cual","tag-funcion","tag-mundo","tag-oms","tag-que"],"_links":{"self":[{"href":"https:\/\/13.com.ar\/index.php\/wp-json\/wp\/v2\/posts\/2221","targetHints":{"allow":["GET"]}}],"collection":[{"href":"https:\/\/13.com.ar\/index.php\/wp-json\/wp\/v2\/posts"}],"about":[{"href":"https:\/\/13.com.ar\/index.php\/wp-json\/wp\/v2\/types\/post"}],"author":[{"embeddable":true,"href":"https:\/\/13.com.ar\/index.php\/wp-json\/wp\/v2\/users\/1"}],"replies":[{"embeddable":true,"href":"https:\/\/13.com.ar\/index.php\/wp-json\/wp\/v2\/comments?post=2221"}],"version-history":[{"count":0,"href":"https:\/\/13.com.ar\/index.php\/wp-json\/wp\/v2\/posts\/2221\/revisions"}],"wp:featuredmedia":[{"embeddable":true,"href":"https:\/\/13.com.ar\/index.php\/wp-json\/wp\/v2\/media\/2222"}],"wp:attachment":[{"href":"https:\/\/13.com.ar\/index.php\/wp-json\/wp\/v2\/media?parent=2221"}],"wp:term":[{"taxonomy":"category","embeddable":true,"href":"https:\/\/13.com.ar\/index.php\/wp-json\/wp\/v2\/categories?post=2221"},{"taxonomy":"post_tag","embeddable":true,"href":"https:\/\/13.com.ar\/index.php\/wp-json\/wp\/v2\/tags?post=2221"}],"curies":[{"name":"wp","href":"https:\/\/api.w.org\/{rel}","templated":true}]}}