{"id":22182,"date":"2025-05-04T11:59:34","date_gmt":"2025-05-04T14:59:34","guid":{"rendered":"https:\/\/13.com.ar\/index.php\/asesinaron-a-un-hincha-de-atalanta-en-una-sangrienta-pelea-con-barrabravas-del-inter-de-milan\/"},"modified":"2025-05-04T11:59:34","modified_gmt":"2025-05-04T14:59:34","slug":"asesinaron-a-un-hincha-de-atalanta-en-una-sangrienta-pelea-con-barrabravas-del-inter-de-milan","status":"publish","type":"post","link":"https:\/\/13.com.ar\/index.php\/asesinaron-a-un-hincha-de-atalanta-en-una-sangrienta-pelea-con-barrabravas-del-inter-de-milan\/","title":{"rendered":"asesinaron a un hincha de Atalanta en una sangrienta pelea con barrabravas del Inter de Milan"},"content":{"rendered":"<p> <br \/>\n<br \/><img decoding=\"async\" src=\"https:\/\/13.com.ar\/wp-content\/uploads\/2025\/05\/asesinaron-a-un-hincha-de-Atalanta-en-una-sangrienta-pelea.jpg\" \/><\/p>\n<div id=\"element-body-0\">\n<p>Un hincha &#8216;ultra&#8217; del <strong>Atalanta<\/strong> fue asesinado durante la madrugada de este domingo por otro barra del <strong>Inter de Mil\u00e1n<\/strong>, tras una pelea entre dos grupos de ambas facciones que tuvo lugar en un bar de B\u00e9rgamo, al norte de Italia. La v\u00edctima, de 26 a\u00f1os, pertenec\u00eda a la &#8216;Curva Nord&#8217; del equipo bergamasco, la facci\u00f3n radical de la &#8216;Dea&#8217;, y todo apunta a que muri\u00f3 cuando otro joven, de 19 y que pertenece a los radicales interistas, le caus\u00f3 una herida mortal con un cuchillo, seg\u00fan las primeras reconstrucciones publicadas por los medios italianos.<\/p>\n<\/div>\n<div id=\"element-body-1\">\n<p>El apuntado como autor material del hecho se entreg\u00f3 a la Polic\u00eda italiana y asegur\u00f3, seg\u00fan las mencionadas fuentes, que <strong>lo hizo para defender a su hermano gemelo que estaba siendo agredido en una golpiza<\/strong>.<\/p>\n<\/div>\n<div id=\"element-body-2\">\n<p>La pelea comenz\u00f3 en un bar, provocada porque el grupo interista enton\u00f3 un c\u00e1ntico provocativo. El enfrentamiento, ya con ambos grupos armados con armas blancas y objetos pesados para lanzar, continu\u00f3 poco despu\u00e9s en una calle cercana al local y al GeWiss Stadium, donde juega el Atalanta.<\/p>\n<\/div>\n<div id=\"element-body-3\">\n<p>Las autoridades italianas encontraron en la zona poco despu\u00e9s el arma del crimen. <\/p>\n<\/div>\n<div id=\"element-body-5\">\n<p>La hinchada del Atalanta, antes del encuentro de este domingo contra el Monza, mostr\u00f3 una bandera en honor a su fan\u00e1tico asesinado.<\/p>\n<\/div>\n<p><br \/>\n<br \/><a href=\"https:\/\/www.clarin.com\/deportes\/violencia-italia-asesinaron-hincha-atalanta-sangrienta-pelea-barrabravas-inter-milan_0_U7I4vyF0Oq.html\">Fuente Clarin.com <\/a><\/p>\n","protected":false},"excerpt":{"rendered":"<p>Un hincha &#8216;ultra&#8217; del Atalanta fue asesinado durante la madrugada de este domingo por otro barra del Inter de Mil\u00e1n, tras una pelea entre dos grupos de ambas facciones que tuvo lugar en un bar de B\u00e9rgamo, al norte de Italia. La v\u00edctima, de 26 a\u00f1os, pertenec\u00eda a la &#8216;Curva Nord&#8217; del equipo bergamasco, la [&hellip;]<\/p>\n","protected":false},"author":1,"featured_media":22183,"comment_status":"open","ping_status":"open","sticky":false,"template":"","format":"standard","meta":{"footnotes":""},"categories":[2],"tags":[1146,3806,11412,18,100,1653,1292,6858,777,13117,73],"class_list":["post-22182","post","type-post","status-publish","format-standard","has-post-thumbnail","hentry","category-ultimas-noticias","tag-asesinaron","tag-atalanta","tag-barrabravas","tag-con","tag-del","tag-hincha","tag-inter","tag-milan","tag-pelea","tag-sangrienta","tag-una"],"_links":{"self":[{"href":"https:\/\/13.com.ar\/index.php\/wp-json\/wp\/v2\/posts\/22182","targetHints":{"allow":["GET"]}}],"collection":[{"href":"https:\/\/13.com.ar\/index.php\/wp-json\/wp\/v2\/posts"}],"about":[{"href":"https:\/\/13.com.ar\/index.php\/wp-json\/wp\/v2\/types\/post"}],"author":[{"embeddable":true,"href":"https:\/\/13.com.ar\/index.php\/wp-json\/wp\/v2\/users\/1"}],"replies":[{"embeddable":true,"href":"https:\/\/13.com.ar\/index.php\/wp-json\/wp\/v2\/comments?post=22182"}],"version-history":[{"count":0,"href":"https:\/\/13.com.ar\/index.php\/wp-json\/wp\/v2\/posts\/22182\/revisions"}],"wp:featuredmedia":[{"embeddable":true,"href":"https:\/\/13.com.ar\/index.php\/wp-json\/wp\/v2\/media\/22183"}],"wp:attachment":[{"href":"https:\/\/13.com.ar\/index.php\/wp-json\/wp\/v2\/media?parent=22182"}],"wp:term":[{"taxonomy":"category","embeddable":true,"href":"https:\/\/13.com.ar\/index.php\/wp-json\/wp\/v2\/categories?post=22182"},{"taxonomy":"post_tag","embeddable":true,"href":"https:\/\/13.com.ar\/index.php\/wp-json\/wp\/v2\/tags?post=22182"}],"curies":[{"name":"wp","href":"https:\/\/api.w.org\/{rel}","templated":true}]}}