{"id":22180,"date":"2025-05-04T11:47:34","date_gmt":"2025-05-04T14:47:34","guid":{"rendered":"https:\/\/13.com.ar\/index.php\/me-dijeron-prostituta-gato-colgada-de-la-fama\/"},"modified":"2025-05-04T11:47:34","modified_gmt":"2025-05-04T14:47:34","slug":"me-dijeron-prostituta-gato-colgada-de-la-fama","status":"publish","type":"post","link":"https:\/\/13.com.ar\/index.php\/me-dijeron-prostituta-gato-colgada-de-la-fama\/","title":{"rendered":"Me dijeron prostituta, gato, colgada de la fama"},"content":{"rendered":"<p> <br \/>\n<br \/><img decoding=\"async\" src=\"https:\/\/13.com.ar\/wp-content\/uploads\/2025\/05\/Me-dijeron-prostituta-gato-colgada-de-la-fama.jpg\" \/><\/p>\n<div id=\"element-body-0\">\n<p>A fines de septiembre del a\u00f1o pasado y en medio del auge del piloto de F\u00f3rmula 1, una foto de <strong>Franco Colapinto<\/strong> rodeado por<strong> Natalie P\u00e9rez, Candelaria Tinelli, Majo Martino y Morena L\u00f3pez Blanco<\/strong> se convirti\u00f3 en el centro del rumor medi\u00e1tico y de las redes sociales, desatando especulaciones sobre posibles v\u00ednculos sentimentales entre el corredor y alguna de las figuras del espect\u00e1culo.<\/p>\n<\/div>\n<div id=\"element-body-1\">\n<p>El encuentro entre el piloto y las influencers se hab\u00eda dado en <strong>Ceferino Restaurante en la ciudad de Madrid<\/strong>, una parrilla argentina ubicada en el barrio de Salamanca.<\/p>\n<\/div>\n<div id=\"element-body-2\">\n<p>A pesar del humor que le pusieron algunos con sus comentarios y aunque tanto Natalie como Majo salieron a contar que la salida no fue m\u00e1s que una casualidad que termin\u00f3 en foto, ahora <strong>P\u00e9rez revel\u00f3 que recibi\u00f3 muchas cr\u00edticas por aquellas im\u00e1genes virales.<\/strong><\/p>\n<\/div>\n<div id=\"element-body-3\">\n<p>En di\u00e1logo con Catalina Dlugi en <em>Agarrate Catalina<\/em> (La Once Diez\/ Radio de la Ciudad), Natalie explic\u00f3: \u201c<strong>Yo soy muy reservada con mi vida privada<\/strong>, no ando mostrando a nadie y creo que me conocen un novio\u201d.<\/p>\n<\/div>\n<div id=\"element-body-4\">\n<p>\u201cLo que me sorprendi\u00f3 de esa experiencia de cuando lo conoc\u00ed a\u2026 <strong>\u00bfc\u00f3mo se llama?<\/strong>\u201d, agreg\u00f3, olvidando por completo el nombre del joven.<\/p>\n<\/div>\n<div id=\"element-body-5\">\n<p>Y sigui\u00f3: \u201cPor ah\u00ed era famoso en el ambiente del automovilismo, pero tampoco es un espacio en donde yo me mueva. No conozco. Estaba en la foto en una punta, \u00e9ramos tres personas y despu\u00e9s ven\u00eda yo. Y de la nada soy la novia. Me dijeron de todo. <strong>Prostituta, gato, colgada de la fama y solo estaba en una foto<\/strong>\u201d.<\/p>\n<\/div>\n<div id=\"element-body-7\">\n<p>Adem\u00e1s, la conductora tambi\u00e9n le consult\u00f3 por el reciente episodio que ocurri\u00f3 al aire de<em> La Mesa de Mirtha<\/em> (El Trece) cuando La Chiqui la arrincon\u00f3 junto a Adri\u00e1n Suar al preguntarle si eran pareja en vivo: \u201c\u00bfUstedes salen?\u201d.<\/p>\n<\/div>\n<div id=\"element-body-8\">\n<p>\u201c<strong>No me sent\u00ed c\u00f3moda<\/strong> porque fue una mesa en donde me retaban de todos lados, pero no importa. Yo lo tomo como una gracia. Me sorprendi\u00f3, me dio gracia y dije \u2018mir\u00e1, qu\u00e9 ocurrente\u2019\u201d, explic\u00f3.<\/p>\n<\/div>\n<div id=\"element-body-9\">\n<p>\u201cComo no tengo que darle explicaciones a nadie, porque no estoy en pareja. Pero si hubiera tenido que explicarle a alguien que la se\u00f1ora se hab\u00eda confundido, <strong>quiz\u00e1s hubiera sido inc\u00f3modo.<\/strong> Yo no s\u00e9 en qu\u00e9 situaci\u00f3n sentimental est\u00e1 Adri\u00e1n y por ah\u00ed tambi\u00e9n para \u00e9l podr\u00eda haber sido poco c\u00f3modo, pero ya sabemos c\u00f3mo funciona la televisi\u00f3n y la mesa de Mirtha, que puede ser atrevida. Siempre es con humor y si la pega, la pega\u201d, sum\u00f3 Natalie.<\/p>\n<\/div>\n<div id=\"element-body-12\">\n<p>Invitada al programa <em>Feat M\u00fasica<\/em> que conduce Cris Vanad\u00eda, Natalie P\u00e9rez brind\u00f3 detalles respecto a lo que ocurri\u00f3 un mes antes, cuando conoci\u00f3 a Franco Colapinto.<\/p>\n<\/div>\n<div id=\"element-body-13\">\n<p>Respecto a c\u00f3mo lleg\u00f3 al mismo lugar donde se encontraba Franco, Natalie revel\u00f3: &#8220;Me escribe una de las chicas que es amiga m\u00eda y me dice <strong>&#8216;venite que estamos en un restaurante que abajo se arma como un bolichito&#8217;<\/strong>&#8220;.<\/p>\n<\/div>\n<div id=\"element-body-14\">\n<div class=\"sc-c2c2a3c6-1 kQhBlc videoText videoText\">\n<h2>Video<\/h2>\n<p>Natalie P\u00e9rez cont\u00f3 detalles de su encuentro con Franco Colapinto<\/p>\n<\/div>\n<\/div>\n<div id=\"element-body-15\">\n<p>En ese sentido, P\u00e9rez cont\u00f3 que su amiga le mencion\u00f3 al corredor de F\u00f3rmula 1, pero que ella desconoc\u00eda de qui\u00e9n se trataba: &#8220;Me dijo que estaba Colapinto. Y le digo <strong>&#8216;Ah, \u00bfes un DJ? \u00bfEst\u00e1 bueno?<\/strong>&#8216;&#8221;.<\/p>\n<\/div>\n<div id=\"element-body-16\">\n<p>Luego, la cantante precis\u00f3 c\u00f3mo fue la primera impresi\u00f3n que le gener\u00f3 el joven deportista: &#8220;Despu\u00e9s llegamos ah\u00ed y nos cagamos de risa. <strong>Intercambi\u00e9 cuatro palabras con \u00e9l, es simpatiqu\u00edsimo<\/strong>&#8220;.<\/p>\n<\/div>\n<div id=\"element-body-17\">\n<p>A continuaci\u00f3n, explic\u00f3 por qu\u00e9 ella no sab\u00eda qui\u00e9n era Colapinto: &#8220;Yo me fui a Espa\u00f1a el primero de septiembre y creo que \u00e9l todav\u00eda no era conocido&#8230; <strong>En un mes pas\u00f3 a ser un capo<\/strong>\u201d.<\/p>\n<\/div>\n<div id=\"element-body-19\">\n<p>&#8220;En el D\u00eda de la Madre estaba toda mi familia y me dec\u00edan <strong>\u2018Estamos viendo a tu novio\u2019<\/strong>&#8220;, confes\u00f3 respecto al chiste que le hac\u00edan sus conocidos por esa foto que se hab\u00eda hecho viral.<\/p>\n<\/div>\n<div id=\"element-body-20\">\n<p>Cris aprovech\u00f3 y le pregunt\u00f3 si tendr\u00eda algo con el deportista de 21 a\u00f1os: <strong>&#8220;\u00bfTe ves con \u00e9l?&#8221;.<\/strong><\/p>\n<\/div>\n<div id=\"element-body-21\">\n<p><strong>&#8220;Tiene 15 a\u00f1os. Me van a denunciar&#8221;<\/strong>, contest\u00f3 ella y se ri\u00f3.<\/p>\n<\/div>\n<p><br \/>\n<br \/><a href=\"https:\/\/www.clarin.com\/fama\/natalie-perez-hablo-foto-franco-colapinto-dijeron-prostituta-gato-colgada-fama_0_xA0ufwKu5R.html\">Fuente Clarin.com <\/a><\/p>\n","protected":false},"excerpt":{"rendered":"<p>A fines de septiembre del a\u00f1o pasado y en medio del auge del piloto de F\u00f3rmula 1, una foto de Franco Colapinto rodeado por Natalie P\u00e9rez, Candelaria Tinelli, Majo Martino y Morena L\u00f3pez Blanco se convirti\u00f3 en el centro del rumor medi\u00e1tico y de las redes sociales, desatando especulaciones sobre posibles v\u00ednculos sentimentales entre el [&hellip;]<\/p>\n","protected":false},"author":1,"featured_media":22181,"comment_status":"open","ping_status":"open","sticky":false,"template":"","format":"standard","meta":{"footnotes":""},"categories":[2],"tags":[16940,10021,2042,3496,16939],"class_list":["post-22180","post","type-post","status-publish","format-standard","has-post-thumbnail","hentry","category-ultimas-noticias","tag-colgada","tag-dijeron","tag-fama","tag-gato","tag-prostituta"],"_links":{"self":[{"href":"https:\/\/13.com.ar\/index.php\/wp-json\/wp\/v2\/posts\/22180","targetHints":{"allow":["GET"]}}],"collection":[{"href":"https:\/\/13.com.ar\/index.php\/wp-json\/wp\/v2\/posts"}],"about":[{"href":"https:\/\/13.com.ar\/index.php\/wp-json\/wp\/v2\/types\/post"}],"author":[{"embeddable":true,"href":"https:\/\/13.com.ar\/index.php\/wp-json\/wp\/v2\/users\/1"}],"replies":[{"embeddable":true,"href":"https:\/\/13.com.ar\/index.php\/wp-json\/wp\/v2\/comments?post=22180"}],"version-history":[{"count":0,"href":"https:\/\/13.com.ar\/index.php\/wp-json\/wp\/v2\/posts\/22180\/revisions"}],"wp:featuredmedia":[{"embeddable":true,"href":"https:\/\/13.com.ar\/index.php\/wp-json\/wp\/v2\/media\/22181"}],"wp:attachment":[{"href":"https:\/\/13.com.ar\/index.php\/wp-json\/wp\/v2\/media?parent=22180"}],"wp:term":[{"taxonomy":"category","embeddable":true,"href":"https:\/\/13.com.ar\/index.php\/wp-json\/wp\/v2\/categories?post=22180"},{"taxonomy":"post_tag","embeddable":true,"href":"https:\/\/13.com.ar\/index.php\/wp-json\/wp\/v2\/tags?post=22180"}],"curies":[{"name":"wp","href":"https:\/\/api.w.org\/{rel}","templated":true}]}}