{"id":22178,"date":"2025-05-04T11:29:50","date_gmt":"2025-05-04T14:29:50","guid":{"rendered":"https:\/\/13.com.ar\/index.php\/a-que-hora-llegan-las-lluvias-y-hasta-cuando-duraran\/"},"modified":"2025-05-04T11:29:50","modified_gmt":"2025-05-04T14:29:50","slug":"a-que-hora-llegan-las-lluvias-y-hasta-cuando-duraran","status":"publish","type":"post","link":"https:\/\/13.com.ar\/index.php\/a-que-hora-llegan-las-lluvias-y-hasta-cuando-duraran\/","title":{"rendered":"a qu\u00e9 hora llegan las lluvias y hasta cu\u00e1ndo durar\u00e1n"},"content":{"rendered":"<p> <br \/>\n<br \/><img decoding=\"async\" src=\"https:\/\/13.com.ar\/wp-content\/uploads\/2025\/05\/a-que-hora-llegan-las-lluvias-y-hasta-cuando-duraran.jpg\" \/><\/p>\n<div id=\"element-body-0\">\n<p>El fin de semana extralargo por el D\u00eda del Trabajador y el d\u00eda no laborable del viernes tuvo buen clima. Hasta ahora. Es que el Servicio Meteorol\u00f3gico (SMN) emiti\u00f3 <strong>una alerta de nivel amarillo <\/strong>por <strong>tormentas <\/strong>que afectar\u00e1n la <strong>Ciudad de Buenos Aires<\/strong>, buena parte de la Provincia y tambi\u00e9n el sur de Entre R\u00edos.<\/p>\n<\/div>\n<div id=\"element-body-1\">\n<p>Para muchos porte\u00f1os y bonaerense el fen\u00f3meno representa una noticia no solo ingrata, sino tambi\u00e9n inesperada. Es que las fuertes precipitaciones cortar\u00e1n una racha de d\u00edas primaverales <strong>(este domingo la m\u00e1xima es de 26 grados<\/strong>) que coincidieron con el receso en el que, por ejemplo, no hubo clases y no funcionaron los bancos durante cuatro d\u00edas. Muchos aprovecharon esta &#8220;segunda Semana Santa&#8221; para hacer una escapadita.<\/p>\n<\/div>\n<div id=\"element-body-2\">\n<p>Los que se quedaron y los que vuelvan durante la jornada tendr\u00e1n que tener en cuenta que <strong>esta noche el cielo promete venirse abajo<\/strong>. La previsi\u00f3n del SMN es que las tormentas ingresen a la zona del AMBA por la noche. Por eso emiti\u00f3<strong> una alerta de nivel amarillo<\/strong>.<\/p>\n<\/div>\n<div id=\"element-body-3\">\n<p>\u00bfQu\u00e9 significa esto? Que se esperan fen\u00f3menos meteorol\u00f3gicos con capacidad de da\u00f1o y riesgo de interrupci\u00f3n moment\u00e1nea de actividades cotidianas.<\/p>\n<\/div>\n<div id=\"element-body-4\">\n<p>Adem\u00e1s de la Ciudad de Buenos Aires, la advertencia oficial rige este domingo para una extensa porci\u00f3n de la Provincia (que toma desde General Pueyrred\u00f3n al sudeste hasta Pergamino en el norte) y tambi\u00e9n el sur entrerriano.<\/p>\n<\/div>\n<div id=\"element-body-6\">\n<p>Durante la madrugada del lunes 5 de mayo <strong>se espera que contin\u00faen las tormentas en la Ciudad<\/strong> y el agua seguir\u00e1 cayendo durante el d\u00eda, pero con menor intensidad. Por la ma\u00f1ana se anticipan algunos chaparrones y por la tarde algo de inestabilidad y cielo nublado.<\/p>\n<\/div>\n<div id=\"element-body-7\">\n<p>El martes ser\u00e1 un d\u00eda gris desde lo climatol\u00f3gico, pero sin lluvias y con un rango t\u00e9rmico templado: entre 17 y 23 grados.<\/p>\n<\/div>\n<div id=\"element-body-8\">\n<p>A no guardar paraguas y piloto porque se espera que <strong>el mi\u00e9rcoles por la ma\u00f1ana otra vez ingresen tormentas al AMBA<\/strong>, lo que ser\u00eda seg\u00fan el pron\u00f3stico oficial las \u00faltimas precipitaciones de la semana.<\/p>\n<\/div>\n<div id=\"element-body-9\">\n<p>Luego, al menos hasta el s\u00e1bado, habr\u00e1 alg\u00fan que otro d\u00eda soleado con m\u00e1ximas que rondar\u00e1n entre los 21 y 23 grados y m\u00ednimas que no bajar\u00e1n m\u00e1s que los 15.<\/p>\n<\/div>\n<p><br \/>\n<br \/><a href=\"https:\/\/www.clarin.com\/sociedad\/alerta-amarilla-fuertes-tormentas-ciudad-buenos-aires-hora-llegan-lluvias-duraran_0_TlxTaypLdp.html\">Fuente Clarin.com <\/a><\/p>\n","protected":false},"excerpt":{"rendered":"<p>El fin de semana extralargo por el D\u00eda del Trabajador y el d\u00eda no laborable del viernes tuvo buen clima. Hasta ahora. Es que el Servicio Meteorol\u00f3gico (SMN) emiti\u00f3 una alerta de nivel amarillo por tormentas que afectar\u00e1n la Ciudad de Buenos Aires, buena parte de la Provincia y tambi\u00e9n el sur de Entre R\u00edos. [&hellip;]<\/p>\n","protected":false},"author":1,"featured_media":22179,"comment_status":"open","ping_status":"open","sticky":false,"template":"","format":"standard","meta":{"footnotes":""},"categories":[2],"tags":[677,16938,476,713,48,4533,1206,286],"class_list":["post-22178","post","type-post","status-publish","format-standard","has-post-thumbnail","hentry","category-ultimas-noticias","tag-cuando","tag-duraran","tag-hasta","tag-hora","tag-las","tag-llegan","tag-lluvias","tag-que"],"_links":{"self":[{"href":"https:\/\/13.com.ar\/index.php\/wp-json\/wp\/v2\/posts\/22178","targetHints":{"allow":["GET"]}}],"collection":[{"href":"https:\/\/13.com.ar\/index.php\/wp-json\/wp\/v2\/posts"}],"about":[{"href":"https:\/\/13.com.ar\/index.php\/wp-json\/wp\/v2\/types\/post"}],"author":[{"embeddable":true,"href":"https:\/\/13.com.ar\/index.php\/wp-json\/wp\/v2\/users\/1"}],"replies":[{"embeddable":true,"href":"https:\/\/13.com.ar\/index.php\/wp-json\/wp\/v2\/comments?post=22178"}],"version-history":[{"count":0,"href":"https:\/\/13.com.ar\/index.php\/wp-json\/wp\/v2\/posts\/22178\/revisions"}],"wp:featuredmedia":[{"embeddable":true,"href":"https:\/\/13.com.ar\/index.php\/wp-json\/wp\/v2\/media\/22179"}],"wp:attachment":[{"href":"https:\/\/13.com.ar\/index.php\/wp-json\/wp\/v2\/media?parent=22178"}],"wp:term":[{"taxonomy":"category","embeddable":true,"href":"https:\/\/13.com.ar\/index.php\/wp-json\/wp\/v2\/categories?post=22178"},{"taxonomy":"post_tag","embeddable":true,"href":"https:\/\/13.com.ar\/index.php\/wp-json\/wp\/v2\/tags?post=22178"}],"curies":[{"name":"wp","href":"https:\/\/api.w.org\/{rel}","templated":true}]}}