{"id":22176,"date":"2025-05-04T11:17:47","date_gmt":"2025-05-04T14:17:47","guid":{"rendered":"https:\/\/13.com.ar\/index.php\/scaloni-aimar-y-el-cuerpo-tecnico-de-la-seleccion-argentina-a-pleno-en-el-desafio-rio-pinto-la-carrera-de-mountain-bike-mas-grande-de-latinoamerica\/"},"modified":"2025-05-04T11:17:47","modified_gmt":"2025-05-04T14:17:47","slug":"scaloni-aimar-y-el-cuerpo-tecnico-de-la-seleccion-argentina-a-pleno-en-el-desafio-rio-pinto-la-carrera-de-mountain-bike-mas-grande-de-latinoamerica","status":"publish","type":"post","link":"https:\/\/13.com.ar\/index.php\/scaloni-aimar-y-el-cuerpo-tecnico-de-la-seleccion-argentina-a-pleno-en-el-desafio-rio-pinto-la-carrera-de-mountain-bike-mas-grande-de-latinoamerica\/","title":{"rendered":"Scaloni, Aimar y el cuerpo t\u00e9cnico de la Selecci\u00f3n Argentina, a pleno en el Desaf\u00edo R\u00edo Pinto, la carrera de Mountain Bike m\u00e1s grande de Latinoam\u00e9rica"},"content":{"rendered":"<p> <br \/>\n<br \/><img decoding=\"async\" src=\"https:\/\/13.com.ar\/wp-content\/uploads\/2025\/05\/Scaloni-Aimar-y-el-cuerpo-tecnico-de-la-Seleccion-Argentina.jpg\" \/><\/p>\n<div id=\"element-body-0\">\n<p>Con el n\u00famero 1440 y en la categor\u00eda &#8220;profesional&#8221;, <strong>Lionel Scaloni<\/strong>, junto a <strong>Pablo Aimar <\/strong>y el resto de los integrantes del cuerpo t\u00e9cnico de la <strong>Selecci\u00f3n Argentina<\/strong>, participaban este domingo del Desaf\u00edo R\u00edo Pinto, la carrera de Mountain Bike m\u00e1s grande de Latinoam\u00e9rica y que se disputa por el valle de Punilla, en C\u00f3rdoba. El DT campe\u00f3n del mundo, se sabe, es un apasionado por el ciclismo y sum\u00f3 un nuevo nivel al aceptar la invitaci\u00f3n para esta prestigiosa competencia.<\/p>\n<\/div>\n<div id=\"element-body-1\">\n<p>Seg\u00fan pudo observarse en varios videos de la previa a la largada, a Scaloni se lo not\u00f3 muy concentrado. Evidentemente, lo meticuloso y met\u00f3dico no solo lo aplica al f\u00fatbol, sino tambi\u00e9n a su otra pasi\u00f3n. A bordo de su bicicleta, el nacido en Pujato cant\u00f3 el Himno Nacional y hasta se anim\u00f3 a darle un mensaje al resto de los m\u00e1s de 5.000 competidores inscriptos.<\/p>\n<\/div>\n<div id=\"element-body-2\">\n<blockquote class=\"twitter-tweet\">\n<p lang=\"es\" dir=\"ltr\">El himno argentino, siempre con pasi\u00f3n: Lionel Scaloni y Pablo Aimar presentes en el Desaf\u00edo del R\u00edo Pinto, la carrera de mountain bike m\u00e1s importante del pa\u00eds, que se realiza en el Valle de Punilla, C\u00f3rdoba. <a rel=\"nofollow\" target=\"_blank\" href=\"https:\/\/t.co\/62ZYM9EmTn\">pic.twitter.com\/62ZYM9EmTn<\/a><\/p>\n<p>\u2014 SportsCenter (@SC_ESPN) <a rel=\"nofollow\" target=\"_blank\" href=\"https:\/\/twitter.com\/SC_ESPN\/status\/1919004959510606052?ref_src=twsrc%5Etfw\">May 4, 2025<\/a><\/p><\/blockquote>\n<\/div>\n<div id=\"element-body-3\">\n<p><strong>&#8220;Vamos a disfrutar de la carrera. Gracias por la invitaci\u00f3n&#8221;<\/strong>, asegur\u00f3 cuando el presentador lo llen\u00f3 de elogios mientras agitaba una bandera argentina y le acerc\u00f3 el micr\u00f3fono.<\/p>\n<\/div>\n<div id=\"element-body-4\">\n<p>Adem\u00e1s de Scaloni se pudo ver a Aimar, <strong>Roberto Ayala<\/strong>, <strong>Walter Samuel<\/strong>, <strong>Mat\u00edas Manna<\/strong>, <strong>Luis Mart\u00edn <\/strong>y <strong>Mart\u00edn Tocalli<\/strong>, el resto de la plana mayor del cuerpo t\u00e9cnico de la Albiceleste, con el objetivo de pedalear los exigentes <strong>85 kil\u00f3metros del circuito serrano<\/strong>.<\/p>\n<\/div>\n<div id=\"element-body-5\">\n<p>La competencia, que parte y finaliza en el Aero Club de La Cumbre, atraviesa caminos de ripio, subidas pronunciadas y paisajes imponentes, por lo que representa una prueba de resistencia, destreza y estrategia.<\/p>\n<\/div>\n<div id=\"element-body-6\">\n<blockquote class=\"twitter-tweet\">\n<p lang=\"es\" dir=\"ltr\">&#8220;A DISFRUTAR DE LA CARRERA, GRACIAS POR LA INVITACI\u00d3N. \u00a1VAMOS CON TODO!&#8221;, el mensaje de Lionel Scaloni previo a la largada en el Desaf\u00edo del R\u00edo Pinto. <a rel=\"nofollow\" target=\"_blank\" href=\"https:\/\/t.co\/n2VqiN5kbL\">pic.twitter.com\/n2VqiN5kbL<\/a><\/p>\n<p>\u2014 SportsCenter (@SC_ESPN) <a rel=\"nofollow\" target=\"_blank\" href=\"https:\/\/twitter.com\/SC_ESPN\/status\/1919008648652595363?ref_src=twsrc%5Etfw\">May 4, 2025<\/a><\/p><\/blockquote>\n<\/div>\n<div id=\"element-body-7\">\n<p><em>&#8220;Desde que dej\u00e9 el f\u00fatbol me apasiona la bicicleta y cada d\u00eda ruedo una hora y media, aunque m\u00e1s en bici de monta\u00f1a m\u00e1s que en la de carretera&#8221;<\/em>, explic\u00f3 en 2023 sobre c\u00f3mo surgi\u00f3 su v\u00ednculo con el ciclismo.<\/p>\n<\/div>\n<div id=\"element-body-8\">\n<p>Scaloni viene de participar en la prestigiosa Mallorca 312, en la prueba de 167 kil\u00f3metros que se corre en la ciudad de Espa\u00f1a donde el campe\u00f3n del mundo reside junto a su mujer y sus dos hijos.<\/p>\n<\/div>\n<div id=\"element-body-9\">\n<p>El DT campe\u00f3n del mundo qued\u00f3 en el puesto 17 de 3234 competidores con un tiempo de <strong>4 horas 54 minutos y 11 segundos<\/strong>.<\/p>\n<\/div>\n<div id=\"element-body-10\">\n<p>Adem\u00e1s, en noviembre pasado, estuvo en los 110K del Gran Fondo 7 Lagos, entre San Mart\u00edn de los Andes y Villa La Angostura.<\/p>\n<\/div>\n<p><script async src=\"\/\/platform.twitter.com\/widgets.js\" charset=\"utf-8\"><\/script><br \/>\n<br \/><br \/>\n<br \/><a href=\"https:\/\/www.clarin.com\/deportes\/scaloni-aimar-cuerpo-tecnico-seleccion-argentina-pleno-desafio-rio-pinto-carrera-mountain-bike-grande-latinoamerica_0_RocgYKOdle.html\">Fuente Clarin.com <\/a><\/p>\n","protected":false},"excerpt":{"rendered":"<p>Con el n\u00famero 1440 y en la categor\u00eda &#8220;profesional&#8221;, Lionel Scaloni, junto a Pablo Aimar y el resto de los integrantes del cuerpo t\u00e9cnico de la Selecci\u00f3n Argentina, participaban este domingo del Desaf\u00edo R\u00edo Pinto, la carrera de Mountain Bike m\u00e1s grande de Latinoam\u00e9rica y que se disputa por el valle de Punilla, en C\u00f3rdoba. [&hellip;]<\/p>\n","protected":false},"author":1,"featured_media":22177,"comment_status":"open","ping_status":"open","sticky":false,"template":"","format":"standard","meta":{"footnotes":""},"categories":[2],"tags":[16935,288,16937,604,2902,559,156,2580,155,16936,7494,2247,2344,8438,2703,12732],"class_list":["post-22176","post","type-post","status-publish","format-standard","has-post-thumbnail","hentry","category-ultimas-noticias","tag-aimar","tag-argentina","tag-bike","tag-carrera","tag-cuerpo","tag-desafio","tag-grande","tag-latinoamerica","tag-mas","tag-mountain","tag-pinto","tag-pleno","tag-rio","tag-scaloni","tag-seleccion","tag-tecnico"],"_links":{"self":[{"href":"https:\/\/13.com.ar\/index.php\/wp-json\/wp\/v2\/posts\/22176","targetHints":{"allow":["GET"]}}],"collection":[{"href":"https:\/\/13.com.ar\/index.php\/wp-json\/wp\/v2\/posts"}],"about":[{"href":"https:\/\/13.com.ar\/index.php\/wp-json\/wp\/v2\/types\/post"}],"author":[{"embeddable":true,"href":"https:\/\/13.com.ar\/index.php\/wp-json\/wp\/v2\/users\/1"}],"replies":[{"embeddable":true,"href":"https:\/\/13.com.ar\/index.php\/wp-json\/wp\/v2\/comments?post=22176"}],"version-history":[{"count":0,"href":"https:\/\/13.com.ar\/index.php\/wp-json\/wp\/v2\/posts\/22176\/revisions"}],"wp:featuredmedia":[{"embeddable":true,"href":"https:\/\/13.com.ar\/index.php\/wp-json\/wp\/v2\/media\/22177"}],"wp:attachment":[{"href":"https:\/\/13.com.ar\/index.php\/wp-json\/wp\/v2\/media?parent=22176"}],"wp:term":[{"taxonomy":"category","embeddable":true,"href":"https:\/\/13.com.ar\/index.php\/wp-json\/wp\/v2\/categories?post=22176"},{"taxonomy":"post_tag","embeddable":true,"href":"https:\/\/13.com.ar\/index.php\/wp-json\/wp\/v2\/tags?post=22176"}],"curies":[{"name":"wp","href":"https:\/\/api.w.org\/{rel}","templated":true}]}}