{"id":22174,"date":"2025-05-04T10:59:34","date_gmt":"2025-05-04T13:59:34","guid":{"rendered":"https:\/\/13.com.ar\/index.php\/lospenatto-dice-que-santoro-no-representa-a-los-votantes-portenos-porque-no-quieren-el-modelo-de-conurbano-kirchnerista\/"},"modified":"2025-05-04T10:59:34","modified_gmt":"2025-05-04T13:59:34","slug":"lospenatto-dice-que-santoro-no-representa-a-los-votantes-portenos-porque-no-quieren-el-modelo-de-conurbano-kirchnerista","status":"publish","type":"post","link":"https:\/\/13.com.ar\/index.php\/lospenatto-dice-que-santoro-no-representa-a-los-votantes-portenos-porque-no-quieren-el-modelo-de-conurbano-kirchnerista\/","title":{"rendered":"Lospenatto dice que Santoro no representa a los votantes porte\u00f1os porque no quieren &#8220;el modelo de conurbano kirchnerista&#8221;"},"content":{"rendered":"<p> <br \/>\n<br \/><img decoding=\"async\" src=\"https:\/\/13.com.ar\/wp-content\/uploads\/2025\/05\/Lospenatto-dice-que-Santoro-no-representa-a-los-votantes-portenos.jpg\" \/><\/p>\n<p>S\u00e1b. 03.05.2025-15:48<\/p>\n<p><h2>Guillermo Francos, optimista de cara a las elecciones: \u201cLa gente va a pensar si tiene que apoyar o no a Milei\u201d<\/h2>\n<\/p>\n<div>\n<p>El jefe de Gabinete, Guillermo Francos, se mostr\u00f3 confiado respecto a las pr\u00f3ximas elecciones legislativas y plante\u00f3 que lo que estar\u00e1 en discusi\u00f3n es el apoyo al proyecto que encabeza Javier Milei a nivel nacional.<\/p>\n<\/div>\n<div>\n<p>\u201cCuando se trata de una elecci\u00f3n nacional, cuando se eligen senadores y diputados nacionales, la gente lo que va a ver es \u2018\u00bftengo que apoyar al presidente Milei, o no tengo que apoyar al presidente Milei?\u2019. As\u00ed se va a dividir el universo. Ah\u00ed no va a ser ni Pro, ni radicalismo, ni Coalici\u00f3n C\u00edvica, ni justicialismo, kirchnerismo, Uni\u00f3n por la Patria o como se llame\u201d, afirm\u00f3 Francos en una entrevista con Radio Mitre.<\/p>\n<\/div>\n<div>\n<p>\u201cAh\u00ed va a ser \u2018quiero apoyarlo o no quiero apoyarlo a Milei\u2019. Las reformas que viene haciendo Milei hasta ahora \u00bfson buenas como para seguir apoy\u00e1ndolo? Por eso nosotros estamos muy seguros de que vamos a ganar la elecci\u00f3n de octubre. Porque la seguridad con la que el Gobierno ha encarado esta etapa, y el esfuerzo que estamos haciendo en conjunto con el pueblo argentino, est\u00e1 dando frutos. Y la gente lo entiende bien\u201d, agreg\u00f3 el funcionario.<\/p>\n<\/div>\n<p><br \/>\n<br \/><a href=\"https:\/\/www.clarin.com\/politica\/elecciones-2025-argentina-vivo-lospenatto-dice-santoro-representa-votantes-portenos-quieren-modelo-conurbano-kirchnerista_0_YSj4MeGa8W.html\">Fuente Clarin.com <\/a><\/p>\n","protected":false},"excerpt":{"rendered":"<p>S\u00e1b. 03.05.2025-15:48 Guillermo Francos, optimista de cara a las elecciones: \u201cLa gente va a pensar si tiene que apoyar o no a Milei\u201d El jefe de Gabinete, Guillermo Francos, se mostr\u00f3 confiado respecto a las pr\u00f3ximas elecciones legislativas y plante\u00f3 que lo que estar\u00e1 en discusi\u00f3n es el apoyo al proyecto que encabeza Javier Milei [&hellip;]<\/p>\n","protected":false},"author":1,"featured_media":22175,"comment_status":"open","ping_status":"open","sticky":false,"template":"","format":"standard","meta":{"footnotes":""},"categories":[2],"tags":[2517,655,2411,28,16933,844,1624,1113,585,13633,12491,16934],"class_list":["post-22174","post","type-post","status-publish","format-standard","has-post-thumbnail","hentry","category-ultimas-noticias","tag-conurbano","tag-dice","tag-kirchnerista","tag-los","tag-lospenatto","tag-modelo","tag-porque","tag-portenos","tag-quieren","tag-representa","tag-santoro","tag-votantes"],"_links":{"self":[{"href":"https:\/\/13.com.ar\/index.php\/wp-json\/wp\/v2\/posts\/22174","targetHints":{"allow":["GET"]}}],"collection":[{"href":"https:\/\/13.com.ar\/index.php\/wp-json\/wp\/v2\/posts"}],"about":[{"href":"https:\/\/13.com.ar\/index.php\/wp-json\/wp\/v2\/types\/post"}],"author":[{"embeddable":true,"href":"https:\/\/13.com.ar\/index.php\/wp-json\/wp\/v2\/users\/1"}],"replies":[{"embeddable":true,"href":"https:\/\/13.com.ar\/index.php\/wp-json\/wp\/v2\/comments?post=22174"}],"version-history":[{"count":0,"href":"https:\/\/13.com.ar\/index.php\/wp-json\/wp\/v2\/posts\/22174\/revisions"}],"wp:featuredmedia":[{"embeddable":true,"href":"https:\/\/13.com.ar\/index.php\/wp-json\/wp\/v2\/media\/22175"}],"wp:attachment":[{"href":"https:\/\/13.com.ar\/index.php\/wp-json\/wp\/v2\/media?parent=22174"}],"wp:term":[{"taxonomy":"category","embeddable":true,"href":"https:\/\/13.com.ar\/index.php\/wp-json\/wp\/v2\/categories?post=22174"},{"taxonomy":"post_tag","embeddable":true,"href":"https:\/\/13.com.ar\/index.php\/wp-json\/wp\/v2\/tags?post=22174"}],"curies":[{"name":"wp","href":"https:\/\/api.w.org\/{rel}","templated":true}]}}