{"id":22168,"date":"2025-05-04T10:35:32","date_gmt":"2025-05-04T13:35:32","guid":{"rendered":"https:\/\/13.com.ar\/index.php\/los-candidatos-el-silencioso-juego-de-los-conservadores-y-el-tapado-que-podria-dar-el-sorpresa\/"},"modified":"2025-05-04T10:35:32","modified_gmt":"2025-05-04T13:35:32","slug":"los-candidatos-el-silencioso-juego-de-los-conservadores-y-el-tapado-que-podria-dar-el-sorpresa","status":"publish","type":"post","link":"https:\/\/13.com.ar\/index.php\/los-candidatos-el-silencioso-juego-de-los-conservadores-y-el-tapado-que-podria-dar-el-sorpresa\/","title":{"rendered":"los candidatos, el silencioso juego de los conservadores y el tapado que podr\u00eda dar el sorpresa"},"content":{"rendered":"<p> <br \/>\n<\/p>\n<div id=\"cuerpo\">\n<div class=\"sc-80531b6b-0 chRIGJ container-text text-embed\" id=\"element-body-0\">\n<p>Hoy domingo no hay congregaci\u00f3n de cardenales. Por eso este lunes<strong> los encuentros ser\u00e1n dos<\/strong>, a la ma\u00f1ana y por la tarde. El mi\u00e9rcoles comienza el <strong>C\u00f3nclave<\/strong> que debe elegir al <strong>nuevo Papa<\/strong>. Ha comenzado la llamada <strong>\u201cfase previa\u201d<\/strong> y un hecho simb\u00f3lico lo da el comienzo: ayer cinco bomberos colocaron en su lugar, en el techo de la Capilla Sixtina<strong>, la chimenea que quemar\u00e1 los votos e indicar\u00e1 si fue elegido (fumata color blanco) <\/strong>o si el resultado fue negativo (la fumata negra), que es el \u00fanico contacto de los cardenales con el exterior.<\/p>\n<\/div>\n<div class=\"sc-80531b6b-0 chRIGJ container-text text-embed\" id=\"element-body-1\">\n<p>La fase previa recalienta el clima que se vive en el Vaticano, pero que hoy estar\u00e1 dispersado por los cardenales que ir\u00e1n a decir misa en las iglesias de Roma a las que pertenecen desde que fueron creados por el Papa. <\/p>\n<\/div>\n<div class=\"sc-80531b6b-0 chRIGJ container-text text-embed\" id=\"element-body-2\">\n<p>Habr\u00e1 <strong>muchos encuentros discretos o abiertos<\/strong> en aquellos que quieren enterarse de hacia donde est\u00e1n yendo las cosas. Es <strong>un d\u00eda de evaluaciones y tantos rumores<\/strong>. Se est\u00e1 entrando de lleno en el nervioso clima del C\u00f3nclave.<\/p>\n<\/div>\n<p><h2>Los cardenales, distribuidos por Roma<\/h2>\n<\/p>\n<div class=\"sc-80531b6b-0 chRIGJ container-text text-embed\" id=\"element-body-4\">\n<p>Como a cada cardenal de los 133 electores convocados para votar el Papa le asigno una Iglesia de Roma, una buena parte de los purpurados ha preferido<strong> ir a dar misa en su parroquia romana<\/strong>.<\/p>\n<\/div>\n<div class=\"sc-80531b6b-0 chRIGJ container-text text-embed\" id=\"element-body-5\">\n<p>Otros, en cambio, han aceptado invitaciones a comer o circulan por el centro de Roma que no conocen o han visto poco. Otros peregrinan por los lugares sagrados de los tantos que hay en Roma Caput Mundi.<\/p>\n<\/div>\n<div class=\"sc-98b114a2-0 bkqiHH image-embed  image-embed \" id=\"element-body-6\"><picture class=\"sc-98b114a2-1 jRUlDm\"><source media=\"(min-width: 975px)\" width=\"720\" height=\"480\" \/><img alt=\"Los cardenales Luis Antonio Tagle, Jose Advincula, y Pablo Virgilio David, este domingo, en la previa del C\u00f3nclave. Foto: Reuters\" loading=\"lazy\" width=\"720\" height=\"480\" decoding=\"async\" data-nimg=\"1\" style=\"color:transparent\" src=\"https:\/\/13.com.ar\/wp-content\/uploads\/2025\/05\/los-candidatos-el-silencioso-juego-de-los-conservadores-y-el.jpg\"\/><span class=\"epigraphe\">Los cardenales Luis Antonio Tagle, Jose Advincula, y Pablo Virgilio David, este domingo, en la previa del C\u00f3nclave. Foto: Reuters<\/span><span class=\"picture-open\"><button class=\"open-image\" aria-label=\"Open Image\"\/><\/span><\/picture><\/div>\n<div class=\"sc-80531b6b-0 chRIGJ container-text text-embed\" id=\"element-body-7\">\n<p>Muchos deben tener la cabeza confusa y necesitan desintoxicarse. En el fondo se hacen la misma pregunta:<strong> \u00bfPor qui\u00e9n votar?<\/strong> \u00bfQu\u00e9 est\u00e1 pasando?<\/p>\n<\/div>\n<div class=\"sc-80531b6b-0 chRIGJ container-text text-embed\" id=\"element-body-8\">\n<p>En ocho congregaciones ya celebradas en el aula del S\u00ednodo, en el Vaticano, con la participaci\u00f3n de los cardenales mayores de 80 a\u00f1os junto con los electores m\u00e1s j\u00f3venes que votar\u00e1n en el C\u00f3nclave,<strong> son dos y solo dos los candidatos claros<\/strong>.<\/p>\n<\/div>\n<div class=\"sc-80531b6b-0 chRIGJ container-text text-embed\" id=\"element-body-9\">\n<p>El principal es el que era Secretario de Estado, una especie de primer ministro, de la Curia Romana,<strong> Pietro Parolin<\/strong>, 70 a\u00f1os, hasta que la muerte del Papa declar\u00f3 la sede vacante y todos son \u201cex\u201d. Hoy el cardenal camarlengo, Kevin Farrell, es el administrador.<\/p>\n<\/div>\n<div class=\"sc-98b114a2-0 bkqiHH image-embed  image-embed \" id=\"element-body-10\"><picture class=\"sc-98b114a2-1 jRUlDm\"><source media=\"(min-width: 975px)\" width=\"720\" height=\"480\" \/><img alt=\"Pietro Parolin, uno de los mayores candidatos a suceder al papa Francisco. Foto: EFE\" loading=\"lazy\" width=\"720\" height=\"480\" decoding=\"async\" data-nimg=\"1\" style=\"color:transparent\" src=\"https:\/\/13.com.ar\/wp-content\/uploads\/2025\/05\/1746365732_545_los-candidatos-el-silencioso-juego-de-los-conservadores-y-el.jpg\"\/><span class=\"epigraphe\">Pietro Parolin, uno de los mayores candidatos a suceder al papa Francisco. Foto: EFE<\/span><span class=\"picture-open\"><button class=\"open-image\" aria-label=\"Open Image\"\/><\/span><\/picture><\/div>\n<div class=\"sc-80531b6b-0 chRIGJ container-text text-embed\" id=\"element-body-11\">\n<p>Parolin es pr\u00e1cticamente el \u00fanico que conoce a todos los cardenales, incluso a los \u00faltimos 108, que son muchos, nombrados por Jorge Bergoglio. <strong>Nunca hubo un C\u00f3nclave tan poblado<\/strong>. Las versiones se\u00f1alan que cuenta con un paquete posible de sufragios de entre 30 y 50 votos.<strong> Su candidatura no ha sido proclamada, pero tampoco negada por el interesado<\/strong>.<\/p>\n<\/div>\n<div class=\"sc-80531b6b-0 chRIGJ container-text text-embed\" id=\"element-body-12\">\n<p>Como el qu\u00f3rum de dos tercios es de 89 votos, Parolin necesita refuerzos en la Capilla Sixtina.<\/p>\n<\/div>\n<div class=\"sc-80531b6b-0 chRIGJ container-text text-embed\" id=\"element-body-13\">\n<p>Para hacer m\u00e1s tenso el clima en torno a su candidatura, se difundi\u00f3 la noticia de que hab\u00eda <strong>sufrido un desmayo hace tres d\u00edas<\/strong>, al final de una de las congregaciones, porque Parolin es el decano del Consejo del Consejo de Cardenales, pues los dos titulares, R\u00e9 y Sandri, tienen los 80 cumplidos, y no pueden entrar en el C\u00f3nclave.<\/p>\n<\/div>\n<div class=\"sc-80531b6b-0 chRIGJ container-text text-embed\" id=\"element-body-14\">\n<p>La noticia caus\u00f3 sensaci\u00f3n y mucha confusi\u00f3n. El Vaticano neg\u00f3 la versi\u00f3n de una ataque de presi\u00f3n. Un cardenal colombiano dijo que hab\u00eda visto a Parolin y \u201cestaba bien\u201d. Pero hasta ahora no se lo ve al candidato y los rumores persisten.<\/p>\n<\/div>\n<p><h2>El segundo nominado en la previa del C\u00f3nclave<\/h2>\n<\/p>\n<div class=\"sc-80531b6b-0 chRIGJ container-text text-embed\" id=\"element-body-16\">\n<p>El otro candidato es el \u00fanico \u201cnominado\u201d; <strong>cardenal Mario Grech<\/strong>, de 69 a\u00f1os, arzobispo de Malta, presentado a los purpurados por el cardenal arzobispo de Luxemburgo Jean Claude Hollerich (70), quien es la principal figura que lleva adelante el proceso sinodal creado por el Papa Bergoglio. <strong>Grech es el secretario general del Sinodo de Obispos<\/strong>.<\/p>\n<\/div>\n<div class=\"sc-98b114a2-0 bkqiHH image-embed  image-embed \" id=\"element-body-17\"><picture class=\"sc-98b114a2-1 jRUlDm\"><source media=\"(min-width: 975px)\" width=\"720\" height=\"480\" \/><img alt=\"El cardenal Mario Grech, considerado uno de los principales candidatos en la previa del C\u00f3nclave. Foto: AP\" loading=\"lazy\" width=\"720\" height=\"480\" decoding=\"async\" data-nimg=\"1\" style=\"color:transparent\" src=\"https:\/\/13.com.ar\/wp-content\/uploads\/2025\/05\/1746365732_979_los-candidatos-el-silencioso-juego-de-los-conservadores-y-el.jpg\"\/><span class=\"epigraphe\">El cardenal Mario Grech, considerado uno de los principales candidatos en la previa del C\u00f3nclave. Foto: AP<\/span><span class=\"picture-open\"><button class=\"open-image\" aria-label=\"Open Image\"\/><\/span><\/picture><\/div>\n<div class=\"sc-80531b6b-0 chRIGJ container-text text-embed\" id=\"element-body-18\">\n<p>El Patriarca latino de Jerusal\u00e9n, cardenal Pierbattista Pizzaballa, trasmiti\u00f3 <strong>su simpat\u00eda por la figura de Grech<\/strong>, pero en varios ambientes, Pizzabballa es considerado \u00e9l mismo un buen candidato. En primer lugar, muchos de los nuevos cardenales lo conocen porque han viajado a Jerusal\u00e9n y han sido bien recibidos por el Patriarca. <strong>Entre los progresistas esta muy bien considerado<\/strong>.<\/p>\n<\/div>\n<div class=\"sc-80531b6b-0 chRIGJ container-text text-embed\" id=\"element-body-19\">\n<p>Los progresistas defienden el proceso sinodal de ampliaci\u00f3n de la gesti\u00f3n en la Iglesia tambi\u00e9n a los laicos y a las mujeres en particular. Una parte de los obispos han puesto el grito en el cielo. La candidatura del cardenal Grech tiene una clara orientaci\u00f3n progresista.<\/p>\n<\/div>\n<div class=\"sc-80531b6b-0 chRIGJ container-text text-embed\" id=\"element-body-20\">\n<p><strong>M\u00e1s alla de Parolin y Grech, lo dem\u00e1s son especulaciones.<\/strong><\/p>\n<\/div>\n<div class=\"sc-98b114a2-0 bkqiHH image-embed  image-embed \" id=\"element-body-21\"><picture class=\"sc-98b114a2-1 jRUlDm\"><source media=\"(min-width: 975px)\" width=\"720\" height=\"480\" \/><img alt=\"El mi\u00e9rcoles se har\u00e1 la primera votaci\u00f3n para conocer al nuevo papa. Foto: EFE\" loading=\"lazy\" width=\"720\" height=\"480\" decoding=\"async\" data-nimg=\"1\" style=\"color:transparent\" src=\"https:\/\/13.com.ar\/wp-content\/uploads\/2025\/05\/1746365732_485_los-candidatos-el-silencioso-juego-de-los-conservadores-y-el.jpg\"\/><span class=\"epigraphe\">El mi\u00e9rcoles se har\u00e1 la primera votaci\u00f3n para conocer al nuevo papa. Foto: EFE<\/span><span class=\"picture-open\"><button class=\"open-image\" aria-label=\"Open Image\"\/><\/span><\/picture><\/div>\n<div class=\"sc-80531b6b-0 chRIGJ container-text text-embed\" id=\"element-body-22\">\n<p>Se esperaba un candidato conservador, pero el \u00fanico que figur\u00f3 en las primeras ocho congregaciones no era oficial. El cardenal h\u00fangaro <strong>Peter Erdo<\/strong>, 70 a\u00f1os, fue mencionado pero no oficializado.<\/p>\n<\/div>\n<p><h2>La silenciosa estrategia de los conservadores<\/h2>\n<\/p>\n<div class=\"sc-80531b6b-0 chRIGJ container-text text-embed\" id=\"element-body-24\">\n<p>Las especulaciones van por otros lados. Hasta ahora los grupos conservadores no han anunciado candidatos o posibles candidatos. Esto responde a una clara estrategia. El principal conservador de peso en el C\u00f3nclave es el cardenal norteamericano <strong>Timothy Dolan<\/strong>, arzobispo de Nueva Yor, muy amigo de Donald Trump.<\/p>\n<\/div>\n<div class=\"sc-80531b6b-0 chRIGJ container-text text-embed\" id=\"element-body-25\">\n<p>Dalton afront\u00f3 el c\u00f3nclave de marzo de 2013 criticando abiertamente al m\u00e1s fuerte grupo nacional los italianos. El papado de Benedicto XVI, Joseph Ratzinger fue sometido a una terrible prueba con la ola de esc\u00e1ndalos de corrupci\u00f3n en la Curia Romana.<\/p>\n<\/div>\n<div class=\"sc-98b114a2-0 bkqiHH image-embed  image-embed \" id=\"element-body-26\"><picture class=\"sc-98b114a2-1 jRUlDm\"><source media=\"(min-width: 975px)\" width=\"720\" height=\"480\" \/><img alt=\"El cardenal Timothy Dolan, al salir de misa en la parroquia Nuestra Se\u00f1ora de Guadalupe, en Monte Mario. Foto: Reuters\" loading=\"lazy\" width=\"720\" height=\"480\" decoding=\"async\" data-nimg=\"1\" style=\"color:transparent\" src=\"https:\/\/13.com.ar\/wp-content\/uploads\/2025\/05\/1746365732_828_los-candidatos-el-silencioso-juego-de-los-conservadores-y-el.jpg\"\/><span class=\"epigraphe\">El cardenal Timothy Dolan, al salir de misa en la parroquia Nuestra Se\u00f1ora de Guadalupe, en Monte Mario. Foto: Reuters<\/span><span class=\"picture-open\"><button class=\"open-image\" aria-label=\"Open Image\"\/><\/span><\/picture><\/div>\n<div class=\"sc-80531b6b-0 chRIGJ container-text text-embed\" id=\"element-body-27\">\n<p>Timothy Dolan ayud\u00f3 a elegir la alternativa, el argentino Jorge Bergoglio,<strong> del que se distanci\u00f3 despu\u00e9s desde su perspectiva conservadora<\/strong>. Desde hace cuatro a\u00f1os env\u00eda libros y otros materiales del mismo talante a los cardenales. No se sabe si ha tomado otras iniciativas con los purpurados m\u00e1s j\u00f3venes y desinformados.<\/p>\n<\/div>\n<div class=\"sc-80531b6b-0 chRIGJ container-text text-embed\" id=\"element-body-28\">\n<p>A la hora del voto en la Capilla Sixtina se ver\u00e1 si la influencia de Timothy Dolan y los grupos conservadores tendr\u00e1n \u00e9xito. Hasta ahora, el arzobispo de Nueva York guarda silencio. Pero ser\u00e1 un protagonista del C\u00f3nclave. <strong>Los norteamericanos tienen 17 cardenales pero est\u00e1n divididos<\/strong>. Son diez los electores. El 60% sigue a Dolan, pero el 40% responde a la gu\u00eda progresista del cardenal de Chicago, Blase Cupich, Todos ligados a la l\u00ednea reformista de Bergoglio.<\/p>\n<\/div>\n<p><h2>La influencia de Prevost y una posible sorpresa<\/h2>\n<\/p>\n<div class=\"sc-80531b6b-0 chRIGJ container-text text-embed\" id=\"element-body-30\">\n<p>Es curioso pero hay adem\u00e1s un cardenal de origen norteamericano, Robert Prevost, que es nada menos que Prefecto de los Obispos en el Vaticano, nombrado por el Papa fallecido. Su cargo es muy importante y Prevost vivi\u00f3 muchos a\u00f1os en Per\u00fa y hoy es trambi\u00e9n Presidente de la Comisi\u00f3n para Am\u00e9rica Latina del Vaticano.<\/p>\n<\/div>\n<div class=\"sc-98b114a2-0 bkqiHH image-embed  image-embed \" id=\"element-body-31\"><picture class=\"sc-98b114a2-1 jRUlDm\"><source media=\"(min-width: 975px)\" width=\"720\" height=\"480\" \/><img alt=\"El cardenal Jean Marc Aveline saluda a los fieles tras dar misa este domingo en Roma. Foto: Reuters\" loading=\"lazy\" width=\"720\" height=\"480\" decoding=\"async\" data-nimg=\"1\" style=\"color:transparent\" src=\"https:\/\/13.com.ar\/wp-content\/uploads\/2025\/05\/1746365732_615_los-candidatos-el-silencioso-juego-de-los-conservadores-y-el.jpg\"\/><span class=\"epigraphe\">El cardenal Jean Marc Aveline saluda a los fieles tras dar misa este domingo en Roma. Foto: Reuters<\/span><span class=\"picture-open\"><button class=\"open-image\" aria-label=\"Open Image\"\/><\/span><\/picture><\/div>\n<div class=\"sc-80531b6b-0 chRIGJ container-text text-embed\" id=\"element-body-32\">\n<p>Pevost es un personaje escuchado por los cardenales que han entrado en la fase previa del C\u00f3nclave. Algunos purpurados norteamericanos creen que debe ser m\u00e1s escuchado. Es posible que su influencia se sentir\u00e1, vaya a saber c\u00f3mo.<\/p>\n<\/div>\n<div class=\"sc-80531b6b-0 chRIGJ container-text text-embed\" id=\"element-body-33\">\n<p>Otra figura que sin ruido ha tenido influencia entre los purpurados ha sido el cardenal <strong>Jean-Marc Aveline<\/strong>, arzobispo de Marsella y presidente de la Conferencia Episcopal francesa. Es declaradamente progresista pero tambi\u00e9n de los que convencen hablando bajo sin cargar las tintas contra los conservadores. No faltan los que creen que el arzobispo de Marsella <strong>podr\u00eda dar una sorpresa en el C\u00f3nclave<\/strong>.<\/p>\n<\/div>\n<\/div>\n<p><br \/>\n<br \/><a href=\"https:\/\/www.clarin.com\/mundo\/arranco-fase-previa-conclave-candidatos-silencioso-juego-conservadores-tapado-podria-dar-sorpresa_0_mAkrZ1FPp4.html\">Fuente Clarin.com <\/a><\/p>\n","protected":false},"excerpt":{"rendered":"<p>Hoy domingo no hay congregaci\u00f3n de cardenales. Por eso este lunes los encuentros ser\u00e1n dos, a la ma\u00f1ana y por la tarde. El mi\u00e9rcoles comienza el C\u00f3nclave que debe elegir al nuevo Papa. Ha comenzado la llamada \u201cfase previa\u201d y un hecho simb\u00f3lico lo da el comienzo: ayer cinco bomberos colocaron en su lugar, en [&hellip;]<\/p>\n","protected":false},"author":1,"featured_media":22169,"comment_status":"open","ping_status":"open","sticky":false,"template":"","format":"standard","meta":{"footnotes":""},"categories":[2],"tags":[3347,9233,2470,4994,28,1563,11011,934,16115],"class_list":["post-22168","post","type-post","status-publish","format-standard","has-post-thumbnail","hentry","category-ultimas-noticias","tag-candidatos","tag-conservadores","tag-dar","tag-juego","tag-los","tag-podria","tag-silencioso","tag-sorpresa","tag-tapado"],"_links":{"self":[{"href":"https:\/\/13.com.ar\/index.php\/wp-json\/wp\/v2\/posts\/22168","targetHints":{"allow":["GET"]}}],"collection":[{"href":"https:\/\/13.com.ar\/index.php\/wp-json\/wp\/v2\/posts"}],"about":[{"href":"https:\/\/13.com.ar\/index.php\/wp-json\/wp\/v2\/types\/post"}],"author":[{"embeddable":true,"href":"https:\/\/13.com.ar\/index.php\/wp-json\/wp\/v2\/users\/1"}],"replies":[{"embeddable":true,"href":"https:\/\/13.com.ar\/index.php\/wp-json\/wp\/v2\/comments?post=22168"}],"version-history":[{"count":0,"href":"https:\/\/13.com.ar\/index.php\/wp-json\/wp\/v2\/posts\/22168\/revisions"}],"wp:featuredmedia":[{"embeddable":true,"href":"https:\/\/13.com.ar\/index.php\/wp-json\/wp\/v2\/media\/22169"}],"wp:attachment":[{"href":"https:\/\/13.com.ar\/index.php\/wp-json\/wp\/v2\/media?parent=22168"}],"wp:term":[{"taxonomy":"category","embeddable":true,"href":"https:\/\/13.com.ar\/index.php\/wp-json\/wp\/v2\/categories?post=22168"},{"taxonomy":"post_tag","embeddable":true,"href":"https:\/\/13.com.ar\/index.php\/wp-json\/wp\/v2\/tags?post=22168"}],"curies":[{"name":"wp","href":"https:\/\/api.w.org\/{rel}","templated":true}]}}