{"id":22164,"date":"2025-05-04T10:29:47","date_gmt":"2025-05-04T13:29:47","guid":{"rendered":"https:\/\/13.com.ar\/index.php\/agustin-laje-presento-su-libro-ante-casi-mil-personas-reinvindico-la-batalla-cultural-e-hizo-el-dream-team-de-su-latinoamerica-ultraderechista\/"},"modified":"2025-05-04T10:29:47","modified_gmt":"2025-05-04T13:29:47","slug":"agustin-laje-presento-su-libro-ante-casi-mil-personas-reinvindico-la-batalla-cultural-e-hizo-el-dream-team-de-su-latinoamerica-ultraderechista","status":"publish","type":"post","link":"https:\/\/13.com.ar\/index.php\/agustin-laje-presento-su-libro-ante-casi-mil-personas-reinvindico-la-batalla-cultural-e-hizo-el-dream-team-de-su-latinoamerica-ultraderechista\/","title":{"rendered":"Agust\u00edn Laje present\u00f3 su libro ante casi mil personas, reinvindic\u00f3 la batalla cultural e hizo el &#8220;dream team&#8221; de su Latinoam\u00e9rica ultraderechista"},"content":{"rendered":"<p> <br \/>\n<\/p>\n<div id=\"cuerpo\">\n<div class=\"sc-80531b6b-0 chRIGJ container-text text-embed\" id=\"element-body-0\">\n<p>&#8220;\u00a1Una foto, Agust\u00edn, una foto!&#8221; Agust\u00edn Laje no daba abasto, intentaba complacer firmando libros, estrechando manos, agachado en el escenario de la<strong> sala Jos\u00e9 Hern\u00e1ndez de la Feria del Libro<\/strong>, pero era visible que le costaba. Una mezcla de timidez y v\u00e9rtigo esc\u00e9nico le imped\u00eda bajar y abrazarse con quienes le daban trato de \u00eddolo. A decir verdad, tampoco se lo hubieran permitido sus asistentes, la mayor\u00eda de un muy prolijo pelo corto. All\u00ed, <strong>ante casi mil personas,<\/strong> el ensayista comparti\u00f3<strong> su visi\u00f3n denigratoria del estado, <\/strong>con provocaciones de dedicatoria precisa: &#8220;<strong>a ese embri\u00f3n del estado estamos a tiempo de abortarlo&#8221;. <\/strong>Tambi\u00e9n inst\u00f3 al activismo en las redes sociales y <strong>neg\u00f3 los puntos claves del humanismo<\/strong> del siglo XXI, como <strong>el sistema internacional <\/strong>y los derechos animales. <\/p>\n<\/div>\n<div class=\"sc-98b114a2-0 bkqiHH image-embed  image-embed \" id=\"element-body-1\"><picture class=\"sc-98b114a2-1 jRUlDm\"><source media=\"(min-width: 975px)\" width=\"720\" height=\"480\" \/><img alt=\"Sala llena para Agust\u00edn Laje.&#10;Foto: Mart\u00edn Bonetto\" loading=\"lazy\" width=\"720\" height=\"480\" decoding=\"async\" data-nimg=\"1\" style=\"color:transparent\" src=\"https:\/\/13.com.ar\/wp-content\/uploads\/2025\/05\/Agustin-Laje-presento-su-libro-ante-casi-mil-personas-reinvindico.jpg\"\/><span class=\"epigraphe\">Sala llena para Agust\u00edn Laje.<br \/>\nFoto: Mart\u00edn Bonetto<\/span><span class=\"picture-open\"><button class=\"open-image\" aria-label=\"Open Image\"\/><\/span><\/picture><\/div>\n<div class=\"sc-80531b6b-0 chRIGJ container-text text-embed\" id=\"element-body-2\">\n<p>Terminaba un acto consagratorio, uno en el que<strong> el inspirador de Javier Milei \u2013su ide\u00f3logo e intelectual org\u00e1nico\u2013 <\/strong>se acercaba un poco a ese fuego que esparce el presidente en sus presentaciones antes esos seguidores que lo vuelven una fiesta de alta temperatura. Ante casi mil personas, Laje present\u00f3 en la sala mayor de la Feria su libro <em>Globalismo <\/em>(Harper Collins), publicado en 2024. Laje es un ensayista, conferencista, y polit\u00f3logo cordob\u00e9s de la nueva derecha fundamentalista. Es fundador y presidente de la Fundaci\u00f3n Libre, un <em>think tank <\/em>conservador. Se opone al matrimonio igualitario, a la adopci\u00f3n homoparental, a la eutanasia y <strong>al aborto, incluso en casos de violaci\u00f3n<\/strong>. Tambi\u00e9n promueve la batalla cultural contra el progresismo, al que llama &#8220;marxismo cultural&#8221;. Escribi\u00f3 una biograf\u00eda de Milei junto con Nicol\u00e1s M\u00e1rquez.<\/p>\n<\/div>\n<div class=\"sc-80531b6b-0 chRIGJ container-text text-embed\" id=\"element-body-3\">\n<p>El s\u00e1bado a la tarde lo acompa\u00f1\u00f3 en la presentaci\u00f3n otro \u201cfaro\u201d de este ideario: <strong>el profesor y rector de la universidad Eseade, Alberto Benegas Lynch (h),<\/strong> el mismo que cuando Milei estaba en campa\u00f1a pol\u00edtica en 2023 propuso: \u201cPor consideraci\u00f3n y respeto a mi religi\u00f3n cat\u00f3lica, creo que habr\u00eda que imitar lo que hizo el presidente Roca y<strong> suspender las relaciones diplom\u00e1ticas con el Vaticano<\/strong> mientras all\u00ed prime el esp\u00edritu totalitario\u201d.<\/p>\n<\/div>\n<div class=\"sc-98b114a2-0 bkqiHH image-embed  image-embed \" id=\"element-body-4\"><picture class=\"sc-98b114a2-1 jRUlDm\"><source media=\"(min-width: 975px)\" width=\"720\" height=\"480\" \/><img alt=\"El ministro Mariano C\u00faneo Libarona en primera fila. &#10;Foto: Mart\u00edn Bonetto&#10;\" loading=\"lazy\" width=\"720\" height=\"480\" decoding=\"async\" data-nimg=\"1\" style=\"color:transparent\" src=\"https:\/\/13.com.ar\/wp-content\/uploads\/2025\/05\/1746365387_103_Agustin-Laje-presento-su-libro-ante-casi-mil-personas-reinvindico.jpg\"\/><span class=\"epigraphe\">El ministro Mariano C\u00faneo Libarona en primera fila.<br \/>\nFoto: Mart\u00edn Bonetto<br \/>\n<\/span><span class=\"picture-open\"><button class=\"open-image\" aria-label=\"Open Image\"\/><\/span><\/picture><\/div>\n<div class=\"sc-80531b6b-0 chRIGJ container-text text-embed\" id=\"element-body-5\">\n<p>Hubo una demora en el comienzo del acto de una hora. Un movimiento veloz de varias personas posibilit\u00f3 que ingresaran a la primera fila los invitados VIP. En primer lugar, el <strong>ministro de Justicia Mariano C\u00faneo Libarona<\/strong>; el Secretario de Estado Culto y Civilizaci\u00f3n, <strong>Nahuel Sotelo<\/strong>; la directora de Derechos Humanos de la Canciller\u00eda, <strong>\u00darsula Basset<\/strong>; los diputados nacionales de LLA, <strong>Alberto Tiburcio \u201cBertie\u201d Benegas Lynch (con remera roja de los Red Hot Chili Peppers), Nicol\u00e1s Fernando Mayoraz y Santiago Santurio<\/strong>. Tambi\u00e9n vinieron a la cita libertaria el documentalista personal de Milei, <strong>Santiago Oria<\/strong>; la fot\u00f3grafa del Presidente, <strong>Macarena Rodr\u00edguez<\/strong>; el editor de Hojas de Sur \u2013editorial donde Laje public\u00f3 algunos de sus libros\u2013 <strong>Andr\u00e9s Mega; el Gordo Pablo<\/strong>, uno de los conductores del <strong>canal de streaming Carajo<\/strong>, entre otros.<\/p>\n<\/div>\n<div class=\"sc-80531b6b-0 chRIGJ container-text text-embed\" id=\"element-body-6\">\n<p>M\u00e1s all\u00e1 de esa fila de org\u00e1nicos, se multiplicaba la presencia de <strong>familias con hijos chicos, grupos de j\u00f3venes expectantes, varones solos y mujeres en grupo<\/strong>. \u00bfUn mix de curiosos y fans? Gente con jeans, zapatillas gastadas, buzos deportivos, algunos con mate y termo. Los rostros denotaban curiosidad, tal vez esperanza. Celulares activos en sus manos, muchos <strong>no dejaban nada ni nadie sin fotografiar ni filmar.<\/strong><\/p>\n<\/div>\n<div class=\"sc-80531b6b-0 chRIGJ container-text text-embed\" id=\"element-body-7\">\n<p>Cuando todos se acomodaron, Benegas irrumpi\u00f3 con un tono de conferencia acad\u00e9mica y recorri\u00f3 apellidos fundamentales del camino libertario, tanto economistas como pensadores pol\u00edticos. Sostuvo que \u201cla parte medular de la democracia es el respeto, la garant\u00eda a los derechos de las personas; y la parte mec\u00e1nica, formal, accesoria y secundaria, es el recuento de votos\u201d. <strong>Tambi\u00e9n lanz\u00f3 esl\u00f3ganes como: \u201cDerechos humanos es una redundancia bastante grotesca porque los derechos no pueden no ser humanos, no son minerales, vegetales ni animales\u201d;<\/strong> y que \u201cning\u00fan marxista explic\u00f3 nunca en qu\u00e9 se diferencia la estructura l\u00f3gica de un proletario, de aquella de un burgu\u00e9s\u201d, al referirse peyorativamente contra el concepto de<strong> clase social.<\/strong><\/p>\n<\/div>\n<div class=\"sc-98b114a2-0 bkqiHH image-embed  image-embed \" id=\"element-body-8\"><picture class=\"sc-98b114a2-1 jRUlDm\"><source media=\"(min-width: 975px)\" width=\"720\" height=\"480\" \/><img alt=\"Agust\u00edn Laje.&#10;Foto: Mart\u00edn Bonetto.\" loading=\"lazy\" width=\"720\" height=\"480\" decoding=\"async\" data-nimg=\"1\" style=\"color:transparent\" src=\"https:\/\/13.com.ar\/wp-content\/uploads\/2025\/05\/1746365387_394_Agustin-Laje-presento-su-libro-ante-casi-mil-personas-reinvindico.jpg\"\/><span class=\"epigraphe\">Agust\u00edn Laje.<br \/>\nFoto: Mart\u00edn Bonetto.<\/span><span class=\"picture-open\"><button class=\"open-image\" aria-label=\"Open Image\"\/><\/span><\/picture><\/div>\n<div class=\"sc-80531b6b-0 chRIGJ container-text text-embed\" id=\"element-body-9\">\n<p>A continuaci\u00f3n, por fin <strong>Laje conquist\u00f3 la centralidad del acto<\/strong> y diferenci\u00f3: \u201cla globalizaci\u00f3n es un fen\u00f3meno econ\u00f3mico, el globalismo es un fen\u00f3meno pol\u00edtico\u201d. \u00bfCu\u00e1les son las instituciones caracter\u00edsticas del globalismo?, preguntaba y respond\u00eda: \u201cNo son tanto las del Estado-Naci\u00f3n, sino, sobre todo, las de organismos supraestatales, supranacionales, organismos que empezaron a multiplicarse en la segunda mitad del siglo XX\u201d. En su libro Laje sostiene que <strong>el globalismo se institucionaliza en organizaciones a veces completamente p\u00fablicas<\/strong>, otras veces completamente privadas, pero en la mayor\u00eda de los casos son hibridaciones p\u00fablico-privadas. Estas a veces se llaman \u201cOrganizaciones Internacionales P\u00fablicas\u201d, a veces se llaman \u201cONG\u201d y a veces toman el nombre de \u201cForos globales\u201d.<\/p>\n<\/div>\n<div class=\"sc-80531b6b-0 chRIGJ container-text text-embed\" id=\"element-body-10\">\n<p>En esta definici\u00f3n, Laje plantea gran parte de su concepci\u00f3n de lo que es el estado: \u201cEntonces, la criatura, a la que se le ha dado vida, no es un estado, es un superestado que todav\u00eda, sin embargo, est\u00e1 en estado embrionario. Es decir, estamos a tiempo \u2013<strong>como le gusta a las chicas de pa\u00f1uelo verde\u2013 de abortarlo<\/strong>. Solamente que en este caso har\u00edamos un bien y no un mal. Estamos a tiempo de desactivar ese embri\u00f3n que se desarrolla bajo esa inercia de acumulaci\u00f3n progresiva del poder pol\u00edtico que est\u00e1 de la naturaleza de estas maquinarias modernas\u201d, provoc\u00f3 y se llev\u00f3 un aplauso con risas.<\/p>\n<\/div>\n<div class=\"sc-80531b6b-0 chRIGJ container-text text-embed\" id=\"element-body-11\">\n<p>De traje y zapatos negros y corbata, se pregunt\u00f3: \u201c\u00bfC\u00f3mo se puede combatir al globalismo? Por un lado, con <strong>batalla cultural,<\/strong> es decir, cada uno de nosotros tiene un rol activo, ya no hay excusas; estamos en la era de las redes sociales, hoy todo el mundo se puede hacer o\u00edr y todo el mundo tiene una responsabilidad moral y pol\u00edtica al hacerse o\u00edr.<strong> Pero junto con la batalla cultural hay que impulsar nuestras batallas electorales, hay que ganar las elecciones. <\/strong>Porque al final, es el estado el que termina decidiendo si acompa\u00f1a o no esa transferencia de poder hacia \u00e1mbitos internacionales\u201d.<\/p>\n<\/div>\n<div class=\"sc-80531b6b-0 chRIGJ container-text text-embed\" id=\"element-body-12\">\n<p>Laje finaliz\u00f3 su exposici\u00f3n imaginando un destino com\u00fan para Am\u00e9rica Latina, con Argentina como un faro libertario que ilumine y arrastre los destinos de <strong>Chile, con Johannes Kaiser, el youtuber libertario; en Per\u00fa, con el ultraconservador Rafael L\u00f3pez Aliaga, actual alcalde de Lima; en Colombia, con la presentadora de TV, Vicky D\u00e1vila<\/strong>, y otros tantos. \u201cImag\u00ednense globalizar, no el globalismo, sino la resistencia\u201d.<\/p>\n<\/div>\n<div class=\"sc-98b114a2-0 bkqiHH image-embed  image-embed \" id=\"element-body-13\"><picture class=\"sc-98b114a2-1 jRUlDm\"><source media=\"(min-width: 975px)\" width=\"720\" height=\"480\" \/><img alt=\"El diputado nacional de LLA, Alberto Tiburcio \u201cBertie\u201d Benegas Lynch.&#10;Foto: Mart\u00edn Bonetto\" loading=\"lazy\" width=\"720\" height=\"480\" decoding=\"async\" data-nimg=\"1\" style=\"color:transparent\" src=\"https:\/\/13.com.ar\/wp-content\/uploads\/2025\/05\/1746365387_750_Agustin-Laje-presento-su-libro-ante-casi-mil-personas-reinvindico.jpg\"\/><span class=\"epigraphe\">El diputado nacional de LLA, Alberto Tiburcio \u201cBertie\u201d Benegas Lynch.<br \/>\nFoto: Mart\u00edn Bonetto<\/span><span class=\"picture-open\"><button class=\"open-image\" aria-label=\"Open Image\"\/><\/span><\/picture><\/div>\n<div class=\"sc-80531b6b-0 chRIGJ container-text text-embed\" id=\"element-body-14\">\n<p>Laje firm\u00f3 unos libros y se fue por el fondo del escenario. Abajo, centenares de seguidores de todos los matices se desconcentraban y se sacaban seflies con el Gordo Pablo. Ya fuera de la sala, una cronista del canal Carajo entrevistaba a los asistentes, que mostraban un entusiasmo contenido. Algunos se hab\u00edan esperanzado con la posibilidad de que apareciera sorpresivamente el presidente, o tal vez<strong> Karina Milei o el ya no tan secreto Santiago Caputo<\/strong>. Casi en paralelo, los tres lados del tri\u00e1ngulo de hierro eran invocados en distintas salas de la Feria con libros biogr\u00e1ficos o de pol\u00e9micas presidenciales.<\/p>\n<\/div>\n<\/div>\n<p><br \/>\n<br \/><a href=\"https:\/\/www.clarin.com\/cultura\/agustin-laje-presento-libro-mil-personas-reinvindico-batalla-cultural-hizo-dream-team-latinoamerica-ultraderechista_0_Qa4CvWy1bf.html\">Fuente Clarin.com <\/a><\/p>\n","protected":false},"excerpt":{"rendered":"<p>&#8220;\u00a1Una foto, Agust\u00edn, una foto!&#8221; Agust\u00edn Laje no daba abasto, intentaba complacer firmando libros, estrechando manos, agachado en el escenario de la sala Jos\u00e9 Hern\u00e1ndez de la Feria del Libro, pero era visible que le costaba. Una mezcla de timidez y v\u00e9rtigo esc\u00e9nico le imped\u00eda bajar y abrazarse con quienes le daban trato de \u00eddolo. [&hellip;]<\/p>\n","protected":false},"author":1,"featured_media":22165,"comment_status":"open","ping_status":"open","sticky":false,"template":"","format":"standard","meta":{"footnotes":""},"categories":[2],"tags":[5123,2759,2138,483,1602,16930,521,5642,2580,2003,2116,2125,2351,16929,16931,2280],"class_list":["post-22164","post","type-post","status-publish","format-standard","has-post-thumbnail","hentry","category-ultimas-noticias","tag-agustin","tag-ante","tag-batalla","tag-casi","tag-cultural","tag-dream","tag-hizo","tag-laje","tag-latinoamerica","tag-libro","tag-mil","tag-personas","tag-presento","tag-reinvindico","tag-team","tag-ultraderechista"],"_links":{"self":[{"href":"https:\/\/13.com.ar\/index.php\/wp-json\/wp\/v2\/posts\/22164","targetHints":{"allow":["GET"]}}],"collection":[{"href":"https:\/\/13.com.ar\/index.php\/wp-json\/wp\/v2\/posts"}],"about":[{"href":"https:\/\/13.com.ar\/index.php\/wp-json\/wp\/v2\/types\/post"}],"author":[{"embeddable":true,"href":"https:\/\/13.com.ar\/index.php\/wp-json\/wp\/v2\/users\/1"}],"replies":[{"embeddable":true,"href":"https:\/\/13.com.ar\/index.php\/wp-json\/wp\/v2\/comments?post=22164"}],"version-history":[{"count":0,"href":"https:\/\/13.com.ar\/index.php\/wp-json\/wp\/v2\/posts\/22164\/revisions"}],"wp:featuredmedia":[{"embeddable":true,"href":"https:\/\/13.com.ar\/index.php\/wp-json\/wp\/v2\/media\/22165"}],"wp:attachment":[{"href":"https:\/\/13.com.ar\/index.php\/wp-json\/wp\/v2\/media?parent=22164"}],"wp:term":[{"taxonomy":"category","embeddable":true,"href":"https:\/\/13.com.ar\/index.php\/wp-json\/wp\/v2\/categories?post=22164"},{"taxonomy":"post_tag","embeddable":true,"href":"https:\/\/13.com.ar\/index.php\/wp-json\/wp\/v2\/tags?post=22164"}],"curies":[{"name":"wp","href":"https:\/\/api.w.org\/{rel}","templated":true}]}}