{"id":2215,"date":"2025-02-05T13:10:59","date_gmt":"2025-02-05T16:10:59","guid":{"rendered":"https:\/\/13.com.ar\/index.php\/guerra-de-acusaciones-entre-venezuela-y-el-jefe-de-la-diplomacia-de-estados-unidos\/"},"modified":"2025-02-05T13:10:59","modified_gmt":"2025-02-05T16:10:59","slug":"guerra-de-acusaciones-entre-venezuela-y-el-jefe-de-la-diplomacia-de-estados-unidos","status":"publish","type":"post","link":"https:\/\/13.com.ar\/index.php\/guerra-de-acusaciones-entre-venezuela-y-el-jefe-de-la-diplomacia-de-estados-unidos\/","title":{"rendered":"guerra de acusaciones entre Venezuela y el jefe de la diplomacia de Estados Unidos"},"content":{"rendered":"<p> <br \/>\n<\/p>\n<div id=\"cuerpo\">\n<div class=\"sc-80531b6b-0 chRIGJ container-text text-embed\">\n<p>Caracas reaccion\u00f3 con furia y llam\u00f3 &#8220;obsesionado pat\u00e9tico&#8221; al jefe de la diplomacia de Estados Unidos, <strong>Marco Rubio,<\/strong> luego de que el funcionario calificara a Cuba, Nicaragua y Venezuela de &#8220;enemigos de la humanidad&#8221; y los acusara de ser los causantes de la crisis migratoria en el hemisferio.<\/p>\n<\/div>\n<div class=\"sc-80531b6b-0 chRIGJ container-text text-embed\">\n<p>&#8220;Parece que no puede dormir sin pensar en Cuba, Nicaragua y Venezuela. \u00bfSer\u00e1 porque, a pesar del odio que destila y sus deseos de hacer da\u00f1o con bloqueos, sanciones y agresiones, estos pueblos lo han derrotado una y otra vez con dignidad y firmeza?&#8221;, expres\u00f3 este martes el canciller venezolano, Yv\u00e1n Gil, a trav\u00e9s de Telegram.<\/p>\n<\/div>\n<div class=\"sc-80531b6b-0 chRIGJ container-text text-embed\">\n<p>Al mismo tiempo, afirm\u00f3 que &#8220;los \u00fanicos enemigos de la humanidad son aquellos que, con su maquinaria de guerra y abuso, llevan d\u00e9cadas sembrando caos y miseria en medio mundo&#8221;.<\/p>\n<\/div>\n<div class=\"sc-80531b6b-0 chRIGJ container-text text-embed\">\n<p>&#13;<br \/>\nPara Gil, Rubio &#8220;no soporta ver c\u00f3mo naciones soberanas le plantan cara y le rompen el libreto&#8221;.<\/p>\n<\/div>\n<div class=\"sc-80531b6b-0 chRIGJ container-text text-embed\">\n<p>&#13;<br \/>\n&#8220;Cuba, Nicaragua y Venezuela han demostrado que no se doblegan, que no se venden, que no claudican&#8221;, manifest\u00f3 el funcionario venezolano.<\/p>\n<\/div>\n<div class=\"sc-198be8ec-0 cynXbu image-embed  image-embed \"><picture class=\"sc-198be8ec-1 kOjRiQ\"><source media=\"(min-width: 975px)\" width=\"720\" height=\"480\" \/><img alt=\"El secretario de Estado de EE.UU., Marco Rubio, llega al aeropuerto de de Ciudad de Guatemala, este martes. Foto: REUTERS \" loading=\"lazy\" width=\"720\" height=\"480\" decoding=\"async\" data-nimg=\"1\" style=\"color:transparent\" src=\"https:\/\/13.com.ar\/wp-content\/uploads\/2025\/02\/guerra-de-acusaciones-entre-Venezuela-y-el-jefe-de-la.jpg\"\/><span class=\"epigraphe\">El secretario de Estado de EE.UU., Marco Rubio, llega al aeropuerto de de Ciudad de Guatemala, este martes. Foto: REUTERS <\/span><span class=\"bkg\"\/><span class=\"picture-open\"><button class=\"open-image\" aria-label=\"Open Image\"\/><\/span><\/picture><\/div>\n<p><h2>Dictaduras y crisis migratorias<\/h2>\n<\/p>\n<div class=\"sc-80531b6b-0 chRIGJ container-text text-embed\">\n<p>M\u00e1s temprano, Rubio, quien inici\u00f3 el fin de semana pasado una gira por Centroam\u00e9rica, indic\u00f3 que &#8220;si no fuera por esos tres reg\u00edmenes no habr\u00eda una crisis migratoria en el hemisferio&#8221;, y asegur\u00f3 que Nicaragua, Venezuela y Cuba &#8220;son pa\u00edses donde su sistema no funciona&#8221;.<\/p>\n<\/div>\n<div class=\"sc-80531b6b-0 chRIGJ container-text text-embed\">\n<p>En el caso de Nicaragua, puntualiz\u00f3, &#8220;se ha convertido en una dinast\u00eda de familia con una copresidencia donde b\u00e1sicamente han tratado de eliminar, por ejemplo, la iglesia cat\u00f3lica y todo lo religioso y todo lo que pueda amenazar el poder a ese r\u00e9gimen&#8221;.<\/p>\n<\/div>\n<div class=\"sc-80531b6b-0 chRIGJ container-text text-embed\">\n<p>&#13;<br \/>\nAdem\u00e1s, dijo que el &#8220;r\u00e9gimen&#8221; nicarag\u00fcense &#8220;castiga&#8221; a los que amenazan su poder y que ha visto c\u00f3mo miles y miles de nicarag\u00fcenses &#8220;est\u00e1n huyendo de ese sistema&#8221;. <\/p>\n<\/div>\n<div class=\"sc-80531b6b-0 chRIGJ container-text text-embed\">\n<p>&#8220;La misma raz\u00f3n (por la) que est\u00e1n huyendo de Cuba, la misma raz\u00f3n (por la) que est\u00e1n huyendo de Venezuela&#8221;, agreg\u00f3.<\/p>\n<\/div>\n<div class=\"sc-80531b6b-0 chRIGJ container-text text-embed\">\n<p>La relaci\u00f3n entre el flamante gobierno de Donald Trump y el gobierno chavista que encabeza Nicol\u00e1s Maduro comenz\u00f3 en <strong>una aparente distensi\u00f3n<\/strong>, cuando la semana pasada el enviado especial del presidente republicano para soluci\u00f3n de conflictos, Richard Grenell, se reuni\u00f3 en Caracas con Maduro y logr\u00f3 llevarse de regreso a seis prisioneros estadounidenses, considerados por Washington &#8220;rehenes&#8221; del r\u00e9gimen chavista para negociaciones pol\u00edticas.<\/p>\n<\/div>\n<div class=\"sc-80531b6b-0 chRIGJ container-text text-embed\">\n<p>El acercamiento ha sido criticado por algunos opositores de ambos gobiernos que han visto la reuni\u00f3n de Grenell con Maduro en el palacio de gobierno de Miraflores, en clima cordial, como una contradicci\u00f3n, cuando en Venezuela sigue la represi\u00f3n y hay unos 1.600 prisioneros pol\u00edticos sin derecho a juicios.<\/p>\n<\/div>\n<div class=\"sc-80531b6b-0 chRIGJ container-text text-embed\">\n<p>Pero ahora el propio Rubio y Gil parecen marcar el terreno: el 28 de enero, el canciller venezolano se\u00f1al\u00f3 a su par estadounidense como &#8220;enemigo&#8221; de Caracas, al considerar que &#8220;contin\u00faa demostrando su obsesi\u00f3n enfermiza por da\u00f1ar a Venezuela&#8221;.<\/p>\n<\/div>\n<div class=\"sc-80531b6b-0 chRIGJ container-text text-embed\">\n<p>Gil se pronunci\u00f3 en ese entonces despu\u00e9s de que el secretario de Estado manifestara el &#8220;apoyo firme&#8221; de EE.UU. al presidente de Guyana, Irfaan Ali, en &#8220;la integridad territorial&#8221; frente a &#8220;las acciones belicistas de Nicol\u00e1s Maduro y sus secuaces&#8221;.<\/p>\n<\/div>\n<\/div>\n<p><br \/>\n<br \/><a href=\"https:\/\/www.clarin.com\/mundo\/obsesionado-patetico-enemigos-humanidad-guerra-acusaciones-venezuela-jefe-diplomacia-estados-unidos_0_GYhtK9CG3u.html\">Fuente Clarin.com <\/a><\/p>\n","protected":false},"excerpt":{"rendered":"<p>Caracas reaccion\u00f3 con furia y llam\u00f3 &#8220;obsesionado pat\u00e9tico&#8221; al jefe de la diplomacia de Estados Unidos, Marco Rubio, luego de que el funcionario calificara a Cuba, Nicaragua y Venezuela de &#8220;enemigos de la humanidad&#8221; y los acusara de ser los causantes de la crisis migratoria en el hemisferio. &#8220;Parece que no puede dormir sin pensar [&hellip;]<\/p>\n","protected":false},"author":1,"featured_media":2216,"comment_status":"open","ping_status":"open","sticky":false,"template":"","format":"standard","meta":{"footnotes":""},"categories":[2],"tags":[2221,4108,351,1737,1864,1327,1738,1184],"class_list":["post-2215","post","type-post","status-publish","format-standard","has-post-thumbnail","hentry","category-ultimas-noticias","tag-acusaciones","tag-diplomacia","tag-entre","tag-estados","tag-guerra","tag-jefe","tag-unidos","tag-venezuela"],"_links":{"self":[{"href":"https:\/\/13.com.ar\/index.php\/wp-json\/wp\/v2\/posts\/2215","targetHints":{"allow":["GET"]}}],"collection":[{"href":"https:\/\/13.com.ar\/index.php\/wp-json\/wp\/v2\/posts"}],"about":[{"href":"https:\/\/13.com.ar\/index.php\/wp-json\/wp\/v2\/types\/post"}],"author":[{"embeddable":true,"href":"https:\/\/13.com.ar\/index.php\/wp-json\/wp\/v2\/users\/1"}],"replies":[{"embeddable":true,"href":"https:\/\/13.com.ar\/index.php\/wp-json\/wp\/v2\/comments?post=2215"}],"version-history":[{"count":0,"href":"https:\/\/13.com.ar\/index.php\/wp-json\/wp\/v2\/posts\/2215\/revisions"}],"wp:featuredmedia":[{"embeddable":true,"href":"https:\/\/13.com.ar\/index.php\/wp-json\/wp\/v2\/media\/2216"}],"wp:attachment":[{"href":"https:\/\/13.com.ar\/index.php\/wp-json\/wp\/v2\/media?parent=2215"}],"wp:term":[{"taxonomy":"category","embeddable":true,"href":"https:\/\/13.com.ar\/index.php\/wp-json\/wp\/v2\/categories?post=2215"},{"taxonomy":"post_tag","embeddable":true,"href":"https:\/\/13.com.ar\/index.php\/wp-json\/wp\/v2\/tags?post=2215"}],"curies":[{"name":"wp","href":"https:\/\/api.w.org\/{rel}","templated":true}]}}