{"id":2177,"date":"2025-02-05T11:26:31","date_gmt":"2025-02-05T14:26:31","guid":{"rendered":"https:\/\/13.com.ar\/index.php\/malas-noticias-por-dos-camporistas-y-la-gran-apuesta-de-cristina\/"},"modified":"2025-02-05T11:26:31","modified_gmt":"2025-02-05T14:26:31","slug":"malas-noticias-por-dos-camporistas-y-la-gran-apuesta-de-cristina","status":"publish","type":"post","link":"https:\/\/13.com.ar\/index.php\/malas-noticias-por-dos-camporistas-y-la-gran-apuesta-de-cristina\/","title":{"rendered":"malas noticias por dos camporistas y la gran apuesta de Cristina"},"content":{"rendered":"<p> <br \/>\n<br \/><img decoding=\"async\" src=\"https:\/\/13.com.ar\/wp-content\/uploads\/2025\/02\/malas-noticias-por-dos-camporistas-y-la-gran-apuesta-de.jpg\" \/><\/p>\n<div id=\"cuerpo\">\n<div class=\"sc-80531b6b-0 chRIGJ container-text text-embed\">\n<p>El <strong>ranking de intendentes del Conurbano <\/strong>que hace mensualmente <strong><em>CB Consultora Opini\u00f3n P\u00fablica<\/em><\/strong> trae en su \u00faltima versi\u00f3n <strong>malas noticias<\/strong> para el <strong>kirchnerismo duro<\/strong>. En un punto, mensajes complicados para <strong>M\u00e1ximo y Cristina Kirchner<\/strong>. \u00bfPor qu\u00e9? Porque quedan <strong>relegados dos jefes comunales camporistas<\/strong>, emblemas de la agrupaci\u00f3n (ya no tan) juvenil que conduce el tambi\u00e9n titular del PJ bonaerense; y adem\u00e1s aparece postergada la dirigente que la expresidenta imagina en un lugar relevante para el futuro de la Provincia.<\/p>\n<\/div>\n<div class=\"sc-80531b6b-0 chRIGJ container-text text-embed\">\n<p>Se trata de <strong>Juli\u00e1n Alvarez <\/strong>y <strong>Dami\u00e1n Selci<\/strong>, camporistas que en 2023 dieron el golpe y se quedaron con dos municipios que manejaban &#8220;opositores&#8221;: en el primer caso (Lan\u00fas), estaba a manos del macrismo; y en el segundo (Hurlingham), lo conduc\u00eda un intendente peronista, enemigo interno, como &#8220;Juanchi&#8221; Zabaleta. <\/p>\n<\/div>\n<div class=\"sc-80531b6b-0 chRIGJ container-text text-embed\">\n<p>Alvarez finaliz\u00f3 \u00faltimo y Selci ante\u00faltimo, en una tabla que se arma a partir de la<strong> imagen que tienen los vecinos de su jefe comunal<\/strong>. Para eso, la consultora que dirige el analista <strong>Cristian Butti\u00e9<\/strong>, consult\u00f3 <strong>entre 578 y 704 casos en cada uno de esos 24 distritos<\/strong> a fines de enero.<\/p>\n<\/div>\n<p><iframe title=\" Ranking de intendentes del GBA \/ Los 8 peores\" aria-label=\"Barras apiladas\" id=\"datawrapper-chart-AdVLZ\" src=\"https:\/\/datawrapper.dwcdn.net\/AdVLZ\/1\/\" scrolling=\"no\" frameborder=\"0\" style=\"width: 0; min-width: 100% !important; border: none;\" height=\"473\" data-external=\"1\"><\/iframe><\/p>\n<div class=\"sc-80531b6b-0 chRIGJ container-text text-embed\">\n<p>El tercer caso tiene m\u00e1s aristas a\u00fan: en el ranking finaliz\u00f3 17\u00b0 <strong>Mariel Fern\u00e1ndez<\/strong>, la intendenta de<strong> Moreno<\/strong>. Dirigente del Movimiento Evita, se convirti\u00f3 en una de las grandes apuestas de Cristina para la provincia de Buenos Aires. Algo as\u00ed como una nueva Mayra Mendoza, una camporista de m\u00e1s trayectoria junto a la exmandataria y a cargo del municipio de Quilmes desde 2019.<\/p>\n<\/div>\n<div class=\"sc-80531b6b-0 chRIGJ container-text text-embed\">\n<p>Cristina arm\u00f3 en su municipio un importante encuentro del PJ nacional y se mostr\u00f3 a su lado. Pero <strong>Fern\u00e1ndez viene castigada por la crisis de inseguridad en las calles que debe cuidar<\/strong>. En Moreno ocurri\u00f3 el crimen del delivery que deriv\u00f3 en incidentes y una pol\u00e9mica que a\u00fan perdura. <\/p>\n<\/div>\n<div class=\"sc-80531b6b-0 chRIGJ container-text text-embed\">\n<p><strong>En cuanto a los n\u00fameros, Alvarez combin\u00f3 59% de imagen negativa con 37,3% de positiva. Selci, &#8211; 56,2% y + 38,2%. Lo de Fern\u00e1ndez fue mejor, pero igual qued\u00f3 en el lote de &#8220;los 8 peores&#8221;: &#8211; 48,3% y + 46%.<\/strong><\/p>\n<\/div>\n<div class=\"sc-80531b6b-0 chRIGJ container-text text-embed\">\n<p>Los otros que terminaron abajo: <\/p>\n<\/div>\n<div class=\"sc-80531b6b-0 chRIGJ container-text text-embed\">\n<p><strong>Jorge Ferraresi <\/strong>(Avellaneda, PJ): + 45,7% y &#8211; 50,2%.<\/p>\n<\/div>\n<div class=\"sc-80531b6b-0 chRIGJ container-text text-embed\">\n<p><strong>Fernando Moreira <\/strong>(San Mart\u00edn, PJ): + 41,5% y &#8211; 49,5%.<\/p>\n<\/div>\n<div class=\"sc-80531b6b-0 chRIGJ container-text text-embed\">\n<p><strong>Andr\u00e9s Watson<\/strong> (Florencio Varela, PJ): + 41,3% y &#8211; 54,4%.<\/p>\n<\/div>\n<div class=\"sc-80531b6b-0 chRIGJ container-text text-embed\">\n<p><strong>Gustavo Men\u00e9ndez<\/strong> (Merlo, PJ): + 40,7% y &#8211; 56%.<\/p>\n<\/div>\n<div class=\"sc-80531b6b-0 chRIGJ container-text text-embed\">\n<p><strong>Pablo Descalzo<\/strong> (Ituzaing\u00f3, PJ): + 38,7% y &#8211; 57,9%.<\/p>\n<\/div>\n<p><h2>Los 8 de arriba<\/h2>\n<\/p>\n<div class=\"sc-80531b6b-0 chRIGJ container-text text-embed\">\n<p>La contracara son los intendentes que componen el grupo de<strong> &#8220;los 8 mejores&#8221;<\/strong>. Cumplen una regla que incluye a 15 de los 24 jefes comunales evaluados: cosechan m\u00e1s apoyos que rechazos.<\/p>\n<\/div>\n<div class=\"sc-80531b6b-0 chRIGJ container-text text-embed\">\n<p><strong>Lideran dos peronistas <\/strong>(no camporistas) y<strong> completa el ranking<\/strong> un neolibertario: <strong>Diego Valenzuela<\/strong>, el macrista-bullrichista que dio el salto semanas atr\u00e1s en medio de la interna entre el PRO y La Libertad Avanza.<\/p>\n<\/div>\n<p><iframe title=\"Ranking de intendentes del GBA \/ Los 8 mejores\" aria-label=\"Barras apiladas\" id=\"datawrapper-chart-Vgn0Y\" src=\"https:\/\/datawrapper.dwcdn.net\/Vgn0Y\/1\/\" scrolling=\"no\" frameborder=\"0\" style=\"width: 0; min-width: 100% !important; border: none;\" height=\"506\" data-external=\"1\"><\/iframe><\/p>\n<div class=\"sc-80531b6b-0 chRIGJ container-text text-embed\">\n<p><strong>Valenzuela, que siempre suele ubicarse en los puestos de vanguardia de la tabla, combin\u00f3 64,2% de positiva y 30,3% de negativa. Lo superaron Leonardo Nardini, de Malvinas Argentinas, con + 65,6% y &#8211; 30,5%; y Federico Achaval, de Pilar, con + 64,7% y &#8211; 29,6%.<\/strong><\/p>\n<\/div>\n<div class=\"sc-80531b6b-0 chRIGJ container-text text-embed\">\n<p>Abajo completan otros cinco dirigentes con muy buenos n\u00fameros:<\/p>\n<\/div>\n<div class=\"sc-80531b6b-0 chRIGJ container-text text-embed\">\n<p><strong>Julio Zamora<\/strong> (Tigre, PJ): + 62,3% y &#8211; 32,7%.<\/p>\n<\/div>\n<div class=\"sc-80531b6b-0 chRIGJ container-text text-embed\">\n<p><strong>Fernando Gray<\/strong> (Esteban Echeverr\u00eda, PJ): + 61,8% y &#8211; 34,1%.<\/p>\n<\/div>\n<div class=\"sc-80531b6b-0 chRIGJ container-text text-embed\">\n<p><strong>Jaime M\u00e9ndez<\/strong> (San Miguel, JxC): + 60,5% y &#8211; 35,7%.<\/p>\n<\/div>\n<div class=\"sc-80531b6b-0 chRIGJ container-text text-embed\">\n<p><strong>Mayra Mendoza<\/strong> (Quilmes, PJ): + 56,1% y &#8211; 37,6%.<\/p>\n<\/div>\n<div class=\"sc-80531b6b-0 chRIGJ container-text text-embed\">\n<p><strong>Juan Andreotti<\/strong> (San Fernando, PJ): + 55,9% y &#8211; 39,1%.<\/p>\n<\/div>\n<p><h2>Los 8 del medio<\/h2>\n<\/p>\n<div class=\"sc-80531b6b-0 chRIGJ container-text text-embed\">\n<p>En el medio de la tabla, tambi\u00e9n con buenos n\u00fameros (siete con balance positivo de imagen), quedan estos jefes comunales:<\/p>\n<\/div>\n<p><iframe title=\"Ranking de intendentes del GBA \/ Los 8 del medio\" aria-label=\"Barras apiladas\" id=\"datawrapper-chart-fauXy\" src=\"https:\/\/datawrapper.dwcdn.net\/fauXy\/1\/\" scrolling=\"no\" frameborder=\"0\" style=\"width: 0; min-width: 100% !important; border: none;\" height=\"506\" data-external=\"1\"><\/iframe><\/p>\n<div class=\"sc-80531b6b-0 chRIGJ container-text text-embed\">\n<p><strong>Soledad Mart\u00ednez<\/strong> (Vicente L\u00f3pez, PRO): + 55,6% y &#8211; 37,8%.<\/p>\n<\/div>\n<div class=\"sc-80531b6b-0 chRIGJ container-text text-embed\">\n<p><strong>Federico Oterm\u00edn<\/strong> (Lomas de Zamora, PJ): + 53,7% y &#8211; 42,4%.<\/p>\n<\/div>\n<div class=\"sc-80531b6b-0 chRIGJ container-text text-embed\">\n<p><strong>Juan Jos\u00e9 Mussi<\/strong> (Berazategui, PJ): + 52,5% y &#8211; 43,9%.<\/p>\n<\/div>\n<div class=\"sc-80531b6b-0 chRIGJ container-text text-embed\">\n<p><strong>Mario Ishii<\/strong> (Jos\u00e9 C. Paz, PJ): + 48,7% y &#8211; 46,3%.<\/p>\n<\/div>\n<div class=\"sc-80531b6b-0 chRIGJ container-text text-embed\">\n<p><strong>Mariano Cascallares<\/strong> (Almirante Brown, PJ): + 48,5% y &#8211; 46,3%.<\/p>\n<\/div>\n<div class=\"sc-80531b6b-0 chRIGJ container-text text-embed\">\n<p><strong>Fernando Espinoza<\/strong> (La Matanza, PJ): &#8211; 48,4% y &#8211; 47,4%.<\/p>\n<\/div>\n<div class=\"sc-80531b6b-0 chRIGJ container-text text-embed\">\n<p><strong>Ram\u00f3n Lan\u00fas<\/strong> (San Isidro, PRO): + 46,5% y &#8211; 45,2%.<\/p>\n<\/div>\n<div class=\"sc-80531b6b-0 chRIGJ container-text text-embed\">\n<p><strong>Lucas Ghi<\/strong> (Mor\u00f3n, PJ): + 46,3% y &#8211; 48,8%.<\/p>\n<\/div>\n<\/div>\n<p><br \/>\n<br \/><a href=\"https:\/\/www.clarin.com\/politica\/nuevo-ranking-intendentes-malas-noticias-camporistas-gran-apuesta-cristina_0_07Ry9Dp4SZ.html\">Fuente Clarin.com <\/a><\/p>\n","protected":false},"excerpt":{"rendered":"<p>El ranking de intendentes del Conurbano que hace mensualmente CB Consultora Opini\u00f3n P\u00fablica trae en su \u00faltima versi\u00f3n malas noticias para el kirchnerismo duro. En un punto, mensajes complicados para M\u00e1ximo y Cristina Kirchner. \u00bfPor qu\u00e9? Porque quedan relegados dos jefes comunales camporistas, emblemas de la agrupaci\u00f3n (ya no tan) juvenil que conduce el tambi\u00e9n [&hellip;]<\/p>\n","protected":false},"author":1,"featured_media":2178,"comment_status":"open","ping_status":"open","sticky":false,"template":"","format":"standard","meta":{"footnotes":""},"categories":[2],"tags":[2599,4059,497,59,925,4058,2956,142],"class_list":["post-2177","post","type-post","status-publish","format-standard","has-post-thumbnail","hentry","category-ultimas-noticias","tag-apuesta","tag-camporistas","tag-cristina","tag-dos","tag-gran","tag-malas","tag-noticias","tag-por"],"_links":{"self":[{"href":"https:\/\/13.com.ar\/index.php\/wp-json\/wp\/v2\/posts\/2177","targetHints":{"allow":["GET"]}}],"collection":[{"href":"https:\/\/13.com.ar\/index.php\/wp-json\/wp\/v2\/posts"}],"about":[{"href":"https:\/\/13.com.ar\/index.php\/wp-json\/wp\/v2\/types\/post"}],"author":[{"embeddable":true,"href":"https:\/\/13.com.ar\/index.php\/wp-json\/wp\/v2\/users\/1"}],"replies":[{"embeddable":true,"href":"https:\/\/13.com.ar\/index.php\/wp-json\/wp\/v2\/comments?post=2177"}],"version-history":[{"count":0,"href":"https:\/\/13.com.ar\/index.php\/wp-json\/wp\/v2\/posts\/2177\/revisions"}],"wp:featuredmedia":[{"embeddable":true,"href":"https:\/\/13.com.ar\/index.php\/wp-json\/wp\/v2\/media\/2178"}],"wp:attachment":[{"href":"https:\/\/13.com.ar\/index.php\/wp-json\/wp\/v2\/media?parent=2177"}],"wp:term":[{"taxonomy":"category","embeddable":true,"href":"https:\/\/13.com.ar\/index.php\/wp-json\/wp\/v2\/categories?post=2177"},{"taxonomy":"post_tag","embeddable":true,"href":"https:\/\/13.com.ar\/index.php\/wp-json\/wp\/v2\/tags?post=2177"}],"curies":[{"name":"wp","href":"https:\/\/api.w.org\/{rel}","templated":true}]}}