{"id":2175,"date":"2025-02-05T11:22:19","date_gmt":"2025-02-05T14:22:19","guid":{"rendered":"https:\/\/13.com.ar\/index.php\/jorge-rial-hablo-de-la-nueva-detencion-a-morena-y-conto-como-se-encuentra-su-nieto-amadeo\/"},"modified":"2025-02-05T11:22:19","modified_gmt":"2025-02-05T14:22:19","slug":"jorge-rial-hablo-de-la-nueva-detencion-a-morena-y-conto-como-se-encuentra-su-nieto-amadeo","status":"publish","type":"post","link":"https:\/\/13.com.ar\/index.php\/jorge-rial-hablo-de-la-nueva-detencion-a-morena-y-conto-como-se-encuentra-su-nieto-amadeo\/","title":{"rendered":"Jorge Rial habl\u00f3 de la nueva detenci\u00f3n a Morena y cont\u00f3 c\u00f3mo se encuentra su nieto Amadeo"},"content":{"rendered":"<p> <br \/>\n<\/p>\n<div id=\"cuerpo\">\n<div class=\"sc-80531b6b-0 chRIGJ container-text text-embed\">\n<p>Tras conocerse que <strong>Morena Rial<\/strong> fue detenida otra vez, <strong>Jorge<\/strong> rompi\u00f3 el silencio y se refiri\u00f3 a su situaci\u00f3n judicial. Tambi\u00e9n adelant\u00f3 que <strong>se har\u00e1 cargo de su nieto reci\u00e9n nacido<\/strong>, Amadeo.<\/p>\n<\/div>\n<div class=\"sc-80531b6b-0 chRIGJ container-text text-embed\">\n<p>&#8220;Seg\u00fan tengo entendido <strong>es un hecho distinto al de la otra vez<\/strong>, previo&#8221;, aclar\u00f3 el periodista al abrir su programa <em>Argenzuela <\/em>(Radio 10).<\/p>\n<\/div>\n<div class=\"sc-80531b6b-0 chRIGJ container-text text-embed\">\n<p>Acto seguido, Jorge manifest\u00f3 su preocupaci\u00f3n por el hijo reci\u00e9n nacido de Morena que tiene menos de seis meses: &#8220;<strong>Lo \u00fanico que me interesa ahora es mi nieto Amadeo<\/strong>, que est\u00e1 bien, va a estar conmigo hasta que esto se resuelva&#8221;.<\/p>\n<\/div>\n<div class=\"sc-80531b6b-0 chRIGJ container-text text-embed\">\n<p>&#8220;<strong>Se va a quedar conmigo porque soy el abuelo<\/strong> y soy el \u00fanico responsable en su entorno, lamentablemente&#8221;, adelant\u00f3 que se har\u00e1 cargo de la tenencia del menor.<\/p>\n<\/div>\n<div class=\"sc-80531b6b-0 chRIGJ container-text text-embed\">\n<p>Cabe recordar que el hijo mayor de More, <strong>Francesco, vive con su padre Facundo Ambrosioni<\/strong> y su actual pareja en C\u00f3rdoba. <\/p>\n<\/div>\n<div class=\"sc-80531b6b-0 chRIGJ container-text text-embed\">\n<p>Luego, respecto a la situaci\u00f3n judicial que la espera a la joven, Rial explic\u00f3: &#8220;<strong>La resoluci\u00f3n depende de la Justicia, yo ahora estoy velando por el bienestar de mi nieto<\/strong>, que es lo que m\u00e1s me importa&#8221;.<\/p>\n<\/div>\n<div class=\"sc-80531b6b-0 chRIGJ container-text text-embed\">\n<p>&#8220;<strong>Yo nunca la dej\u00e9 abandonada ni a la buena de Dios<\/strong>, pero son decisiones de vida, mi hija ya es mayor de edad, yo tambi\u00e9n fui v\u00edctima en silencio de las actitudes marginales de ella&#8221;, revel\u00f3 el conductor de C5N y Radio 10.<\/p>\n<\/div>\n<div class=\"sc-198be8ec-0 cynXbu image-embed  image-embed \"><picture class=\"sc-198be8ec-1 kOjRiQ\"><source media=\"(min-width: 975px)\" width=\"720\" height=\"480\" \/><img alt=\"Morena Rial, otra vez detenida por intento de robo a una casa.\" loading=\"lazy\" width=\"720\" height=\"480\" decoding=\"async\" data-nimg=\"1\" style=\"color:transparent\" src=\"https:\/\/13.com.ar\/wp-content\/uploads\/2025\/02\/Jorge-Rial-hablo-de-la-nueva-detencion-a-Morena-y.jpg\"\/><span class=\"epigraphe\">Morena Rial, otra vez detenida por intento de robo a una casa.<\/span><span class=\"bkg\"\/><span class=\"picture-open\"><button class=\"open-image\" aria-label=\"Open Image\"\/><\/span><\/picture><\/div>\n<div class=\"sc-80531b6b-0 chRIGJ container-text text-embed\">\n<p>Respecto a c\u00f3mo se siente con este esc\u00e1ndalo en el que se ve involucrada su hija mayor, Rial explic\u00f3: <strong>&#8220;Lo primero que siento es verg\u00fcenza,<\/strong> cien veces la apoy\u00e9 y me defraudaba, y la voy a seguir apoyando porque soy el padre, pero no voy a justificarla&#8221;.<\/p>\n<\/div>\n<div class=\"sc-80531b6b-0 chRIGJ container-text text-embed\">\n<p>&#8220;<strong>No voy a intervenir porque tiene que hacerse responsable de sus actos<\/strong>, va a ser tratada igual que cualquiera, son decisiones que tom\u00f3 ella y que yo repudio&#8221;, aclar\u00f3.<\/p>\n<\/div>\n<div class=\"sc-198be8ec-0 cynXbu image-embed  image-embed \"><picture class=\"sc-198be8ec-1 kOjRiQ\"><source media=\"(min-width: 975px)\" width=\"720\" height=\"480\" \/><img alt=\"Jorge Rial asegur\u00f3 que Morena &quot;no tendr\u00e1 privilegios&quot; ante la Justicia.\" loading=\"lazy\" width=\"720\" height=\"480\" decoding=\"async\" data-nimg=\"1\" style=\"color:transparent\" src=\"https:\/\/13.com.ar\/wp-content\/uploads\/2025\/02\/1738765339_705_Jorge-Rial-hablo-de-la-nueva-detencion-a-Morena-y.jpg\"\/><span class=\"epigraphe\">Jorge Rial asegur\u00f3 que Morena &#8220;no tendr\u00e1 privilegios&#8221; ante la Justicia.<\/span><span class=\"bkg\"\/><span class=\"picture-open\"><button class=\"open-image\" aria-label=\"Open Image\"\/><\/span><\/picture><\/div>\n<div class=\"sc-80531b6b-0 chRIGJ container-text text-embed\">\n<p>En ese sentido, Jorge revel\u00f3 la confesi\u00f3n que le hizo su hija antes de ser detenida por segunda vez: &#8220;Su elecci\u00f3n fue esta, no s\u00e9 por qu\u00e9, <strong>tom\u00f3 la decisi\u00f3n de estar marginada<\/strong>, en estos d\u00edas habl\u00e9 con ella y me dijo que lo hizo porque no ten\u00eda otra cosa que hacer, lo cual me indign\u00f3&#8221;.<\/p>\n<\/div>\n<div class=\"sc-80531b6b-0 chRIGJ container-text text-embed\">\n<p>&#8220;<strong>Hay un mont\u00f3n de cosas previas a cometer un delito<\/strong>, dejarse ayudar o laburar, nunca voy a aceptar esa excusa&#8221;, opin\u00f3. <\/p>\n<\/div>\n<p><h2>Jorge Rial habl\u00f3 de la situaci\u00f3n judicial de Morena, tras su segunda detenci\u00f3n<\/h2>\n<\/p>\n<div class=\"sc-80531b6b-0 chRIGJ container-text text-embed\">\n<p>&#8220;Est\u00e1 detenida en una comisar\u00eda de Capital Federal y <strong>va a ser trasladada a la provincia<\/strong> (de Buenos Aires) donde fue cometido el hecho, previo al conocido&#8221;, precis\u00f3 sobre su hija.<\/p>\n<\/div>\n<div class=\"sc-80531b6b-0 chRIGJ container-text text-embed\">\n<p>&#8220;<strong>Ayer habl\u00e9 con ella, le mand\u00e9 comida, pa\u00f1ales para el nene<\/strong>, la leche, pagarle el lugar donde estaba, no es que la dej\u00e9, ni siquiera en los peores momentos, cuando estaba enojado&#8221;, destac\u00f3. <\/p>\n<\/div>\n<div class=\"sc-80531b6b-0 chRIGJ container-text text-embed\">\n<p><strong>&#8220;Estoy preparado para que sea lo que sea, voy a estar al lado de ella como padre<\/strong> y no para que tenga privilegios, si ella tom\u00f3 la decisi\u00f3n de esta vida, sab\u00eda las consecuencias&#8221;, indic\u00f3. <\/p>\n<\/div>\n<div class=\"sc-80531b6b-0 chRIGJ container-text text-embed\">\n<p>Despu\u00e9s aclar\u00f3 que, en esta oportunidad, Morena no se encontraba con su hijo reci\u00e9n nacido: &#8220;<strong>Mi nieto por suerte en estos hechos no estaba involucrado<\/strong>, porque para m\u00ed fue muy doloroso verlo rodeado de polic\u00edas la otra vez&#8221;.<\/p>\n<\/div>\n<div class=\"sc-198be8ec-0 cynXbu image-embed  image-embed \"><picture class=\"sc-198be8ec-1 kOjRiQ\"><source media=\"(min-width: 975px)\" width=\"720\" height=\"480\" \/><img alt=\"La primera vez que detuvieron a Morena Rial estaba con su beb\u00e9 Amadeo. \" loading=\"lazy\" width=\"720\" height=\"480\" decoding=\"async\" data-nimg=\"1\" style=\"color:transparent\" src=\"https:\/\/13.com.ar\/wp-content\/uploads\/2025\/01\/1738157815_481_Oriana-Junco-cruzo-a-Jorge-Rial-y-su-hija-Morena.jpg\"\/><span class=\"epigraphe\">La primera vez que detuvieron a Morena Rial estaba con su beb\u00e9 Amadeo. <\/span><span class=\"bkg\"\/><span class=\"picture-open\"><button class=\"open-image\" aria-label=\"Open Image\"\/><\/span><\/picture><\/div>\n<div class=\"sc-80531b6b-0 chRIGJ container-text text-embed\">\n<p>&#8220;<strong>Yo lo \u00fanico que siento es mucha verg\u00fcenza, pido disculpas<\/strong> a los que fueron objetos de los delitos de mi hija, no puedo hacer m\u00e1s que eso, aunque siento responsabilidad porque es mi hija&#8221;, pidi\u00f3 perd\u00f3n a las v\u00edctimas de los robos por los que investigan a su hija. <\/p>\n<\/div>\n<div class=\"sc-80531b6b-0 chRIGJ container-text text-embed\">\n<p>A su vez, reconoci\u00f3 los motivos detr\u00e1s de la cobertura medi\u00e1tica que tiene el caso: &#8220;Se da la tormenta perfecta de medios que necesitan alimentarse y mi hija que le gusta alimentar a los medios&#8221;.<\/p>\n<\/div>\n<div class=\"sc-80531b6b-0 chRIGJ container-text text-embed\">\n<p>&#8220;<strong>Lamento mucho que mi apellido est\u00e9 involucrado en esto<\/strong>, pero es mi hija y se va a seguir llamando Rial siempre&#8221;, agreg\u00f3. <\/p>\n<\/div>\n<div class=\"sc-80531b6b-0 chRIGJ container-text text-embed\">\n<p>Para cerrar, se mostr\u00f3 esperanzado respecto al futuro de la joven: &#8220;<strong>Espero que esto sirva para que vuelva al buen camino<\/strong>, tiene muchas m\u00e1s ventajas que la mayor\u00eda de los pibes, por eso para m\u00ed no es una excusa delinquir, no afana para morfar, no era para eso, porque nunca le falt\u00f3 nada&#8221;.<\/p>\n<\/div>\n<div class=\"sc-80531b6b-0 chRIGJ container-text text-embed\">\n<p>&#8220;<strong>Todo esto me afecta en mi salud<\/strong>, te dan ganas de mandar todo a la mierda, pero ella eligi\u00f3 tomar un camino distinto al m\u00edo, no avalo la delincuencia, mi vida fue de absoluto laburo&#8221;, explic\u00f3 el periodista en referencia al ataque card\u00edaco que sufri\u00f3 a\u00f1os atr\u00e1s.<\/p>\n<\/div>\n<\/div>\n<p><br \/>\n<br \/><a href=\"https:\/\/www.clarin.com\/fama\/jorge-rial-hablo-segunda-detencion-morena-conto-encuentra-nieto-amadeo_0_TjqSz6acLI.html\">Fuente Clarin.com <\/a><\/p>\n","protected":false},"excerpt":{"rendered":"<p>Tras conocerse que Morena Rial fue detenida otra vez, Jorge rompi\u00f3 el silencio y se refiri\u00f3 a su situaci\u00f3n judicial. Tambi\u00e9n adelant\u00f3 que se har\u00e1 cargo de su nieto reci\u00e9n nacido, Amadeo. &#8220;Seg\u00fan tengo entendido es un hecho distinto al de la otra vez, previo&#8221;, aclar\u00f3 el periodista al abrir su programa Argenzuela (Radio 10). [&hellip;]<\/p>\n","protected":false},"author":1,"featured_media":2176,"comment_status":"open","ping_status":"open","sticky":false,"template":"","format":"standard","meta":{"footnotes":""},"categories":[2],"tags":[4057,66,506,1137,4055,347,876,878,4056,19,877],"class_list":["post-2175","post","type-post","status-publish","format-standard","has-post-thumbnail","hentry","category-ultimas-noticias","tag-amadeo","tag-como","tag-conto","tag-detencion","tag-encuentra","tag-hablo","tag-jorge","tag-morena","tag-nieto","tag-nueva","tag-rial"],"_links":{"self":[{"href":"https:\/\/13.com.ar\/index.php\/wp-json\/wp\/v2\/posts\/2175","targetHints":{"allow":["GET"]}}],"collection":[{"href":"https:\/\/13.com.ar\/index.php\/wp-json\/wp\/v2\/posts"}],"about":[{"href":"https:\/\/13.com.ar\/index.php\/wp-json\/wp\/v2\/types\/post"}],"author":[{"embeddable":true,"href":"https:\/\/13.com.ar\/index.php\/wp-json\/wp\/v2\/users\/1"}],"replies":[{"embeddable":true,"href":"https:\/\/13.com.ar\/index.php\/wp-json\/wp\/v2\/comments?post=2175"}],"version-history":[{"count":0,"href":"https:\/\/13.com.ar\/index.php\/wp-json\/wp\/v2\/posts\/2175\/revisions"}],"wp:featuredmedia":[{"embeddable":true,"href":"https:\/\/13.com.ar\/index.php\/wp-json\/wp\/v2\/media\/2176"}],"wp:attachment":[{"href":"https:\/\/13.com.ar\/index.php\/wp-json\/wp\/v2\/media?parent=2175"}],"wp:term":[{"taxonomy":"category","embeddable":true,"href":"https:\/\/13.com.ar\/index.php\/wp-json\/wp\/v2\/categories?post=2175"},{"taxonomy":"post_tag","embeddable":true,"href":"https:\/\/13.com.ar\/index.php\/wp-json\/wp\/v2\/tags?post=2175"}],"curies":[{"name":"wp","href":"https:\/\/api.w.org\/{rel}","templated":true}]}}