{"id":2170,"date":"2025-02-05T11:13:34","date_gmt":"2025-02-05T14:13:34","guid":{"rendered":"https:\/\/13.com.ar\/index.php\/graciela-alfano-estaria-saliendo-con-un-famoso-dj-38-anos-mas-joven-que-ella-el-video-juntos\/"},"modified":"2025-02-05T11:13:34","modified_gmt":"2025-02-05T14:13:34","slug":"graciela-alfano-estaria-saliendo-con-un-famoso-dj-38-anos-mas-joven-que-ella-el-video-juntos","status":"publish","type":"post","link":"https:\/\/13.com.ar\/index.php\/graciela-alfano-estaria-saliendo-con-un-famoso-dj-38-anos-mas-joven-que-ella-el-video-juntos\/","title":{"rendered":"Graciela Alfano estar\u00eda saliendo con un famoso DJ 38 a\u00f1os m\u00e1s joven que ella: el video juntos"},"content":{"rendered":"<p> <br \/>\n<\/p>\n<div id=\"cuerpo\">\n<div class=\"sc-80531b6b-0 chRIGJ container-text text-embed\">\n<p>Desde su separaci\u00f3n del empresario Carlos Bustin, tras dos a\u00f1os de amor, <strong>Graciela Alfano <\/strong>(72) ya fue vinculada a varios nombres, incluso llegando hasta el presidente Javier Milei y el ex futbolista Ronaldinho.<\/p>\n<\/div>\n<div class=\"sc-80531b6b-0 chRIGJ container-text text-embed\">\n<p>Mientras que Grace disfruta de su solter\u00eda, ya se tom\u00f3 unas merecidas vacaciones en Punta del Este y aprovech\u00f3 para compartir fotos y videos mostrando su cuerpo y ense\u00f1\u00e1ndole a todos sus seguidores que los a\u00f1os a\u00fan no pasaron para ella.<\/p>\n<\/div>\n<div class=\"sc-80531b6b-0 chRIGJ container-text text-embed\">\n<p>En ese sentido, ahora, la ex vedette <strong>fue vista en un auto junto a otro hombre totalmente inesperado<\/strong>, que volvi\u00f3 a despertar los rumores de romance.<\/p>\n<\/div>\n<div class=\"sc-80531b6b-0 chRIGJ container-text text-embed\">\n<p>La noticia fue brindada por Pepe Ochoa al aire de <em>LAM <\/em>(Am\u00e9rica), quien comenz\u00f3 diciendo: \u201cMe despert\u00e9 a la ma\u00f1ana y me lleg\u00f3 este video.<strong> \u00c9l es cero medi\u00e1tico pero muy famoso y millonario. <\/strong>Todo el mundo lo conoce, pero no lo vas a asociar nunca a Graciela Alfano\u201d.<\/p>\n<\/div>\n<div class=\"sc-198be8ec-0 cynXbu image-embed  image-embed \"><picture class=\"sc-198be8ec-1 kOjRiQ\"><source media=\"(min-width: 975px)\" width=\"720\" height=\"480\" \/><img alt=\"Graciela Alfano fue vista junto a Fer Palacio. Foto: Captura TV\" loading=\"lazy\" width=\"720\" height=\"480\" decoding=\"async\" data-nimg=\"1\" style=\"color:transparent\" src=\"https:\/\/13.com.ar\/wp-content\/uploads\/2025\/02\/Graciela-Alfano-estaria-saliendo-con-un-famoso-DJ-38-anos.jpg\"\/><span class=\"epigraphe\">Graciela Alfano fue vista junto a Fer Palacio. Foto: Captura TV<\/span><span class=\"bkg\"\/><span class=\"picture-open\"><button class=\"open-image\" aria-label=\"Open Image\"\/><\/span><\/picture><\/div>\n<div class=\"sc-80531b6b-0 chRIGJ container-text text-embed\">\n<p>\u201cLa persona que me lo manda me dice que los vio llegar a un lugar,<strong> entraron en un auto espectacular, en donde solo entran solo dos personas<\/strong>. Manejaba \u00e9l. No hab\u00eda nadie, solo ellos dos. <strong>Graciela le duplica la edad<\/strong>\u201d, agreg\u00f3 el panelista.<\/p>\n<\/div>\n<div class=\"sc-198be8ec-0 cynXbu image-embed  image-embed \"><picture class=\"sc-198be8ec-1 kOjRiQ\"><source media=\"(min-width: 975px)\" width=\"720\" height=\"480\" \/><img alt=\"Fer Palacio, el reconocido DJ de 34 a\u00f1os. Foto: Instagram\" loading=\"lazy\" width=\"720\" height=\"480\" decoding=\"async\" data-nimg=\"1\" style=\"color:transparent\" src=\"https:\/\/13.com.ar\/wp-content\/uploads\/2025\/02\/1738764814_688_Graciela-Alfano-estaria-saliendo-con-un-famoso-DJ-38-anos.jpg\"\/><span class=\"epigraphe\">Fer Palacio, el reconocido DJ de 34 a\u00f1os. Foto: Instagram<\/span><span class=\"bkg\"\/><span class=\"picture-open\"><button class=\"open-image\" aria-label=\"Open Image\"\/><\/span><\/picture><\/div>\n<div class=\"sc-80531b6b-0 chRIGJ container-text text-embed\">\n<p>Fue entonces que Ochoa finalmente revel\u00f3 que se trataba <strong>del DJ Fer Palacio<\/strong>, quien tiene <strong>34 a\u00f1os<\/strong> y es sumamente conocido en el ambiente. A continuaci\u00f3n, mostraron las im\u00e1genes al aire de Graciela y Fer juntos en el auto en cuesti\u00f3n.<\/p>\n<\/div>\n<div class=\"sc-198be8ec-0 cynXbu image-embed  image-embed \"><picture class=\"sc-198be8ec-1 kOjRiQ\"><source media=\"(min-width: 975px)\" width=\"720\" height=\"480\" \/><img alt=\"El auto en el que fueron vistos Fer Palacio y Graciela Alfano. Foto: Captura TV\" loading=\"lazy\" width=\"720\" height=\"480\" decoding=\"async\" data-nimg=\"1\" style=\"color:transparent\" src=\"https:\/\/13.com.ar\/wp-content\/uploads\/2025\/02\/1738764814_347_Graciela-Alfano-estaria-saliendo-con-un-famoso-DJ-38-anos.jpg\"\/><span class=\"epigraphe\">El auto en el que fueron vistos Fer Palacio y Graciela Alfano. Foto: Captura TV<\/span><span class=\"bkg\"\/><span class=\"picture-open\"><button class=\"open-image\" aria-label=\"Open Image\"\/><\/span><\/picture><\/div>\n<div class=\"sc-80531b6b-0 chRIGJ container-text text-embed\">\n<p>\u201cEsto es en una colectora en San Isidro, estaban ellos dos solos. Cuando le pregunt\u00e9 a la persona que me mand\u00f3 esto,<strong> me dijeron que entraron juntos a un lugar y permanecieron juntos<\/strong>\u201d, termin\u00f3 de agregar Pepe.<\/p>\n<\/div>\n<div class=\"sc-198be8ec-0 cynXbu image-embed  image-embed \"><picture class=\"sc-198be8ec-1 kOjRiQ\"><source media=\"(min-width: 975px)\" width=\"720\" height=\"480\" \/><img alt=\"El auto de Fer Palacio. Foto: Captura TV\" loading=\"lazy\" width=\"720\" height=\"480\" decoding=\"async\" data-nimg=\"1\" style=\"color:transparent\" src=\"https:\/\/13.com.ar\/wp-content\/uploads\/2025\/02\/1738764814_413_Graciela-Alfano-estaria-saliendo-con-un-famoso-DJ-38-anos.jpg\"\/><span class=\"epigraphe\">El auto de Fer Palacio. Foto: Captura TV<\/span><span class=\"bkg\"\/><span class=\"picture-open\"><button class=\"open-image\" aria-label=\"Open Image\"\/><\/span><\/picture><\/div>\n<p><h2>C\u00f3mo fue el encuentro de Graciela Alfano con Ronaldinho<\/h2>\n<\/p>\n<div class=\"sc-80531b6b-0 chRIGJ container-text text-embed\">\n<p><strong>Ronaldinho Gaucho<\/strong>, el exfutbolista brasile\u00f1o que visit\u00f3 Uruguay para disputar un partido de leyendas junto a otros \u00eddolos del f\u00fatbol sudamericano, <strong>tuvo un inesperado encuentro con Graciela Alfano en Punta del Este.<\/strong><\/p>\n<\/div>\n<div class=\"sc-198be8ec-0 cynXbu image-embed  image-embed \"><picture class=\"sc-198be8ec-1 kOjRiQ\"><source media=\"(min-width: 975px)\" width=\"720\" height=\"480\" \/><img alt=\"Graciela Alfano coincidi\u00f3 con Ronaldinho Ga\u00facho, el ic\u00f3nico futbolista brasile\u00f1o en un hotel de Uruguay.\" loading=\"lazy\" width=\"720\" height=\"480\" decoding=\"async\" data-nimg=\"1\" style=\"color:transparent\" src=\"https:\/\/13.com.ar\/wp-content\/uploads\/2025\/02\/1738764814_696_Graciela-Alfano-estaria-saliendo-con-un-famoso-DJ-38-anos.jpg\"\/><span class=\"epigraphe\">Graciela Alfano coincidi\u00f3 con Ronaldinho Ga\u00facho, el ic\u00f3nico futbolista brasile\u00f1o en un hotel de Uruguay.<\/span><span class=\"bkg\"\/><span class=\"picture-open\"><button class=\"open-image\" aria-label=\"Open Image\"\/><\/span><\/picture><\/div>\n<div class=\"sc-80531b6b-0 chRIGJ container-text text-embed\">\n<p>Lo cierto es que <strong>la vedette y Ronaldinho se hospedaron de casualidad en el mismo hotel <\/strong>y Grace se lo cruz\u00f3 en el lobby del hotel cuando ella se dirig\u00eda a un evento al que fue contratada. Fue en ese preciso momento que el ex jugador del Barcelona y PSG estaba haciendo el check in y all\u00ed se origin\u00f3 el encuentro.<\/p>\n<\/div>\n<div class=\"sc-80531b6b-0 chRIGJ container-text text-embed\">\n<p>En di\u00e1logo con <strong>Clar\u00edn<\/strong>, Graciela cont\u00f3 detalles: \u201c\u00bfPod\u00e9s creer que yo baj\u00e9 y justo \u00e9l entraba? Fue un timing increible. Me iba a un evento y \u00e9l llegaba.<strong> Se instal\u00f3 en el hotel y yo justo ah\u00ed bajo del ascensor. <\/strong>Todo el mundo lo esperaba y yo sab\u00eda que lo estaban esperando en el hotel. Es una mega estrella, gan\u00f3 3 Balones de Oro&#8221;.<\/p>\n<\/div>\n<div class=\"sc-ad4aedf2-0 dPPgNJ border-video video-embed horizontal border-video video-embed horizontal\">\n<div class=\"sc-ad4aedf2-1 hnFuni videoText videoText\">\n<h2>Video<\/h2>\n<p>El encuentro entre Graciela Alfano y Ronaldinho<\/p>\n<\/div>\n<\/div>\n<div class=\"sc-80531b6b-0 chRIGJ container-text text-embed\">\n<p>En tanto, revel\u00f3 c\u00f3mo fue el cruce de palabras con Dinho y sus sensaciones tras haberlo conocido: &#8220;Le dije<strong> \u2018soy tu comit\u00e9 de recepci\u00f3n del hotel&#8217;.<\/strong> Me present\u00e9, le dije si quer\u00eda sacarse una foto y me dijo \u2018por supuesto\u2019. Divino\u201d.<\/p>\n<\/div>\n<div class=\"sc-80531b6b-0 chRIGJ container-text text-embed\">\n<p>&#8220;Yo soy chistosa y le dije que le d\u00e1bamos la bienvenida en el hotel. Ah\u00ed se entra a cagar de risa y me present\u00e9. <strong>Le expliqu\u00e9 quien soy y \u00e9l me responde &#8216;Me imagin\u00e9 que eras una diva&#8217;. <\/strong>Nos re\u00edmos un rato, \u00e9l muy divertido y ah\u00ed nos sacamos la foto que despu\u00e9s publiqu\u00e9 en mis redes&#8221;, relat\u00f3 Alfano.<\/p>\n<\/div>\n<div class=\"sc-198be8ec-0 cynXbu image-embed  image-embed \"><picture class=\"sc-198be8ec-1 kOjRiQ\"><source media=\"(min-width: 975px)\" width=\"720\" height=\"480\" \/><img alt=\"Graciela Alfano coincidi\u00f3 con Ronaldinho Ga\u00facho, el ic\u00f3nico futbolista brasile\u00f1o en un hotel de Uruguay.\" loading=\"lazy\" width=\"720\" height=\"480\" decoding=\"async\" data-nimg=\"1\" style=\"color:transparent\" src=\"https:\/\/13.com.ar\/wp-content\/uploads\/2025\/02\/1738764814_575_Graciela-Alfano-estaria-saliendo-con-un-famoso-DJ-38-anos.jpg\"\/><span class=\"epigraphe\">Graciela Alfano coincidi\u00f3 con Ronaldinho Ga\u00facho, el ic\u00f3nico futbolista brasile\u00f1o en un hotel de Uruguay.<\/span><span class=\"bkg\"\/><span class=\"picture-open\"><button class=\"open-image\" aria-label=\"Open Image\"\/><\/span><\/picture><\/div>\n<div class=\"sc-80531b6b-0 chRIGJ container-text text-embed\">\n<p>\u201cCon el \u00eddolo Ronaldinho\u201d, escribi\u00f3 Graciela en el posteo que public\u00f3 minutos despu\u00e9s en su cuenta de Instagram con m\u00e1s de un mill\u00f3n de seguidores.<\/p>\n<\/div>\n<div class=\"sc-80531b6b-0 chRIGJ container-text text-embed\">\n<p>Luego, se supo que hab\u00eda una c\u00e1mara exclusiva de la cuenta de chimentos @farandulashowtv, que pudo captar todo lo que fue la llegada de Ronaldinho al hotel y las im\u00e1genes del encuentro con Alfano.<\/p>\n<\/div>\n<div class=\"sc-198be8ec-0 cynXbu image-embed  image-embed \"><picture class=\"sc-198be8ec-1 kOjRiQ\"><source media=\"(min-width: 975px)\" width=\"720\" height=\"480\" \/><img alt=\"Graciela Alfano coincidi\u00f3 con Ronaldinho Ga\u00facho, el ic\u00f3nico futbolista brasile\u00f1o en un hotel de Uruguay.\" loading=\"lazy\" width=\"720\" height=\"480\" decoding=\"async\" data-nimg=\"1\" style=\"color:transparent\" src=\"https:\/\/13.com.ar\/wp-content\/uploads\/2025\/02\/1738764814_937_Graciela-Alfano-estaria-saliendo-con-un-famoso-DJ-38-anos.jpg\"\/><span class=\"epigraphe\">Graciela Alfano coincidi\u00f3 con Ronaldinho Ga\u00facho, el ic\u00f3nico futbolista brasile\u00f1o en un hotel de Uruguay.<\/span><span class=\"bkg\"\/><span class=\"picture-open\"><button class=\"open-image\" aria-label=\"Open Image\"\/><\/span><\/picture><\/div>\n<div class=\"sc-80531b6b-0 chRIGJ container-text text-embed\">\n<p>En la grabaci\u00f3n, se puede ver c\u00f3mo la vedette, vestida toda elegante de blanco, se sorprende al cruzarse a la salida del ascensor con el exfutbolista campe\u00f3n del mundo con Brasil.<\/p>\n<\/div>\n<div class=\"sc-80531b6b-0 chRIGJ container-text text-embed\">\n<p>&#8220;<strong>C\u00f3mo me apret\u00f3 la cintura para la foto&#8230; Y bueno, hay para apretar. <\/strong>Yo lo agarr\u00e9 del cuello. Nos agarramos mutuamente&#8221;, fue su reacci\u00f3n a los diversos comentarios que surgieron en las redes y que indicaban que hab\u00eda habido qu\u00edmica entre ellos.<\/p>\n<\/div>\n<div class=\"sc-198be8ec-0 cynXbu image-embed  image-embed \"><picture class=\"sc-198be8ec-1 kOjRiQ\"><source media=\"(min-width: 975px)\" width=\"720\" height=\"480\" \/><img alt=\"Graciela Alfano coincidi\u00f3 con Ronaldinho Ga\u00facho, el ic\u00f3nico futbolista brasile\u00f1o en un hotel de Uruguay.\" loading=\"lazy\" width=\"720\" height=\"480\" decoding=\"async\" data-nimg=\"1\" style=\"color:transparent\" src=\"https:\/\/13.com.ar\/wp-content\/uploads\/2025\/02\/1738764814_226_Graciela-Alfano-estaria-saliendo-con-un-famoso-DJ-38-anos.jpg\"\/><span class=\"epigraphe\">Graciela Alfano coincidi\u00f3 con Ronaldinho Ga\u00facho, el ic\u00f3nico futbolista brasile\u00f1o en un hotel de Uruguay.<\/span><span class=\"bkg\"\/><span class=\"picture-open\"><button class=\"open-image\" aria-label=\"Open Image\"\/><\/span><\/picture><\/div>\n<div class=\"sc-80531b6b-0 chRIGJ container-text text-embed\">\n<p>&#8220;Despu\u00e9s de ah\u00ed nada, me fui al evento toda divina. Luego, fui invitada a verlo jugar junto a otras figuras del f\u00fatbol, pero no voy a poder ir al partido a beneficio&#8221;, recalc\u00f3 la actriz.<\/p>\n<\/div>\n<div class=\"sc-80531b6b-0 chRIGJ container-text text-embed\">\n<p>Sobre las sensaciones que le qued\u00f3 tras conocer al ex compa\u00f1ero de Lionel Messi en Barcelona, Graciela dej\u00f3 en claro que se dar\u00eda una oportunidad para conocerlo: &#8220;La verdad que pude ver la grandeza del pibe. Mega simp\u00e1tico. Re buena onda y divino. <strong>Me tomar\u00eda un caf\u00e9 con \u00e9l<\/strong>. Re fachero y tiene carisma, no solo es un futbolista alucinante&#8221;.<\/p>\n<\/div>\n<\/div>\n<p><br \/>\n<br \/><a href=\"https:\/\/www.clarin.com\/fama\/graciela-alfano-saliendo-famoso-dj-38-anos-joven-video-juntos_0_QBkGSg7Jxl.html\">Fuente Clarin.com <\/a><\/p>\n","protected":false},"excerpt":{"rendered":"<p>Desde su separaci\u00f3n del empresario Carlos Bustin, tras dos a\u00f1os de amor, Graciela Alfano (72) ya fue vinculada a varios nombres, incluso llegando hasta el presidente Javier Milei y el ex futbolista Ronaldinho. Mientras que Grace disfruta de su solter\u00eda, ya se tom\u00f3 unas merecidas vacaciones en Punta del Este y aprovech\u00f3 para compartir fotos [&hellip;]<\/p>\n","protected":false},"author":1,"featured_media":2171,"comment_status":"open","ping_status":"open","sticky":false,"template":"","format":"standard","meta":{"footnotes":""},"categories":[2],"tags":[4049,636,18,2895,4050,2407,4048,2842,3279,155,4051,200],"class_list":["post-2170","post","type-post","status-publish","format-standard","has-post-thumbnail","hentry","category-ultimas-noticias","tag-alfano","tag-anos","tag-con","tag-ella","tag-estaria","tag-famoso","tag-graciela","tag-joven","tag-juntos","tag-mas","tag-saliendo","tag-video"],"_links":{"self":[{"href":"https:\/\/13.com.ar\/index.php\/wp-json\/wp\/v2\/posts\/2170","targetHints":{"allow":["GET"]}}],"collection":[{"href":"https:\/\/13.com.ar\/index.php\/wp-json\/wp\/v2\/posts"}],"about":[{"href":"https:\/\/13.com.ar\/index.php\/wp-json\/wp\/v2\/types\/post"}],"author":[{"embeddable":true,"href":"https:\/\/13.com.ar\/index.php\/wp-json\/wp\/v2\/users\/1"}],"replies":[{"embeddable":true,"href":"https:\/\/13.com.ar\/index.php\/wp-json\/wp\/v2\/comments?post=2170"}],"version-history":[{"count":0,"href":"https:\/\/13.com.ar\/index.php\/wp-json\/wp\/v2\/posts\/2170\/revisions"}],"wp:featuredmedia":[{"embeddable":true,"href":"https:\/\/13.com.ar\/index.php\/wp-json\/wp\/v2\/media\/2171"}],"wp:attachment":[{"href":"https:\/\/13.com.ar\/index.php\/wp-json\/wp\/v2\/media?parent=2170"}],"wp:term":[{"taxonomy":"category","embeddable":true,"href":"https:\/\/13.com.ar\/index.php\/wp-json\/wp\/v2\/categories?post=2170"},{"taxonomy":"post_tag","embeddable":true,"href":"https:\/\/13.com.ar\/index.php\/wp-json\/wp\/v2\/tags?post=2170"}],"curies":[{"name":"wp","href":"https:\/\/api.w.org\/{rel}","templated":true}]}}