{"id":2166,"date":"2025-02-05T11:08:02","date_gmt":"2025-02-05T14:08:02","guid":{"rendered":"https:\/\/13.com.ar\/index.php\/en-expoagro-habra-una-jornada-especial-para-estudiantes\/"},"modified":"2025-02-05T11:08:02","modified_gmt":"2025-02-05T14:08:02","slug":"en-expoagro-habra-una-jornada-especial-para-estudiantes","status":"publish","type":"post","link":"https:\/\/13.com.ar\/index.php\/en-expoagro-habra-una-jornada-especial-para-estudiantes\/","title":{"rendered":"En Expoagro habr\u00e1 una jornada especial para estudiantes"},"content":{"rendered":"<p> <br \/>\n<br \/><img decoding=\"async\" src=\"https:\/\/13.com.ar\/wp-content\/uploads\/2025\/02\/En-Expoagro-habra-una-jornada-especial-para-estudiantes.jpg\" \/><\/p>\n<div id=\"cuerpo\">\n<div class=\"sc-80531b6b-0 chRIGJ container-text text-embed\">\n<p>Las futuras generaciones del agro tienen su espacio en la Capital Nacional de los Agronegocios, con un d\u00eda especial para estudiantes universitarios y secundarios. Se realizar\u00e1 la tercera edici\u00f3n de la Jornada de J\u00f3venes el jueves 13 de marzo, organizada por Expoagro, con la colaboraci\u00f3n del INTA y Las Chicas del Agro, y tendr\u00e1 como anfitriona a la Facultad de Ciencias Agropecuarias de la Universidad Nacional de C\u00f3rdoba.<\/p>\n<\/div>\n<div class=\"sc-80531b6b-0 chRIGJ container-text text-embed\">\n<p>La primera parte se llevar\u00e1 a cabo en el Tecn\u00f3dromo Mario Bragachini y la segunda, continuar\u00e1 en el Anfiteatro SPS. Est\u00e1 destinado a estudiantes universitarios y de escuelas secundarias, y representantes de grupos de ateneos de distintas organizaciones y entidades del agro.<\/p>\n<\/div>\n<p><h2>Herramientas y tendencias para una nueva generaci\u00f3n agropecuaria<\/h2>\n<\/p>\n<div class=\"sc-80531b6b-0 chRIGJ container-text text-embed\">\n<p>Comenzar\u00e1 a las 14 hs, en el Tecn\u00f3dromo, con una disertaci\u00f3n sobre \u201cInteligencia y Tecnolog\u00eda\u201d, donde se abordar\u00e1n las tendencias en inteligencia artificial y rob\u00f3tica; y tambi\u00e9n se hablar\u00e1 sobre las m\u00e1quinas de \u00faltima generaci\u00f3n disponibles en el mercado.<\/p>\n<\/div>\n<div class=\"sc-80531b6b-0 chRIGJ container-text text-embed\">\n<p>Desde las 14:45 hs, Andrea Mart\u00ednez Rojas desarrollar\u00e1 una charla sobre \u201cMarketing digital y el Agro. \u00a1Los Simpsons ya lo predijeron!\u201d. Expondr\u00e1 sobre los principios y l\u00f3gicas del marketing y los negocios digitales, recurriendo al \u00edcono de la cultura popular de Los Simpsons y su supuesta capacidad de \u201cpredecir el futuro\u201d para introducir las tendencias 2025 y\/o los conceptos clave.<\/p>\n<\/div>\n<div class=\"sc-80531b6b-0 chRIGJ container-text text-embed\">\n<p>El prop\u00f3sito central de esta Jornada es acercar los principios del marketing y los negocios digitales al sector agropecuario de una manera din\u00e1mica y entretenida. Samir Mohuanna, de la Universidad Nacional de C\u00f3rdoba, explic\u00f3 que \u201cla propuesta nace con el objetivo de complementar las diversas iniciativas que ofrece la exposici\u00f3n, incorporando tem\u00e1ticas clave como el marketing, la construcci\u00f3n de propuestas de valor y la identificaci\u00f3n del p\u00fablico objetivo. Para hacerlo de una manera innovadora y atractiva, recurrimos a los recursos narrativos y referencias de una de las series m\u00e1s influyentes de la cultura popular: Los Simpson\u201d.<\/p>\n<\/div>\n<div class=\"sc-80531b6b-0 chRIGJ container-text text-embed\">\n<p>A esto, Samir Mohuanna agreg\u00f3: \u201cEl agro tiene un enorme potencial comercial y productivo, con un crecimiento sostenido que requiere mantenerse a la vanguardia en tendencias y estrategias de comunicaci\u00f3n. A trav\u00e9s de esta charla, buscamos conectar el mundo agropecuario con los conceptos esenciales del marketing y los negocios digitales, utilizando el humor y la perspicacia de Los Simpson para generar una experiencia memorable y de alto impacto\u201d.<\/p>\n<\/div>\n<div class=\"sc-80531b6b-0 chRIGJ container-text text-embed\">\n<p>La primera etapa ser\u00e1 moderada por el periodista cordob\u00e9s Felipe Agusti.<\/p>\n<\/div>\n<p><h2>Especial Escuelas Secundarias<\/h2>\n<\/p>\n<div class=\"sc-80531b6b-0 chRIGJ container-text text-embed\">\n<p>Luego, desde las 16 hs, y en el Anfiteatro SPS, ser\u00e1 el turno de un momento particularmente pensado para los estudiantes de escuelas secundarias. Estar\u00e1 a cargo de Las Chicas del Agro y la charla tendr\u00e1 como t\u00edtulo: \u201c\u00bfY luego qu\u00e9? Pensando el camino despu\u00e9s de la Escuela\u00bb.<\/p>\n<\/div>\n<div class=\"sc-80531b6b-0 chRIGJ container-text text-embed\">\n<p>Acerca de c\u00f3mo surgi\u00f3 la idea de esta tem\u00e1tica, Monica Lucero, cofundadora de Las Chicas del Agro, cont\u00f3: \u201cEn el 2024 tuvimos la oportunidad de visitar varios colegios agropecuarios con nuestro taller \u201c\u00bfQu\u00e9 quer\u00e9s ser cuando seas grande?\u201d Y de la interacci\u00f3n con los j\u00f3venes pod\u00edamos sentir todo el conjunto de emociones que atravesaban en ese momento. Para algunos la posibilidad de seguir estudiando no estaba, para otros implicaba dejar la ciudad natal y, en su mayor\u00eda, la situaci\u00f3n econ\u00f3mica tambi\u00e9n atravesaba estas posibilidades. Por eso, pensamos en charlar con los chicos acerca de que el pr\u00f3ximo paso luego del colegio es solo eso: un pr\u00f3ximo paso, de una construcci\u00f3n profesional, de una carrera de trabajo, y por supuesto en lo personal\u201d.<\/p>\n<\/div>\n<div class=\"sc-80531b6b-0 chRIGJ container-text text-embed\">\n<p>En cuanto a la propuesta, explic\u00f3 que \u201cest\u00e1 orientada a charlar con aquellos j\u00f3venes que reci\u00e9n atravesaron por esa situaci\u00f3n y lo tienen \u201cm\u00e1s fresquito\u201d, porque obviamente a nosotras tambi\u00e9n nos ha atravesado lo mismo o muy parecido. Y tambi\u00e9n conversar acerca de algunas creencias que pueden limitarnos, charlar un poco de la noci\u00f3n de proceso, etapas, de c\u00f3mo la creatividad puede ser una herramienta para atravesar el cambio. Y, al final de las cuentas, sacarle un poco de dramatismo a esta etapa de finalizar el colegio donde pareciera que nos determina para siempre. Recordando siempre que la creatividad es una herramienta fundamental y gratis que tenemos a mano cada vez que precisemos solo hay que ejercitarla y no olvidarse de ella\u201d.<\/p>\n<\/div>\n<div class=\"sc-80531b6b-0 chRIGJ container-text text-embed\">\n<p>M\u00e1s tarde, a las 16:30 hs, con una charla con el t\u00edtulo \u00abSumar 10\u00bb, Gabriela Tallarico y Adriana Godoy, referentes del Programa AgTech del INTA, disertar\u00e1n acerca de \u201cestar en la cancha de las agrotecnolog\u00edas con la mejor camiseta \u00bfAceptas el desaf\u00edo?\u201d.<\/p>\n<\/div>\n<p><h2>Una convocatoria federal para las nuevas generaciones<\/h2>\n<\/p>\n<div class=\"sc-80531b6b-0 chRIGJ container-text text-embed\">\n<p>Desde la organizaci\u00f3n Las Chicas del Agro est\u00e1n invitando a las escuelas de la zona de San Nicol\u00e1s, y esperan chicos de la regi\u00f3n, de Santa Fe y de Buenos Aires. Sobre este tema, Monica Lucero adelant\u00f3: \u201cEstamos muy emocionadas porque capaz nos acompa\u00f1an desde la Patagonia, algunos alumnos de escuelas agropecuarias de Neuqu\u00e9n y Rio Negro\u201d.<\/p>\n<\/div>\n<div class=\"sc-80531b6b-0 chRIGJ container-text text-embed\">\n<p>\u201cEsperamos que sea puro aprendizaje\u201d, dijo M\u00f3nica Lucero, y agreg\u00f3: \u201cPara los j\u00f3venes, ver esta muestra impresionante de la potencia del agro creo que los va a motivar a seguir en el rubro. Y de nuestra parte esperamos contribuir un poquito m\u00e1s con nuestro objetivo de visibilizar el agro y las mujeres que trabajan en \u00e9l\u201d.<\/p>\n<\/div>\n<div class=\"sc-80531b6b-0 chRIGJ container-text text-embed\">\n<p>Por su parte, Samir Mohuanna, de la Universidad Nacional de C\u00f3rdoba, expres\u00f3: \u201cNuestra expectativa es que esta jornada inspire a los participantes a repensar el agro desde una perspectiva innovadora y alineada con las tendencias del futuro. Buscamos generar un espacio de aprendizaje din\u00e1mico, donde los asistentes no solo incorporen herramientas clave de marketing y negocios digitales, sino que tambi\u00e9n puedan visualizar nuevas oportunidades en el sector agropecuario. Adem\u00e1s, esperamos que la Jornada fomente la interacci\u00f3n y el intercambio de ideas entre j\u00f3venes con intereses afines, potenciando la creatividad y el esp\u00edritu emprendedor en el agro\u201d.<\/p>\n<\/div>\n<div class=\"sc-80531b6b-0 chRIGJ container-text text-embed\">\n<p>Expoagro edici\u00f3n YPF Agro se realizar\u00e1 del 11 al 14 de marzo, en el predio ferial y autodromo de San Nicol\u00e1s (Buenos Aires) -RN 9 Km 225-. La Jornada de J\u00f3venes ser\u00e1 el jueves 13 y todas los que participan en la organizaci\u00f3n \u2013 Expoagro, el INTA, Las Chicas del Agro y la Facultad de Ciencias Agropecuarias de la Universidad Nacional de C\u00f3rdoba- esperan con mucha alegr\u00eda y entusiasmo a todos los j\u00f3venes del pa\u00eds, para conocer de cerca sus inquietudes y necesidades.<\/p>\n<\/div>\n<\/div>\n<p><br \/>\n<br \/><a href=\"https:\/\/www.clarin.com\/rural\/expoagro-jornada-especial-estudiantes_0_xhMNFDaGBA.html\">Fuente Clarin.com <\/a><\/p>\n","protected":false},"excerpt":{"rendered":"<p>Las futuras generaciones del agro tienen su espacio en la Capital Nacional de los Agronegocios, con un d\u00eda especial para estudiantes universitarios y secundarios. Se realizar\u00e1 la tercera edici\u00f3n de la Jornada de J\u00f3venes el jueves 13 de marzo, organizada por Expoagro, con la colaboraci\u00f3n del INTA y Las Chicas del Agro, y tendr\u00e1 como [&hellip;]<\/p>\n","protected":false},"author":1,"featured_media":2167,"comment_status":"open","ping_status":"open","sticky":false,"template":"","format":"standard","meta":{"footnotes":""},"categories":[2],"tags":[3442,605,4046,2086,3684,16,73],"class_list":["post-2166","post","type-post","status-publish","format-standard","has-post-thumbnail","hentry","category-ultimas-noticias","tag-especial","tag-estudiantes","tag-expoagro","tag-habra","tag-jornada","tag-para","tag-una"],"_links":{"self":[{"href":"https:\/\/13.com.ar\/index.php\/wp-json\/wp\/v2\/posts\/2166","targetHints":{"allow":["GET"]}}],"collection":[{"href":"https:\/\/13.com.ar\/index.php\/wp-json\/wp\/v2\/posts"}],"about":[{"href":"https:\/\/13.com.ar\/index.php\/wp-json\/wp\/v2\/types\/post"}],"author":[{"embeddable":true,"href":"https:\/\/13.com.ar\/index.php\/wp-json\/wp\/v2\/users\/1"}],"replies":[{"embeddable":true,"href":"https:\/\/13.com.ar\/index.php\/wp-json\/wp\/v2\/comments?post=2166"}],"version-history":[{"count":0,"href":"https:\/\/13.com.ar\/index.php\/wp-json\/wp\/v2\/posts\/2166\/revisions"}],"wp:featuredmedia":[{"embeddable":true,"href":"https:\/\/13.com.ar\/index.php\/wp-json\/wp\/v2\/media\/2167"}],"wp:attachment":[{"href":"https:\/\/13.com.ar\/index.php\/wp-json\/wp\/v2\/media?parent=2166"}],"wp:term":[{"taxonomy":"category","embeddable":true,"href":"https:\/\/13.com.ar\/index.php\/wp-json\/wp\/v2\/categories?post=2166"},{"taxonomy":"post_tag","embeddable":true,"href":"https:\/\/13.com.ar\/index.php\/wp-json\/wp\/v2\/tags?post=2166"}],"curies":[{"name":"wp","href":"https:\/\/api.w.org\/{rel}","templated":true}]}}