{"id":2164,"date":"2025-02-05T11:04:53","date_gmt":"2025-02-05T14:04:53","guid":{"rendered":"https:\/\/13.com.ar\/index.php\/armara-por-un-mes-un-outlet-de-marcas-premium-en-la-rural\/"},"modified":"2025-02-05T11:04:53","modified_gmt":"2025-02-05T14:04:53","slug":"armara-por-un-mes-un-outlet-de-marcas-premium-en-la-rural","status":"publish","type":"post","link":"https:\/\/13.com.ar\/index.php\/armara-por-un-mes-un-outlet-de-marcas-premium-en-la-rural\/","title":{"rendered":"armar\u00e1 por un mes un outlet de marcas premium en la Rural"},"content":{"rendered":"<p> <br \/>\n<br \/><img decoding=\"async\" src=\"https:\/\/13.com.ar\/wp-content\/uploads\/2025\/02\/armara-por-un-mes-un-outlet-de-marcas-premium-en.jpg\" \/><\/p>\n<div>\n<p>En una <strong>jugada in\u00e9dita,<\/strong> IRSA -la empresa due\u00f1a de la mayor\u00eda de los shoppings del pa\u00eds- ingresar\u00e1 al <strong>negocio de las &#8220;ferias&#8221;<\/strong> que se realizan de manera temporal con <strong>mercader\u00eda de outlet de primeras marcas<\/strong>. <\/p>\n<\/div>\n<div>\n<p>Este viernes e inicialmente <strong>hasta el 5 de marzo<\/strong> montar\u00e1 en el Pabell\u00f3n Azul de<strong> la Rural,<\/strong> en Palermo (predio del cual <strong>es accionista<\/strong>), el paseo al que bautiz\u00f3<strong> RE-OUTLET. <\/strong>Contar\u00e1 con las principales marcas que est\u00e1n en los centros comerciales del grupo de la familia Elsztain, due\u00f1a de Abasto, Alto Palermo, DOT, entre otros shoppings.<\/p>\n<\/div>\n<div>\n<p>Ser\u00e1n <strong>35 locales con 40 marcas<\/strong> y funcionar\u00e1 de martes a domingos de 12 a 20 con entrada gratuita. Estar\u00e1 a pocas cuadras de otro outlet de IRSA: Distrito Arcos, sobre Juan B.Justo y Santa Fe. Aunque terminar\u00eda en marzo, desde la empresa aclararon que, seg\u00fan el resultado, podr\u00eda extenderse.<\/p>\n<\/div>\n<div>\n<p>\u201cHabr\u00e1 un megalocal de <strong>Adidas<\/strong>, otro multimarca con etiquetas que a\u00fan no est\u00e1n en el pa\u00eds (como <strong>H&amp;M, Forever 21, Massimo Dutti y Berksha<\/strong>)&#8221;, dice Arnaldo Jawerbaum, CIO de IRSA.<\/p>\n<\/div>\n<div>\n<p>Ese local estar\u00e1 manejado por el grupo JMC, que tiene la licencia de Forever 21 para el pa\u00eds pero que tambi\u00e9n se dedica a vender sobrestocks de marcas internacionales.<\/p>\n<\/div>\n<div>\n<p>En la Rural tambi\u00e9n habr\u00e1 food trucks y los fines de semana sumar\u00e1n n\u00fameros musicales, DJ\u2019s y otras ofertas de entretenimiento. \u201cTambi\u00e9n estar\u00e1n presentes -por nombrar algunas- marcas como <strong>Cheeky, Levi\u2019s, Las Pepas, Rochas, Awada<\/strong> y, en general, nuestros locatarios m\u00e1s significativos\u201d, agreg\u00f3 Jawerbaum. Tambi\u00e9n habr\u00e1 promociones con Mercado Pago, Tarjeta Naranja y el ICBC, adem\u00e1s de las que ofrecer\u00e1n las marcas.<\/p>\n<\/div>\n<div>\n<p>IRSA sigue el modelo que implement\u00f3 <strong>The Luxury Outlet<\/strong>, un emprendimiento liderado por <strong>Sergio Blanco<\/strong>, que se hace peri\u00f3dicamente en el Hip\u00f3dromo desde hace a\u00f1os.<\/p>\n<\/div>\n<div>\n<p>Con la compra de Terrazas de Mayo a Carrefour (el shopping ubicado en el cruce de las rutas 8 y 202, en Malvinas Argentinas), en diciembre, IRSA es due\u00f1a de 16 centros comerciales (uno de ellos operado por un tercero), por lo que RE-OUTLET se convertir\u00e1 -al menos por un mes- en su shopping n\u00famero 17. La compa\u00f1\u00eda IRSA tiene -adem\u00e1s de Distrito Arcos- otro outlet: Soleil Premium Outlet.<\/p>\n<\/div>\n<div>\n<p>IRSA forma parte del grupo propietario del predio de La Rural, junto con la Sociedad Rural Argentina y el grupo DF Entertainment.<\/p>\n<\/div>\n<p><br \/>\n<br \/><a href=\"https:\/\/www.clarin.com\/economia\/jugada-inedita-duena-shoppings-armara-mes-outlet-marcas-premium-rural_0_fGxzCTISyj.html\">Fuente Clarin.com <\/a><\/p>\n","protected":false},"excerpt":{"rendered":"<p>En una jugada in\u00e9dita, IRSA -la empresa due\u00f1a de la mayor\u00eda de los shoppings del pa\u00eds- ingresar\u00e1 al negocio de las &#8220;ferias&#8221; que se realizan de manera temporal con mercader\u00eda de outlet de primeras marcas. Este viernes e inicialmente hasta el 5 de marzo montar\u00e1 en el Pabell\u00f3n Azul de la Rural, en Palermo (predio [&hellip;]<\/p>\n","protected":false},"author":1,"featured_media":2165,"comment_status":"open","ping_status":"open","sticky":false,"template":"","format":"standard","meta":{"footnotes":""},"categories":[2],"tags":[4043,4045,196,4044,142,3448,3580],"class_list":["post-2164","post","type-post","status-publish","format-standard","has-post-thumbnail","hentry","category-ultimas-noticias","tag-armara","tag-marcas","tag-mes","tag-outlet","tag-por","tag-premium","tag-rural"],"_links":{"self":[{"href":"https:\/\/13.com.ar\/index.php\/wp-json\/wp\/v2\/posts\/2164","targetHints":{"allow":["GET"]}}],"collection":[{"href":"https:\/\/13.com.ar\/index.php\/wp-json\/wp\/v2\/posts"}],"about":[{"href":"https:\/\/13.com.ar\/index.php\/wp-json\/wp\/v2\/types\/post"}],"author":[{"embeddable":true,"href":"https:\/\/13.com.ar\/index.php\/wp-json\/wp\/v2\/users\/1"}],"replies":[{"embeddable":true,"href":"https:\/\/13.com.ar\/index.php\/wp-json\/wp\/v2\/comments?post=2164"}],"version-history":[{"count":0,"href":"https:\/\/13.com.ar\/index.php\/wp-json\/wp\/v2\/posts\/2164\/revisions"}],"wp:featuredmedia":[{"embeddable":true,"href":"https:\/\/13.com.ar\/index.php\/wp-json\/wp\/v2\/media\/2165"}],"wp:attachment":[{"href":"https:\/\/13.com.ar\/index.php\/wp-json\/wp\/v2\/media?parent=2164"}],"wp:term":[{"taxonomy":"category","embeddable":true,"href":"https:\/\/13.com.ar\/index.php\/wp-json\/wp\/v2\/categories?post=2164"},{"taxonomy":"post_tag","embeddable":true,"href":"https:\/\/13.com.ar\/index.php\/wp-json\/wp\/v2\/tags?post=2164"}],"curies":[{"name":"wp","href":"https:\/\/api.w.org\/{rel}","templated":true}]}}