{"id":2162,"date":"2025-02-05T10:48:28","date_gmt":"2025-02-05T13:48:28","guid":{"rendered":"https:\/\/13.com.ar\/index.php\/alerta-por-la-crecida-del-rio-de-la-plata-en-medio-de-las-fuertes-tormentas\/"},"modified":"2025-02-05T10:48:28","modified_gmt":"2025-02-05T13:48:28","slug":"alerta-por-la-crecida-del-rio-de-la-plata-en-medio-de-las-fuertes-tormentas","status":"publish","type":"post","link":"https:\/\/13.com.ar\/index.php\/alerta-por-la-crecida-del-rio-de-la-plata-en-medio-de-las-fuertes-tormentas\/","title":{"rendered":"Alerta por la crecida del R\u00edo de La Plata, en medio de las fuertes tormentas"},"content":{"rendered":"<p> <br \/>\n<br \/><img decoding=\"async\" src=\"https:\/\/13.com.ar\/wp-content\/uploads\/2025\/02\/Alerta-por-la-crecida-del-Rio-de-La-Plata-en.jpg\" \/><\/p>\n<div>\n<p>En medio de las fuertes tormentas que golpearon este mi\u00e9rcoles por la ma\u00f1ana a toda el \u00c1rea Metropolitana de Buenos Aires, el Centro de Prevenci\u00f3n de Crecidas del Servicio de Hidrograf\u00eda Naval alert\u00f3 por una <strong>crecida el R\u00edo de la Plata<\/strong>: a primera hora de hoy, se ubicaba unos 70 cent\u00edmetros por encima de los valores normales.<\/p>\n<\/div>\n<div>\n<p>\u201cEl Centro de Prevenci\u00f3n de Crecidas del Servicio de Hidrograf\u00eda Naval, dependiente del Ministerio de Defensa, informa que el R\u00edo de la Plata interior se encontrar\u00e1 durante la madrugada del d\u00eda 06-02-2025, setenta cent\u00edmetros sobre los valores indicados en las tablas de marea\u201d, dice el informe publicado esta madrugada.<\/p>\n<\/div>\n<div>\n<p>Las zonas que deb\u00edan tomar los mayores recaudos y medidas de seguridad para evitar inundaciones eran <strong>Ensenada, Berisso y las localidades costeras de la Ciudad de Buenos Aires<\/strong>, donde el incremento iba a ser mayor durante las primeras horas de ma\u00f1ana.<\/p>\n<\/div>\n<div>\n<p>El organismo estim\u00f3 que las alturas iban a ser de 2,10 metros en el Puerto de La Plata a las 00:00 horas, 2,20 metros en el Puerto de Buenos Aires a las 02:00 y 2,30 metros en San Fernando a las 03:00. Por \u00faltimo, resaltaron que \u201cde no mediar cambios en las situaciones hidrometeorol\u00f3gicas actuales este aviso se mantendr\u00e1 en vigencia\u201d.<\/p>\n<\/div>\n<div>\n<p>La alerta naranja por tormenta advirti\u00f3 que habr\u00e1 \u201clluvias intensas y tormentas, algunas localmente fuertes&#8221; durante toda la jornada. Las mismas estar\u00e1n acompa\u00f1adas por r\u00e1fagas que podr\u00edan alcanzar los 80 km\/h, granizo, fuerte actividad el\u00e9ctrica y especialmente abundante ca\u00edda de agua en cortos per\u00edodos. Se prev\u00e9n valores de precipitaci\u00f3n acumulada entre 60 y 90 mm, pudiendo ser superados en forma puntual\u201d.<\/p>\n<\/div>\n<div>\n<p>Adem\u00e1s del AMBA, Las zonas que se ver\u00e1n afectadas son gran parte del norte y centro de la provincia de Buenos Aires: el Partido de la Costa, Chascom\u00fas, Ledesma, San Pedro y General Villegas. Tambi\u00e9n el sudeste de Santa Fe y el sur de C\u00f3rdoba.<\/p>\n<\/div>\n<p><br \/>\n<br \/><a href=\"https:\/\/www.clarin.com\/ciudades\/alerta-crecida-rio-plata-medio-fuertes-tormentas_0_WMRbhNJx64.html\">Fuente Clarin.com <\/a><\/p>\n","protected":false},"excerpt":{"rendered":"<p>En medio de las fuertes tormentas que golpearon este mi\u00e9rcoles por la ma\u00f1ana a toda el \u00c1rea Metropolitana de Buenos Aires, el Centro de Prevenci\u00f3n de Crecidas del Servicio de Hidrograf\u00eda Naval alert\u00f3 por una crecida el R\u00edo de la Plata: a primera hora de hoy, se ubicaba unos 70 cent\u00edmetros por encima de los [&hellip;]<\/p>\n","protected":false},"author":1,"featured_media":2163,"comment_status":"open","ping_status":"open","sticky":false,"template":"","format":"standard","meta":{"footnotes":""},"categories":[2],"tags":[985,4042,100,3107,48,1224,255,142,2344,3833],"class_list":["post-2162","post","type-post","status-publish","format-standard","has-post-thumbnail","hentry","category-ultimas-noticias","tag-alerta","tag-crecida","tag-del","tag-fuertes","tag-las","tag-medio","tag-plata","tag-por","tag-rio","tag-tormentas"],"_links":{"self":[{"href":"https:\/\/13.com.ar\/index.php\/wp-json\/wp\/v2\/posts\/2162","targetHints":{"allow":["GET"]}}],"collection":[{"href":"https:\/\/13.com.ar\/index.php\/wp-json\/wp\/v2\/posts"}],"about":[{"href":"https:\/\/13.com.ar\/index.php\/wp-json\/wp\/v2\/types\/post"}],"author":[{"embeddable":true,"href":"https:\/\/13.com.ar\/index.php\/wp-json\/wp\/v2\/users\/1"}],"replies":[{"embeddable":true,"href":"https:\/\/13.com.ar\/index.php\/wp-json\/wp\/v2\/comments?post=2162"}],"version-history":[{"count":0,"href":"https:\/\/13.com.ar\/index.php\/wp-json\/wp\/v2\/posts\/2162\/revisions"}],"wp:featuredmedia":[{"embeddable":true,"href":"https:\/\/13.com.ar\/index.php\/wp-json\/wp\/v2\/media\/2163"}],"wp:attachment":[{"href":"https:\/\/13.com.ar\/index.php\/wp-json\/wp\/v2\/media?parent=2162"}],"wp:term":[{"taxonomy":"category","embeddable":true,"href":"https:\/\/13.com.ar\/index.php\/wp-json\/wp\/v2\/categories?post=2162"},{"taxonomy":"post_tag","embeddable":true,"href":"https:\/\/13.com.ar\/index.php\/wp-json\/wp\/v2\/tags?post=2162"}],"curies":[{"name":"wp","href":"https:\/\/api.w.org\/{rel}","templated":true}]}}