{"id":2160,"date":"2025-02-05T10:45:37","date_gmt":"2025-02-05T13:45:37","guid":{"rendered":"https:\/\/13.com.ar\/index.php\/pidieron-un-libro-en-prestamo-a-una-biblioteca-en-1919-y-lo-devolvieron-ahora\/"},"modified":"2025-02-05T10:45:37","modified_gmt":"2025-02-05T13:45:37","slug":"pidieron-un-libro-en-prestamo-a-una-biblioteca-en-1919-y-lo-devolvieron-ahora","status":"publish","type":"post","link":"https:\/\/13.com.ar\/index.php\/pidieron-un-libro-en-prestamo-a-una-biblioteca-en-1919-y-lo-devolvieron-ahora\/","title":{"rendered":"Pidieron un libro en pr\u00e9stamo a una biblioteca en 1919 y lo devolvieron ahora"},"content":{"rendered":"<p> <br \/>\n<br \/><img decoding=\"async\" src=\"https:\/\/13.com.ar\/wp-content\/uploads\/2025\/02\/Pidieron-un-libro-en-prestamo-a-una-biblioteca-en-1919.jpg\" \/><\/p>\n<div>\n<p><strong>Un libro fue devuelto<\/strong> a una biblioteca en la ciudad rusa de Yekaterimburgo <strong>m\u00e1s de un siglo despu\u00e9s de que fuera prestad<\/strong>o, seg\u00fan inform\u00f3 este martes la oficina de prensa de la instituci\u00f3n.<\/p>\n<\/div>\n<div>\n<p>&#8220;Atenci\u00f3n e inter\u00e9s durante el estudio&#8221;, es el t\u00edtulo del libro did\u00e1ctico que fue tomado prestado en <strong>julio de 1919<\/strong>, precisa la nota de la biblioteca Belinski.<\/p>\n<\/div>\n<div>\n<p>El citado ejemplar, que fue publicado en 1903 y <strong>se encuentra en buen estado,<\/strong> deb\u00eda haber sido restituido un mes m\u00e1s tarde, pero no volvi\u00f3 a su hogar original hasta hace poco gracias a un residente de la capital de los Urales.<\/p>\n<\/div>\n<div>\n<p>&#8220;Es una inc\u00f3gnita por qu\u00e9 el lector no devolvi\u00f3 el libro despu\u00e9s de un mes. S\u00f3lo un apunte: el Ej\u00e9rcito Rojo entr\u00f3 en Yekaterimburgo y se hizo con el poder el 14 de julio de 1919. As\u00ed que, ustedes mismos imaginen <strong>qu\u00e9 pudo haber ocurrido<\/strong>&#8220;, dice una de las empleadas de la biblioteca Belinski.<\/p>\n<\/div>\n<div>\n<p>El hombre que encontr\u00f3 el libro asegura que<strong> no inclu\u00eda la hoja de pr\u00e9stamo<\/strong>, pero s\u00ed se conserv\u00f3 pr\u00e1cticamente intacto el sello de la biblioteca con la fecha de devoluci\u00f3n.<\/p>\n<\/div>\n<div>\n<p>Ha pasado tanto tiempo que <strong>el texto ya no figura en los fondos de la biblioteca<\/strong>, que tiene intenci\u00f3n de incluirlo de nuevo en su inventario, concretamente en la secci\u00f3n de <strong>libros raros.<\/strong><\/p>\n<\/div>\n<div>\n<p>La biblioteca no ha precisado el nombre de la persona que lo tom\u00f3 prestado hace m\u00e1s de un siglo ni el lugar donde fue recuperado.<\/p>\n<\/div>\n<p><br \/>\n<br \/><a href=\"https:\/\/www.clarin.com\/viste\/pidieron-libro-prestamo-biblioteca-1919-devolvieron-ahora_0_ZdDS2HUZgE.html\">Fuente Clarin.com <\/a><\/p>\n","protected":false},"excerpt":{"rendered":"<p>Un libro fue devuelto a una biblioteca en la ciudad rusa de Yekaterimburgo m\u00e1s de un siglo despu\u00e9s de que fuera prestado, seg\u00fan inform\u00f3 este martes la oficina de prensa de la instituci\u00f3n. &#8220;Atenci\u00f3n e inter\u00e9s durante el estudio&#8221;, es el t\u00edtulo del libro did\u00e1ctico que fue tomado prestado en julio de 1919, precisa la [&hellip;]<\/p>\n","protected":false},"author":1,"featured_media":2161,"comment_status":"open","ping_status":"open","sticky":false,"template":"","format":"standard","meta":{"footnotes":""},"categories":[2],"tags":[1412,4040,4041,2003,487,2532,73],"class_list":["post-2160","post","type-post","status-publish","format-standard","has-post-thumbnail","hentry","category-ultimas-noticias","tag-ahora","tag-biblioteca","tag-devolvieron","tag-libro","tag-pidieron","tag-prestamo","tag-una"],"_links":{"self":[{"href":"https:\/\/13.com.ar\/index.php\/wp-json\/wp\/v2\/posts\/2160","targetHints":{"allow":["GET"]}}],"collection":[{"href":"https:\/\/13.com.ar\/index.php\/wp-json\/wp\/v2\/posts"}],"about":[{"href":"https:\/\/13.com.ar\/index.php\/wp-json\/wp\/v2\/types\/post"}],"author":[{"embeddable":true,"href":"https:\/\/13.com.ar\/index.php\/wp-json\/wp\/v2\/users\/1"}],"replies":[{"embeddable":true,"href":"https:\/\/13.com.ar\/index.php\/wp-json\/wp\/v2\/comments?post=2160"}],"version-history":[{"count":0,"href":"https:\/\/13.com.ar\/index.php\/wp-json\/wp\/v2\/posts\/2160\/revisions"}],"wp:featuredmedia":[{"embeddable":true,"href":"https:\/\/13.com.ar\/index.php\/wp-json\/wp\/v2\/media\/2161"}],"wp:attachment":[{"href":"https:\/\/13.com.ar\/index.php\/wp-json\/wp\/v2\/media?parent=2160"}],"wp:term":[{"taxonomy":"category","embeddable":true,"href":"https:\/\/13.com.ar\/index.php\/wp-json\/wp\/v2\/categories?post=2160"},{"taxonomy":"post_tag","embeddable":true,"href":"https:\/\/13.com.ar\/index.php\/wp-json\/wp\/v2\/tags?post=2160"}],"curies":[{"name":"wp","href":"https:\/\/api.w.org\/{rel}","templated":true}]}}