{"id":2144,"date":"2025-02-05T10:07:28","date_gmt":"2025-02-05T13:07:28","guid":{"rendered":"https:\/\/13.com.ar\/index.php\/jorge-martin-campeon-del-mundo-en-motogp-sufrio-un-brutal-accidente-que-le-provoco-dos-fracturas-y-un-traslado-de-urgencia-en-los-tests-de-sepang\/"},"modified":"2025-02-05T10:07:28","modified_gmt":"2025-02-05T13:07:28","slug":"jorge-martin-campeon-del-mundo-en-motogp-sufrio-un-brutal-accidente-que-le-provoco-dos-fracturas-y-un-traslado-de-urgencia-en-los-tests-de-sepang","status":"publish","type":"post","link":"https:\/\/13.com.ar\/index.php\/jorge-martin-campeon-del-mundo-en-motogp-sufrio-un-brutal-accidente-que-le-provoco-dos-fracturas-y-un-traslado-de-urgencia-en-los-tests-de-sepang\/","title":{"rendered":"Jorge Mart\u00edn, campe\u00f3n del mundo en MotoGP, sufri\u00f3 un brutal accidente que le provoc\u00f3 dos fracturas y un traslado de urgencia en los tests de Sepang"},"content":{"rendered":"<p> <br \/>\n<br \/><img decoding=\"async\" src=\"https:\/\/13.com.ar\/wp-content\/uploads\/2025\/02\/Jorge-Martin-campeon-del-mundo-en-MotoGP-sufrio-un-brutal.jpg\" \/><\/p>\n<div>\n<p>El campe\u00f3n mundial de <strong>MotoGP<\/strong>, el espa\u00f1ol <strong>Jorge Mart\u00edn<\/strong>, sufri\u00f3 un fuerte accidente durante el primer test de la temporada 2025 en el Circuito Internacional de <strong>Sepang<\/strong>, en <strong>Malasia<\/strong>. Como consecuencia de ello, padeci\u00f3 una fractura en la mano derecha y varias en el pie izquierdo, fue trasladado a un hospital y deber\u00e1 ser operado.<\/p>\n<\/div>\n<div>\n<p>Por primera vez a bordo de una <strong>Aprilia <\/strong>(el a\u00f1o pasado se consagr\u00f3 campe\u00f3n con una Ducati), Mart\u00edn, de 27 a\u00f1os, sufri\u00f3 una primera ca\u00edda en la curva 1 del trazado malayo, aunque ese incidente no le impidi\u00f3 continuar en la sesi\u00f3n.<\/p>\n<\/div>\n<div>\n<p>Sin embargo, la jornada le deparaba otro duro golpe al piloto nacido en San Sebasti\u00e1n de los Reyes: en el desafiante giro a la izquierda de la curva 2 del circuito, perdi\u00f3 el control de su moto, sali\u00f3 disparado, dio una vuelta en el aire y se estrell\u00f3 contra el asfalto.<\/p>\n<\/div>\n<div>\n<p>Visiblemente dolorido, fue trasladado inicialmente al centro m\u00e9dico del circuito. El espa\u00f1ol siempre permaneci\u00f3 consciente, aunque mostraba evidentes signos de dolor. Despu\u00e9s de las primeras observaciones en el lugar, fue trasladado en ambulancia al hospital Aurelius de Nilai, una ciudad ubicada a seis kil\u00f3metros de la pista.<\/p>\n<\/div>\n<div>\n<p>\u201cJorge Marti\u0301n Almoguera ha sido diagnosticado con una fractura de mano derecha y fracturas en el pie izquierdo. Se ha sometido a una tomograf\u00eda computarizada y una resonancia magn\u00e9tica, ambas dieron negativo para cualquier lesi\u00f3n\u201d, inform\u00f3 horas despu\u00e9s el equipo Aprilla, que a\u00f1adi\u00f3 que su piloto \u201cpasar\u00e1 la noche en el hospital y ma\u00f1ana volar\u00e1 de vuelta a Europa para someterse a cirug\u00eda tanto de su mano derecha como del pie izquierdo\u201d.<\/p>\n<\/div>\n<div>\n<p>De esta manera, el campe\u00f3n mundial se perder\u00e1 los pr\u00f3ximos dos d\u00edas de pr\u00e1cticas en Sepang y, si bien Aprilia no lo confirm\u00f3, es muy dif\u00edcil que pueda participar de los ensayos ensayos que se llevar\u00e1n a cabo el 12 y el 13 de febrero en Buriram (Tailandia). Tampoco estar\u00e1 en la presentaci\u00f3n conjunta que celebrar\u00e1 MotoGP en Bangkok este domingo.<\/p>\n<\/div>\n<div>\n<p>En una jornada en que sufrieron ca\u00eddas varios pilotos como Fabio Di Giannantonio, Franco Morbidelli, Pedro Acosta y Ai Ogura, otro de los que experiment\u00f3 la dureza del asfalto malayo fue el espa\u00f1ol Ra\u00fal Fern\u00e1ndez, quien cay\u00f3 en la curva 9 del circuito.<\/p>\n<\/div>\n<div>\n<p>La Aprilia 2025 del equipo Trackhouse qued\u00f3 pr\u00e1cticamente destruida y el piloto debi\u00f3 ser trasladado al centro de atenci\u00f3n sanitaria. All\u00ed se verific\u00f3 que hab\u00eda sufrido una fractura de hueso metacarpiano en la mano izquierda y otra en un dedo del pie izquierdo. El piloto regresar\u00e1 a su pa\u00eds para ser operado.<\/p>\n<\/div>\n<div>\n<p>\u201cNo ha sido el mejor comienzo, ya que tras una fuerte ca\u00edda no podr\u00e9 seguir en el test. Toca viajar a Espa\u00f1a para hacerme mas pruebas y valorar si podemos llegar a Tailandia. \u00a1Gracias por todos vuestro mensajes!\u201d, escribi\u00f3 Fernandez en sus cuentas de las redes sociales.<\/p>\n<\/div>\n<p><br \/>\n<br \/><a href=\"https:\/\/www.clarin.com\/deportes\/jorge-martin-campeon-mundo-motogp-sufrio-brutal-accidente-provoco-fracturas-traslado-urgencia-tests-sepang_0_xoNc9BpRTT.html\">Fuente Clarin.com <\/a><\/p>\n","protected":false},"excerpt":{"rendered":"<p>El campe\u00f3n mundial de MotoGP, el espa\u00f1ol Jorge Mart\u00edn, sufri\u00f3 un fuerte accidente durante el primer test de la temporada 2025 en el Circuito Internacional de Sepang, en Malasia. Como consecuencia de ello, padeci\u00f3 una fractura en la mano derecha y varias en el pie izquierdo, fue trasladado a un hospital y deber\u00e1 ser operado. [&hellip;]<\/p>\n","protected":false},"author":1,"featured_media":2145,"comment_status":"open","ping_status":"open","sticky":false,"template":"","format":"standard","meta":{"footnotes":""},"categories":[2],"tags":[973,427,1748,100,59,4011,876,28,1604,4009,143,4010,4014,474,902,4012,4013],"class_list":["post-2144","post","type-post","status-publish","format-standard","has-post-thumbnail","hentry","category-ultimas-noticias","tag-accidente","tag-brutal","tag-campeon","tag-del","tag-dos","tag-fracturas","tag-jorge","tag-los","tag-martin","tag-motogp","tag-mundo","tag-provoco","tag-sepang","tag-sufrio","tag-tests","tag-traslado","tag-urgencia"],"_links":{"self":[{"href":"https:\/\/13.com.ar\/index.php\/wp-json\/wp\/v2\/posts\/2144","targetHints":{"allow":["GET"]}}],"collection":[{"href":"https:\/\/13.com.ar\/index.php\/wp-json\/wp\/v2\/posts"}],"about":[{"href":"https:\/\/13.com.ar\/index.php\/wp-json\/wp\/v2\/types\/post"}],"author":[{"embeddable":true,"href":"https:\/\/13.com.ar\/index.php\/wp-json\/wp\/v2\/users\/1"}],"replies":[{"embeddable":true,"href":"https:\/\/13.com.ar\/index.php\/wp-json\/wp\/v2\/comments?post=2144"}],"version-history":[{"count":0,"href":"https:\/\/13.com.ar\/index.php\/wp-json\/wp\/v2\/posts\/2144\/revisions"}],"wp:featuredmedia":[{"embeddable":true,"href":"https:\/\/13.com.ar\/index.php\/wp-json\/wp\/v2\/media\/2145"}],"wp:attachment":[{"href":"https:\/\/13.com.ar\/index.php\/wp-json\/wp\/v2\/media?parent=2144"}],"wp:term":[{"taxonomy":"category","embeddable":true,"href":"https:\/\/13.com.ar\/index.php\/wp-json\/wp\/v2\/categories?post=2144"},{"taxonomy":"post_tag","embeddable":true,"href":"https:\/\/13.com.ar\/index.php\/wp-json\/wp\/v2\/tags?post=2144"}],"curies":[{"name":"wp","href":"https:\/\/api.w.org\/{rel}","templated":true}]}}