{"id":2142,"date":"2025-02-05T10:04:32","date_gmt":"2025-02-05T13:04:32","guid":{"rendered":"https:\/\/13.com.ar\/index.php\/murio-ulises-droghei-actor-de-soy-luna-a-los-31-anos\/"},"modified":"2025-02-05T10:04:32","modified_gmt":"2025-02-05T13:04:32","slug":"murio-ulises-droghei-actor-de-soy-luna-a-los-31-anos","status":"publish","type":"post","link":"https:\/\/13.com.ar\/index.php\/murio-ulises-droghei-actor-de-soy-luna-a-los-31-anos\/","title":{"rendered":"Muri\u00f3 Ulises Droghei, actor de Soy Luna, a los 31 a\u00f1os"},"content":{"rendered":"<p> <br \/>\n<\/p>\n<div id=\"cuerpo\">\n<div class=\"sc-80531b6b-0 chRIGJ container-text text-embed\">\n<p>El actor y modelo publicitario <strong><em>Ulises Droghei <\/em><\/strong>muri\u00f3 este martes 4 de febrero a los 31 a\u00f1os. Su deceso fue confirmado por la Asociaci\u00f3n Argentina de Actores, aunque no se precisaron los motivos de su fallecimiento.<\/p>\n<\/div>\n<div class=\"sc-80531b6b-0 chRIGJ container-text text-embed\">\n<p>\u201cDespedimos con profunda tristeza a Ulises Droghei. Llev\u00f3 adelante su labor art\u00edstica en teatro, televisi\u00f3n, cine y publicidad. Adem\u00e1s, se desempe\u00f1\u00f3 como patinador art\u00edstico y docente de dicha disciplina. Acompa\u00f1amos en este doloroso momento a sus familiares, amistades y compa\u00f1eras\/os de trabajo\u201d, expres\u00f3 esa entidad en su sitio web oficial.<\/p>\n<\/div>\n<div class=\"sc-80531b6b-0 chRIGJ container-text text-embed\">\n<p>Droghei, quien se form\u00f3 como patinador en El Bols\u00f3n, dict\u00f3 clases de esa disciplina en la ciudad rionegrina antes de radicarse en Buenos Aires, para comenzar a desarrollar su etapa art\u00edstica.<\/p>\n<\/div>\n<div class=\"sc-80531b6b-0 chRIGJ container-text text-embed\">\n<p>En una misiva, la Asociaci\u00f3n Argentina de Actores detall\u00f3:\u201cNaci\u00f3 el 20 de octubre de 1993 en El Bols\u00f3n. All\u00ed se form\u00f3 como patinador art\u00edstico profesional y dict\u00f3 clases en la Escuela Municipal. Luego, se radic\u00f3 en Buenos Aires para desarrollar su trabajo actoral\u201d.<\/p>\n<\/div>\n<div class=\"sc-80531b6b-0 chRIGJ container-text text-embed\">\n<p>El documento cerr\u00f3: \u201cEn el \u00e1mbito audiovisual, protagoniz\u00f3 junto a Denise G\u00f3mez Rivero la pel\u00edcula<em> Una gran noche<\/em>, dirigida por <strong>Mariano Cirigliano<\/strong>. Tambi\u00e9n particip\u00f3 en la serie Soy Luna (que protagoniz\u00f3 Karol Sevilla para Disney), en programas de entretenimiento e inter\u00e9s general como Bienvenidos a bordo y <em>El show del problema<\/em>, y en diversas producciones para redes sociales&#8221;. <\/p>\n<\/div>\n<div class=\"sc-198be8ec-0 cynXbu image-embed  image-embed \"><picture class=\"sc-198be8ec-1 kOjRiQ\"><source media=\"(min-width: 975px)\" width=\"720\" height=\"480\" \/><img alt=\"Ulises Droghei hizo cine, teatro, TV y trabaj\u00f3 en avisos publicitarios.\" loading=\"lazy\" width=\"720\" height=\"480\" decoding=\"async\" data-nimg=\"1\" style=\"color:transparent\" src=\"https:\/\/13.com.ar\/wp-content\/uploads\/2025\/02\/Murio-Ulises-Droghei-actor-de-Soy-Luna-a-los-31.jpg\"\/><span class=\"epigraphe\">Ulises Droghei hizo cine, teatro, TV y trabaj\u00f3 en avisos publicitarios.<\/span><span class=\"bkg\"\/><span class=\"picture-open\"><button class=\"open-image\" aria-label=\"Open Image\"\/><\/span><\/picture><\/div>\n<div class=\"sc-80531b6b-0 chRIGJ container-text text-embed\">\n<p>En teatro, fue parte del elenco de Las D\u2019Enfrente, bajo la direcci\u00f3n de Alejandro Zanga, e integr\u00f3 el equipo humor\u00edstico de El Joker Argentino. En publicidad, trabaj\u00f3 en comerciales para Sprite y otras reconocidas marcas.<\/p>\n<\/div>\n<div class=\"sc-80531b6b-0 chRIGJ container-text text-embed\">\n<p>Dirigida por Mariano Cirigliano, <em>Una gran noche<\/em> fue protagonizada por Ulises Droghei y Denise G\u00f3mez Rivero. Adem\u00e1s de Laura Miller, Juli\u00e1n Weich, <strong>Teto Medina, Beto C\u00e9sar<\/strong> y Sabrina Ravelli, cuenta con la participaci\u00f3n de Gloria Fichera y Paula Dougan, famosas actrices de la d\u00e9cada del \u201980.<\/p>\n<\/div>\n<p><h2> La despedida de una compa\u00f1era<\/h2>\n<\/p>\n<div class=\"sc-80531b6b-0 chRIGJ container-text text-embed\">\n<p>A trav\u00e9s de las redes sociales, su excompa\u00f1era Gloria Fichera, pronunci\u00f3 su dolor por la p\u00e9rdida de su colega: \u201cIncre\u00edble, todav\u00eda no puedo creerlo, falleci\u00f3 Ulises Droghei, excelente persona, trabajamos juntos en la pel\u00edcula Una Gran Noche de Mariano Cirigliano, con Denise Gomez Rivero. Ella hac\u00eda de mi hija y Ulises de su amigo\u201d.<\/p>\n<\/div>\n<div class=\"sc-80531b6b-0 chRIGJ container-text text-embed\">\n<p>La artista manifest\u00f3 el shock que le hab\u00eda generado la noticia: \u201cLa verdad estos sopapos de la vida nunca los voy a poder entender. Qued\u00e9 helada. Esto es la vida, \u00bfqu\u00e9 esperamos para vivirla? Que est\u00e9s en paz Ulises, ten\u00edas toda una vida por delante. Sin palabras, besos al cielo&#8221;. Su legado perdurar\u00e1 en las producciones en las que particip\u00f3 y en el recuerdo de quienes lo acompa\u00f1aron a lo largo de su trayectoria.<\/p>\n<\/div>\n<\/div>\n<p><br \/>\n<br \/><a href=\"https:\/\/www.clarin.com\/espectaculos\/murio-ulises-droghei-actor-luna-31-anos_0_IHF2UShZJx.html\">Fuente Clarin.com <\/a><\/p>\n","protected":false},"excerpt":{"rendered":"<p>El actor y modelo publicitario Ulises Droghei muri\u00f3 este martes 4 de febrero a los 31 a\u00f1os. Su deceso fue confirmado por la Asociaci\u00f3n Argentina de Actores, aunque no se precisaron los motivos de su fallecimiento. \u201cDespedimos con profunda tristeza a Ulises Droghei. Llev\u00f3 adelante su labor art\u00edstica en teatro, televisi\u00f3n, cine y publicidad. Adem\u00e1s, [&hellip;]<\/p>\n","protected":false},"author":1,"featured_media":2143,"comment_status":"open","ping_status":"open","sticky":false,"template":"","format":"standard","meta":{"footnotes":""},"categories":[2],"tags":[4007,636,4006,28,2548,611,4008,4005],"class_list":["post-2142","post","type-post","status-publish","format-standard","has-post-thumbnail","hentry","category-ultimas-noticias","tag-actor","tag-anos","tag-droghei","tag-los","tag-luna","tag-murio","tag-soy","tag-ulises"],"_links":{"self":[{"href":"https:\/\/13.com.ar\/index.php\/wp-json\/wp\/v2\/posts\/2142","targetHints":{"allow":["GET"]}}],"collection":[{"href":"https:\/\/13.com.ar\/index.php\/wp-json\/wp\/v2\/posts"}],"about":[{"href":"https:\/\/13.com.ar\/index.php\/wp-json\/wp\/v2\/types\/post"}],"author":[{"embeddable":true,"href":"https:\/\/13.com.ar\/index.php\/wp-json\/wp\/v2\/users\/1"}],"replies":[{"embeddable":true,"href":"https:\/\/13.com.ar\/index.php\/wp-json\/wp\/v2\/comments?post=2142"}],"version-history":[{"count":0,"href":"https:\/\/13.com.ar\/index.php\/wp-json\/wp\/v2\/posts\/2142\/revisions"}],"wp:featuredmedia":[{"embeddable":true,"href":"https:\/\/13.com.ar\/index.php\/wp-json\/wp\/v2\/media\/2143"}],"wp:attachment":[{"href":"https:\/\/13.com.ar\/index.php\/wp-json\/wp\/v2\/media?parent=2142"}],"wp:term":[{"taxonomy":"category","embeddable":true,"href":"https:\/\/13.com.ar\/index.php\/wp-json\/wp\/v2\/categories?post=2142"},{"taxonomy":"post_tag","embeddable":true,"href":"https:\/\/13.com.ar\/index.php\/wp-json\/wp\/v2\/tags?post=2142"}],"curies":[{"name":"wp","href":"https:\/\/api.w.org\/{rel}","templated":true}]}}