{"id":2138,"date":"2025-02-05T09:43:49","date_gmt":"2025-02-05T12:43:49","guid":{"rendered":"https:\/\/13.com.ar\/index.php\/uno-de-los-casos-criminales-irresueltos-mas-famosos-del-mundo-tiene-una-nueva-e-increible-pista\/"},"modified":"2025-02-05T09:43:49","modified_gmt":"2025-02-05T12:43:49","slug":"uno-de-los-casos-criminales-irresueltos-mas-famosos-del-mundo-tiene-una-nueva-e-increible-pista","status":"publish","type":"post","link":"https:\/\/13.com.ar\/index.php\/uno-de-los-casos-criminales-irresueltos-mas-famosos-del-mundo-tiene-una-nueva-e-increible-pista\/","title":{"rendered":"Uno de los casos criminales irresueltos m\u00e1s famosos del mundo tiene una nueva e incre\u00edble pista"},"content":{"rendered":"<p> <br \/>\n<br \/><img decoding=\"async\" src=\"https:\/\/13.com.ar\/wp-content\/uploads\/2025\/02\/Uno-de-los-casos-criminales-irresueltos-mas-famosos-del-mundo.jpg\" \/><\/p>\n<div>\n<p>Uno de los casos criminales m\u00e1s c\u00e9lebres de la historia de B\u00e9lgica, que hab\u00eda sido cerrado el junio del a\u00f1o pasado, podr\u00eda tener nuevos cap\u00edtulos, ya que la justicia seguir\u00e1 una nueva pista y <strong>escuchar\u00e1 a dos nuevos testigos.<\/strong><\/p>\n<\/div>\n<div>\n<p>Se trata de los famosos <strong>&#8220;asesinos de Brabante&#8221;<\/strong>, que entre 1982 y 1985 dejaron nada menos que <strong>28 personas asesinadas<\/strong> y 22 heridos en asaltos armados a supermercados y peque\u00f1os negocios en esa provincia belga y en el centro del pa\u00eds.<\/p>\n<\/div>\n<div>\n<p>El dinero robado en los ataques fue <strong>marcadamente bajo<\/strong>. Por eso en su momento una de las tesis seguidas fue la existencia de un grupo de desestabilizaci\u00f3n formado por gendarmes o ex gendarmes de la <strong>extrema derecha.<\/strong><\/p>\n<\/div>\n<div>\n<p>Los testigos siempre identificaron principalmente a los tres atracadores m\u00e1s activos:<strong> El Gigante<\/strong>, un hombre muy alto que pudo ser el l\u00edder. <strong>El Asesino<\/strong>, que dispar\u00f3 a la mayor parte de v\u00edctimas de la pandilla, y del cual se piensa que fue mortalmente herido en la \u00faltima acci\u00f3n. <strong>El Viejo<\/strong>, que actuaba principalmente como conductor.<\/p>\n<\/div>\n<div>\n<p>Sin embargo, las investigaciones nunca llegaron a buen t\u00e9rmino y el caso fue definitivamente cerrado en junio del a\u00f1o pasado, para la frustraci\u00f3n de familiares de las v\u00edctimas.<\/p>\n<\/div>\n<div>\n<p>Sin embargo, este lunes una corte de apelaciones de la ciudad belga de Mons acept\u00f3 una demanda civil que exig\u00eda que dos nuevos testigos sean escuchados.<\/p>\n<\/div>\n<div>\n<p>Los testigos son dos hermanos que en 1985 <strong>ten\u00edan por hobby anotar placas de autom\u00f3viles en un cuaderno.<\/strong><\/p>\n<\/div>\n<div>\n<p>En noviembre de 1985, los dos hermanos (que entonces ten\u00edan 7 y 10 a\u00f1os de edad) vieron a seis hombres vestidos con ropas oscuras escapar en un autom\u00f3vil luego de un tiroteo, y <strong>anotaron la matr\u00edcula en su libreta.<\/strong><\/p>\n<\/div>\n<div>\n<p>&#13;<br \/>\n El episodio fue uno de los peores episodios de esa serie de cr\u00edmenes: la muerte de ocho personas en la ciudad de Alost, en un asalto a un supermercado.<\/p>\n<\/div>\n<div>\n<p>El cuaderno con la anotaci\u00f3n est\u00e1 en manos de investigadores, pero <strong>la pista nunca fue seguida <\/strong>a fondo ni los dos testigos fueron entrevistados alguna vez.<\/p>\n<\/div>\n<div>\n<p>La Corte de Mons &#8220;acept\u00f3 el pedido para que estos dos testigos sean escuchados&#8221;, dijo un vocero de la oficina del Fiscal Federal.<\/p>\n<\/div>\n<div>\n<p>&#13;<br \/>\n El caso hab\u00eda sido formalmente cerrado en junio de 2024, cuando la Fiscal\u00eda Federal admiti\u00f3 que ninguna de las pistas investigadas hab\u00eda permitido esclarecer lo ocurrido.<\/p>\n<\/div>\n<div>\n<p>Sin embargo, familiares de las v\u00edctimas recurrieron a la Corte de Apelaciones de Mons para pedir actos adicionales, como el interrogatorio de estos dos testigos.<\/p>\n<\/div>\n<p><br \/>\n<br \/><a href=\"https:\/\/www.clarin.com\/viste\/casos-criminales-irresueltos-famosos-mundo-nueva-increible-pista_0_tmXE5JBFYT.html\">Fuente Clarin.com <\/a><\/p>\n","protected":false},"excerpt":{"rendered":"<p>Uno de los casos criminales m\u00e1s c\u00e9lebres de la historia de B\u00e9lgica, que hab\u00eda sido cerrado el junio del a\u00f1o pasado, podr\u00eda tener nuevos cap\u00edtulos, ya que la justicia seguir\u00e1 una nueva pista y escuchar\u00e1 a dos nuevos testigos. Se trata de los famosos &#8220;asesinos de Brabante&#8221;, que entre 1982 y 1985 dejaron nada menos [&hellip;]<\/p>\n","protected":false},"author":1,"featured_media":2139,"comment_status":"open","ping_status":"open","sticky":false,"template":"","format":"standard","meta":{"footnotes":""},"categories":[2],"tags":[3999,3406,100,2390,2589,4000,28,155,143,19,2149,1486,73,1013],"class_list":["post-2138","post","type-post","status-publish","format-standard","has-post-thumbnail","hentry","category-ultimas-noticias","tag-casos","tag-criminales","tag-del","tag-famosos","tag-increible","tag-irresueltos","tag-los","tag-mas","tag-mundo","tag-nueva","tag-pista","tag-tiene","tag-una","tag-uno"],"_links":{"self":[{"href":"https:\/\/13.com.ar\/index.php\/wp-json\/wp\/v2\/posts\/2138","targetHints":{"allow":["GET"]}}],"collection":[{"href":"https:\/\/13.com.ar\/index.php\/wp-json\/wp\/v2\/posts"}],"about":[{"href":"https:\/\/13.com.ar\/index.php\/wp-json\/wp\/v2\/types\/post"}],"author":[{"embeddable":true,"href":"https:\/\/13.com.ar\/index.php\/wp-json\/wp\/v2\/users\/1"}],"replies":[{"embeddable":true,"href":"https:\/\/13.com.ar\/index.php\/wp-json\/wp\/v2\/comments?post=2138"}],"version-history":[{"count":0,"href":"https:\/\/13.com.ar\/index.php\/wp-json\/wp\/v2\/posts\/2138\/revisions"}],"wp:featuredmedia":[{"embeddable":true,"href":"https:\/\/13.com.ar\/index.php\/wp-json\/wp\/v2\/media\/2139"}],"wp:attachment":[{"href":"https:\/\/13.com.ar\/index.php\/wp-json\/wp\/v2\/media?parent=2138"}],"wp:term":[{"taxonomy":"category","embeddable":true,"href":"https:\/\/13.com.ar\/index.php\/wp-json\/wp\/v2\/categories?post=2138"},{"taxonomy":"post_tag","embeddable":true,"href":"https:\/\/13.com.ar\/index.php\/wp-json\/wp\/v2\/tags?post=2138"}],"curies":[{"name":"wp","href":"https:\/\/api.w.org\/{rel}","templated":true}]}}