{"id":21359,"date":"2025-04-30T18:04:34","date_gmt":"2025-04-30T21:04:34","guid":{"rendered":"https:\/\/13.com.ar\/index.php\/se-viene-un-cambio-cultural-historico\/"},"modified":"2025-04-30T18:04:34","modified_gmt":"2025-04-30T21:04:34","slug":"se-viene-un-cambio-cultural-historico","status":"publish","type":"post","link":"https:\/\/13.com.ar\/index.php\/se-viene-un-cambio-cultural-historico\/","title":{"rendered":"Se viene un cambio cultural hist\u00f3rico"},"content":{"rendered":"<p> <br \/>\n<\/p>\n<div id=\"cuerpo\">\n<div class=\"sc-80531b6b-0 chRIGJ container-text text-embed\" id=\"element-body-0\">\n<p>&#8220;Resta comenzar a laburar desde este puntito del pa\u00eds&#8221;, escribi\u00f3 en X el ex tenista profesional <strong>Diego Hartfield<\/strong>, quien se lanz\u00f3 como candidato a legislador en Misiones al frente de la lista de La Libertad Avanza, el partido del presidente Javier Milei.<\/p>\n<\/div>\n<div class=\"sc-80531b6b-0 chRIGJ container-text text-embed\" id=\"element-body-1\">\n<p>Este mi\u00e9rcoles, pasado el mediod\u00eda, quien se midiera hace casi 20 a\u00f1os en la cancha central de Roland Garros con Roger Federer, expres\u00f3 su alegr\u00eda y agradecimiento por la oferta de la candidatura y la expectativa de cara al futuro para que las ideas partidarias &#8220;est\u00e9n cada vez m\u00e1s arraigadas en la sociedad y que termine de convencerse realmente de que se viene un cambio cultural que har\u00e1 historia&#8221;.<\/p>\n<\/div>\n<div class=\"sc-80531b6b-0 chRIGJ container-text text-embed\" id=\"element-body-2\">\n<p>Hartfield dej\u00f3 de lado la raqueta a los 30 a\u00f1os y hoy, a los 44, se autodefine en redes sociales como <strong>&#8220;id\u00f3neo en mercado de capitales&#8221; <\/strong>y &#8220;ex tenista ATP&#8221;. En la actualidad, el ex 73 del ranking mundial cuenta con una cartera activa de cerca de <strong>30 millones de d\u00f3lares<\/strong>, que maneja desde las coloradas tierras misioneras.<\/p>\n<\/div>\n<div class=\"sc-80531b6b-0 chRIGJ container-text text-embed\" id=\"element-body-3\">\n<p>&#8220;Tengo diez a\u00f1os de finanzas y 13 de ex tenista. Lo extra\u00f1o de esto es que la del tenis me parece una historia demasiado lejana&#8221;, le cont\u00f3 a la revista <em>Forbes <\/em>en octubre de 2024.<\/p>\n<\/div>\n<div class=\"sc-80531b6b-0 chRIGJ container-text text-embed\" id=\"element-body-4\">\n<p>La que no le queda lejana es la actual, cercana al presidente libertario, a quien le elogi\u00f3 el rumbo econ\u00f3mico. &#8220;Estamos yendo por un rumbo adecuado&#8221;, asegur\u00f3.<\/p>\n<\/div>\n<div class=\"sc-106e49c0-0 dcVumd freeHtml-embed undefined\" id=\"element-body-5\">\n<blockquote class=\"twitter-tweet\">\n<p lang=\"es\" dir=\"ltr\">Resta comenzar a laburar desde este puntito del pa\u00eds para que las ideas de la Libertad Avanza est\u00e9n cada vez m\u00e1s arraigadas en la sociedad y que termine de convencerse realmente que se viene un cambio cultural que har\u00e1 historia.<\/p>\n<p>\u2014 Diego Hartfield (@Diego_Hartfield) <a rel=\"nofollow\" target=\"_blank\" href=\"https:\/\/twitter.com\/Diego_Hartfield\/status\/1917608451649265722?ref_src=twsrc%5Etfw\">April 30, 2025<\/a><\/p><\/blockquote>\n<\/div>\n<div class=\"sc-80531b6b-0 chRIGJ container-text text-embed\" id=\"element-body-6\">\n<p>Sus posteos en redes sociales son finanzas puras y opiniones, generalmente, a favor de las medidas llevadas a cabo por el Ejecutivo y <strong>por &#8220;el gran&#8221; Luis Caputo<\/strong>, ministro de Econom\u00eda.<\/p>\n<\/div>\n<p><h2>Sus dos partidos contra Federer<\/h2>\n<\/p>\n<div class=\"sc-80531b6b-0 chRIGJ container-text text-embed\" id=\"element-body-8\">\n<p>Si bien no lleg\u00f3 a cumplir su sue\u00f1o de jugar Copa Davis, se dio el gusto de enfrentar a la leyenda suiza en un m\u00edtico escenario como el del Abierto de Francia y desde Ober\u00e1, con <em>Forbes<\/em>, record\u00f3: &#8220;Uno tiende a normalizar las cosas cuando est\u00e1 ah\u00ed, \u00bfviste? Uno tiende a creer que lo que te est\u00e1 sucediendo es lo normal. Entonces lleg\u00e1s al top 100 y bueno, vos laburaste toda tu vida para estar ah\u00ed y todo es tan progresivo que se te hace dif\u00edcil decir &#8216;\u00a1uauh, mir\u00e1 d\u00f3nde estoy!'&#8221;.<\/p>\n<\/div>\n<div class=\"sc-80531b6b-0 chRIGJ container-text text-embed\" id=\"element-body-9\">\n<p>En su cuenta de X dio detalles de las horas previas, en un aniversario de ese partido. &#8220;Hoy se cumplen 15 a\u00f1os del d\u00eda que m\u00e1s nervios tuve que enfrentar por un partido de tenis: la \u00faltima ronda de la qualy de Roland Garros. Por suerte termin\u00f3 bien&#8221;, rememor\u00f3 el 28 de mayo de 2021.<\/p>\n<\/div>\n<div class=\"sc-98b114a2-0 bkqiHH image-embed  image-embed \" id=\"element-body-10\"><picture class=\"sc-98b114a2-1 jRUlDm\"><source media=\"(min-width: 975px)\" width=\"720\" height=\"480\" \/><img alt=\"Diego Hartfield, con el pelo largo, contra Roger Federer. Foto EFE, archivo\" loading=\"lazy\" width=\"720\" height=\"480\" decoding=\"async\" data-nimg=\"1\" style=\"color:transparent\" src=\"https:\/\/13.com.ar\/wp-content\/uploads\/2025\/04\/Se-viene-un-cambio-cultural-historico.jpg\"\/><span class=\"epigraphe\">Diego Hartfield, con el pelo largo, contra Roger Federer. Foto EFE, archivo<\/span><span class=\"picture-open\"><button class=\"open-image\" aria-label=\"Open Image\"\/><\/span><\/picture><\/div>\n<div class=\"sc-80531b6b-0 chRIGJ container-text text-embed\" id=\"element-body-11\">\n<p>&#8220;Para alguien que nunca hab\u00eda vivido de cerca un torneo grande, tener en el mismo vestuario a Nadal, Federer y todos las bestias. El torneo repleto de gente, periodistas, todo hermoso. Y uno se juega la chance de quedarse ah\u00ed o tener q volver antes de que arranque&#8221;, agreg\u00f3. <\/p>\n<\/div>\n<div class=\"sc-80531b6b-0 chRIGJ container-text text-embed\" id=\"element-body-12\">\n<p>Casi como un posdata, acot\u00f3: &#8220;Tambi\u00e9n se cumplen 15 a\u00f1os de una de las noches que menos dorm\u00ed en mi vida, porque horas despu\u00e9s me contaban que arrancaba primera ronda contra Roger Federer&#8221;.<\/p>\n<\/div>\n<div class=\"sc-80531b6b-0 chRIGJ container-text text-embed\" id=\"element-body-13\">\n<p>Fue su estreno en el circuito ATP, en el Philippe Chatrier, el principal estadio en Par\u00eds. Le quebr\u00f3 el saque tres veces al suizo e incluso <strong>lo llev\u00f3 a un tie break<\/strong>, pero el entonces n\u00famero 1 del mundo fue implacable y se impuso por 7-5, 7-6 (2) y 6-2, en 2 horas y 36 minutos. <\/p>\n<\/div>\n<div class=\"sc-80531b6b-0 chRIGJ container-text text-embed\" id=\"element-body-14\">\n<p>&#8220;Me sorprendi\u00f3 desde el fondo de la cancha. Jug\u00f3 sin presi\u00f3n y as\u00ed es m\u00e1s f\u00e1cil: todo el mundo espera de m\u00ed que gane&#8221;, se descarg\u00f3 el suizo justo despu\u00e9s del triunfo. &#8220;Hasta ayer no supe contra qui\u00e9n iba a jugar. <strong>Hasta que no sal\u00ed a la cancha no sab\u00eda c\u00f3mo jugaba \u00e9l&#8221;<\/strong>, se sincer\u00f3.<\/p>\n<\/div>\n<div class=\"sc-80531b6b-0 chRIGJ container-text text-embed\" id=\"element-body-15\">\n<p>No fue la \u00fanica vez que se enfrentaron. &#8220;Me toc\u00f3 jugar dos veces con Federer, una muchos se acuerdan que fue en Roland Garros pero <strong>hubo otra en Australia<\/strong>, primera ronda en horario central as\u00ed como est\u00e1 jugando ahora. A\u00f1o 2008&#8243;, rememor\u00f3 a\u00f1os m\u00e1s tarde Hartfield.<\/p>\n<\/div>\n<div class=\"sc-80531b6b-0 chRIGJ container-text text-embed\" id=\"element-body-16\">\n<p>Entr\u00f3 entusiasmado. <strong>&#8220;Dec\u00edan que le dol\u00eda la panza y no estaba al 100%&#8221;,<\/strong> dijo. Si dos a\u00f1os antes hab\u00eda forzado un tie break, tal vez <em>el Gato<\/em> pudiera ara\u00f1ar algo m\u00e1s.<\/p>\n<\/div>\n<div class=\"sc-106e49c0-0 dcVumd freeHtml-embed undefined\" id=\"element-body-17\">\n<blockquote class=\"twitter-tweet\">\n<p lang=\"es\" dir=\"ltr\">\ud83d\udcca Tal d\u00eda como hoy, hace 12 a\u00f1os, Roger Federer \ud83c\udde8\ud83c\udded debutaba en el Australian Open con un contundente 6-0, 6-3 y 6-0 ante Diego Hartfield \ud83c\udde6\ud83c\uddf7 en 80 minutos.<\/p>\n<p>El tenista de Basilea hab\u00eda iniciado la temporada en Melbourne sin haber disputado ning\u00fan torneo previo de preparaci\u00f3n. <a rel=\"nofollow\" target=\"_blank\" href=\"https:\/\/t.co\/EsrXThNE9m\">pic.twitter.com\/EsrXThNE9m<\/a><\/p>\n<p>\u2014 MisterOnly.Tennis (@OnlyRogerCanFly) <a rel=\"nofollow\" target=\"_blank\" href=\"https:\/\/twitter.com\/OnlyRogerCanFly\/status\/1217626776832225280?ref_src=twsrc%5Etfw\">January 16, 2020<\/a><\/p><\/blockquote>\n<\/div>\n<div class=\"sc-80531b6b-0 chRIGJ container-text text-embed\" id=\"element-body-18\">\n<p>Federer ten\u00eda otros planes. Gan\u00f3 por 6-0, 6-3 y 6-0 en menos de una hora y cuarto de juego. Despu\u00e9s de ese partido, Hartfield baj\u00f3 fuerte en el ranking, aquejado por las lesiones. Y en diciembre de 2010 comunic\u00f3 en su blog su retiro. <\/p>\n<\/div>\n<div class=\"sc-80531b6b-0 chRIGJ container-text text-embed\" id=\"element-body-19\">\n<p><strong>&#8220;Ya no doy m\u00e1s, no quiero m\u00e1s.<\/strong> El s\u00f3lo pensar que tengo que volver a empezar desde tan abajo, viajando a jugar Futures y compitiendo con chicos de 20 a\u00f1os que tienen muchas m\u00e1s energ\u00edas que yo, me convenci\u00f3 de que no estoy para hacer el esfuerzo&#8221;, explic\u00f3, hundido por debajo del puesto 800 del ranking. <\/p>\n<\/div>\n<div class=\"sc-80531b6b-0 chRIGJ container-text text-embed\" id=\"element-body-20\">\n<p>Se hizo comentarista televisivo mientras pegaba el salto al mercado de capitales.<\/p>\n<\/div>\n<p><h2>El inversionista conservador que es af\u00edn con Milei: &#8220;El riesgo financiero sigue siendo lo pol\u00edtica&#8221;<\/h2>\n<\/p>\n<div class=\"sc-80531b6b-0 chRIGJ container-text text-embed\" id=\"element-body-22\">\n<p>Por las finanzas, sus pasiones parecen ser mayores que los tie breaks y top spins. &#8220;No s\u00e9 si usar la palabra pobreza, pero <strong>supe vivir en la escasez<\/strong>&#8220;, relat\u00f3 en aquella entrevista con Forbes.<\/p>\n<\/div>\n<div class=\"sc-80531b6b-0 chRIGJ container-text text-embed\" id=\"element-body-23\">\n<p>&#8220;En las malas supe estar y no me pas\u00f3 nada. Tengo, por eso, cierta capacidad de animarme a los riesgos. A\u00fan cuando me considero un tipo conservador, mi posici\u00f3n es que la vida sigue. He perdido guita, he ganado. En los partidos de tenis he perdido guita y he ganado. Entonces, me gusta mucho el dinero, pero no me vuelve loco&#8221;, a\u00f1adi\u00f3.<\/p>\n<\/div>\n<div class=\"sc-80531b6b-0 chRIGJ container-text text-embed\" id=\"element-body-24\">\n<p>Este mi\u00e9rcoles, entrevistado por <em>Noticias del 6 <\/em>de Misiones, cont\u00f3 sobre su flamante carrera pol\u00edtica y la actualidad argentina.<\/p>\n<\/div>\n<div class=\"sc-98b114a2-0 bkqiHH image-embed  image-embed \" id=\"element-body-25\"><picture class=\"sc-98b114a2-1 jRUlDm\"><source media=\"(min-width: 975px)\" width=\"720\" height=\"480\" \/><img alt=\"Diego Hartfield, en Cali 2008. Foto EFE\" loading=\"lazy\" width=\"720\" height=\"480\" decoding=\"async\" data-nimg=\"1\" style=\"color:transparent\" src=\"https:\/\/13.com.ar\/wp-content\/uploads\/2025\/04\/1746047074_430_Se-viene-un-cambio-cultural-historico.jpg\"\/><span class=\"epigraphe\">Diego Hartfield, en Cali 2008. Foto EFE<\/span><span class=\"picture-open\"><button class=\"open-image\" aria-label=\"Open Image\"\/><\/span><\/picture><\/div>\n<div class=\"sc-80531b6b-0 chRIGJ container-text text-embed\" id=\"element-body-26\">\n<p>&#8220;El principal riesgo hoy dentro de lo financiero sigue siendo lo pol\u00edtico y despu\u00e9s de eso surge esta posible candidatura. Fui honesto conmigo mismo en aceptar formar parte de un lugar en el que estoy de acuerdo con las reformas que se est\u00e1n haciendo&#8221;, expres\u00f3.<\/p>\n<\/div>\n<div class=\"sc-80531b6b-0 chRIGJ container-text text-embed\" id=\"element-body-27\">\n<p>Adem\u00e1s, le incorpor\u00f3 algo de deporte a su visi\u00f3n a futuro de <strong>c\u00f3mo resolver los problemas econ\u00f3micos.<\/strong><\/p>\n<\/div>\n<div class=\"sc-80531b6b-0 chRIGJ container-text text-embed\" id=\"element-body-28\">\n<p>En ese sentido, sostuvo que la soluci\u00f3n es &#8220;haciendo un laburo consistente y durarero en el tiempo, como se hace en el deporte. Hay que trabajar para que este sea un pa\u00eds s\u00f3lido en el largo plazo&#8221;.<\/p>\n<\/div>\n<div class=\"sc-80531b6b-0 chRIGJ container-text text-embed\" id=\"element-body-29\">\n<p>Dej\u00f3 en claro tambi\u00e9n: &#8220;Estoy muy preparado para ser diputado y lo voy a hacer con gusto&#8221;.<\/p>\n<\/div>\n<div class=\"sc-80531b6b-0 chRIGJ container-text text-embed\" id=\"element-body-30\">\n<p>Adem\u00e1s de Hartfield, en la lista a diputados provinciales figuran tambi\u00e9n la delegada del PAMI local, B\u00e1rbara Samantha Stekler, y Carlos Adri\u00e1n N\u00fa\u00f1ez, presidente de La Libertad Avanza en Misiones.<\/p>\n<\/div>\n<\/div>\n<p><script async src=\"\/\/platform.twitter.com\/widgets.js\" charset=\"utf-8\"><\/script><br \/>\n<br \/><br \/>\n<br \/><a href=\"https:\/\/www.clarin.com\/politica\/enfrento-roger-federer-estadio-principal-roland-garros-ahora-lanza-candidato-milei-misiones-viene-cambio-cultural-historico_0_2bD5VwaWbu.html\">Fuente Clarin.com <\/a><\/p>\n","protected":false},"excerpt":{"rendered":"<p>&#8220;Resta comenzar a laburar desde este puntito del pa\u00eds&#8221;, escribi\u00f3 en X el ex tenista profesional Diego Hartfield, quien se lanz\u00f3 como candidato a legislador en Misiones al frente de la lista de La Libertad Avanza, el partido del presidente Javier Milei. Este mi\u00e9rcoles, pasado el mediod\u00eda, quien se midiera hace casi 20 a\u00f1os en [&hellip;]<\/p>\n","protected":false},"author":1,"featured_media":21360,"comment_status":"open","ping_status":"open","sticky":false,"template":"","format":"standard","meta":{"footnotes":""},"categories":[2],"tags":[809,1602,752,436],"class_list":["post-21359","post","type-post","status-publish","format-standard","has-post-thumbnail","hentry","category-ultimas-noticias","tag-cambio","tag-cultural","tag-historico","tag-viene"],"_links":{"self":[{"href":"https:\/\/13.com.ar\/index.php\/wp-json\/wp\/v2\/posts\/21359","targetHints":{"allow":["GET"]}}],"collection":[{"href":"https:\/\/13.com.ar\/index.php\/wp-json\/wp\/v2\/posts"}],"about":[{"href":"https:\/\/13.com.ar\/index.php\/wp-json\/wp\/v2\/types\/post"}],"author":[{"embeddable":true,"href":"https:\/\/13.com.ar\/index.php\/wp-json\/wp\/v2\/users\/1"}],"replies":[{"embeddable":true,"href":"https:\/\/13.com.ar\/index.php\/wp-json\/wp\/v2\/comments?post=21359"}],"version-history":[{"count":0,"href":"https:\/\/13.com.ar\/index.php\/wp-json\/wp\/v2\/posts\/21359\/revisions"}],"wp:featuredmedia":[{"embeddable":true,"href":"https:\/\/13.com.ar\/index.php\/wp-json\/wp\/v2\/media\/21360"}],"wp:attachment":[{"href":"https:\/\/13.com.ar\/index.php\/wp-json\/wp\/v2\/media?parent=21359"}],"wp:term":[{"taxonomy":"category","embeddable":true,"href":"https:\/\/13.com.ar\/index.php\/wp-json\/wp\/v2\/categories?post=21359"},{"taxonomy":"post_tag","embeddable":true,"href":"https:\/\/13.com.ar\/index.php\/wp-json\/wp\/v2\/tags?post=21359"}],"curies":[{"name":"wp","href":"https:\/\/api.w.org\/{rel}","templated":true}]}}