{"id":21357,"date":"2025-04-30T18:01:48","date_gmt":"2025-04-30T21:01:48","guid":{"rendered":"https:\/\/13.com.ar\/index.php\/la-artista-pop-dara-un-show-gratuito-en-rio-de-janeiro\/"},"modified":"2025-04-30T18:01:48","modified_gmt":"2025-04-30T21:01:48","slug":"la-artista-pop-dara-un-show-gratuito-en-rio-de-janeiro","status":"publish","type":"post","link":"https:\/\/13.com.ar\/index.php\/la-artista-pop-dara-un-show-gratuito-en-rio-de-janeiro\/","title":{"rendered":"la artista pop dar\u00e1 un show gratuito en R\u00edo de Janeiro"},"content":{"rendered":"<p> <br \/>\n<br \/><img decoding=\"async\" src=\"https:\/\/13.com.ar\/wp-content\/uploads\/2025\/04\/la-artista-pop-dara-un-show-gratuito-en-Rio-de.jpg\" \/><\/p>\n<div id=\"element-body-0\">\n<p>Tras haber hecho vibrar el escenario de Empire Polo Club de Indio, California, que pasar\u00e1 a la historia como uno de los mejores recitales del Festival Coachella, <strong>Lady Gaga<\/strong> ya se encuentra en <strong>R\u00edo de Janeiro<\/strong>, <strong>Brasil<\/strong>, donde dar\u00e1 un show gratuito en <strong>Copacabana<\/strong>. <\/p>\n<\/div>\n<div id=\"element-body-1\">\n<p>La estrella pop de 39 a\u00f1os aterriz\u00f3 en <strong>Brasil <\/strong>a bordo de un avi\u00f3n <strong>Boeing 737 MAX 9<\/strong> junto a su equipo de integrado por 250 personas, que incluye bailarines, t\u00e9cnicos y asistentes, seg\u00fan inform\u00f3 la <em>CNN Brasil.<\/em> <\/p>\n<\/div>\n<div id=\"element-body-2\">\n<p>El espect\u00e1culo gratuito ser\u00e1 el <strong>3 de mayo<\/strong>, y se espera que sea multitudinario, tal como lo fue el show gratuito de Madonna el 4 de mayo de 2024, que convoc\u00f3 a 1,6 millones para el cierre de su gira <em>\u201cThe Celebration Tour\u201d<\/em>.<\/p>\n<\/div>\n<div id=\"element-body-4\">\n<p>&#8220;\u00a1El d\u00eda 3 de mayo Lady Gaga en Rio de Janeiro!&#8221;, anunci\u00f3 <strong>Eduardo Paes<\/strong>, alcalde de Rio, en una entrevista con el podcast PodK Liberados.<\/p>\n<\/div>\n<div id=\"element-body-5\">\n<p>&#8220;\u00bfVoy a gastar dinero p\u00fablico en Lady Gaga? S\u00ed. Con Madonna gast\u00e9 tambi\u00e9n. \u00bfSaben por qu\u00e9? Porque <strong>llena todos los hoteles<\/strong>, llena todos los restaurantes&#8221;, sostuvo el mandatario local. <\/p>\n<\/div>\n<div id=\"element-body-6\">\n<p>As\u00ed, el show de Gaga ser\u00e1 el segundo de la iniciativa &#8220;<strong>Todo Mundo no Rio&#8221;<\/strong>, la pol\u00edtica impulsada por la alcald\u00eda de la ciudad brasilera para convertir la playa de Copacabana en un megaestadio y promover la actividad tur\u00edstica.<\/p>\n<\/div>\n<div id=\"element-body-7\">\n<p>Seg\u00fan la <strong>Secretar\u00eda de Turismo<\/strong> del Estado de R\u00edo de Janeiro, de los 1,6 millones de fans que asistieron al show de Madonna, 150.00 eran turistas, lo que redundo en una ocupaci\u00f3n hotelera del 96 por ciento y aport\u00f3 cerca de 300 millones de reales para la econom\u00eda local. <\/p>\n<\/div>\n<div id=\"element-body-8\">\n<p>Las expectativas de los fans por ver a su artista favorita se hizo notar en la multitud que plant\u00f3 bandera en las afueras del Copacabana Palace, donde las artistas se hospeda, y entonaron <strong>&#8220;Vanish Into You&#8221;.<\/strong><\/p>\n<\/div>\n<div id=\"element-body-10\">\n<p>Seg\u00fan el medio brasile\u00f1o <em>Correio<\/em>, la suite de lujo donde se hospeda la estrella pop cuesta <strong>32 mil reales por noche<\/strong>. Se trata de una suite presidencial de 119 metros cuadrados, con impresionantes vistas al mar, balc\u00f3n privado y una piscina privada. <\/p>\n<\/div>\n<div id=\"element-body-11\">\n<p>Adem\u00e1s, la suite est\u00e1 equipada con una cama king size, ba\u00f1o de m\u00e1rmol y una amplia sala de estar, lo que brindar\u00e1 el m\u00e1ximo confort a <strong>Lady Gaga<\/strong> durante su estad\u00eda antes del gran espect\u00e1culo.<\/p>\n<\/div>\n<div id=\"element-body-12\">\n<p>A las afueras, la seguridad fue reforzada con m\u00e1s vallas, como parte del protocolo de seguridad que -de acuerdo con las autoridades del hotel- &#8220;se activa siempre que hay eventos en la regi\u00f3n y gran circulaci\u00f3n de personas\u201d.<\/p>\n<\/div>\n<div id=\"element-body-14\">\n<p>El show est\u00e1 programado para las 21 horas (hora de brasil), y se espera que dure dos horas y media, hasta las 23:30 horas. Adem\u00e1s, para se podr\u00e1 ver en vivo por <strong>TV Globo, Multishow y Globoplay<\/strong>.<\/p>\n<\/div>\n<div id=\"element-body-15\">\n<p>La gira mundial <strong>&#8220;Mayhem&#8221; <\/strong>comenz\u00f3 en 2025. Se espera Gaga int\u00e9rprete sus temas m\u00e1s ic\u00f3nicos como &#8220;Bad Romance&#8221;, &#8220;Poker Face&#8221;, &#8220;Shallow&#8221; y &#8220;Stupid Love&#8221;. <\/p>\n<\/div>\n<div id=\"element-body-16\">\n<blockquote class=\"twitter-tweet\">\n<p lang=\"en\" dir=\"ltr\">Brazilian fans line the streets outside Lady Gaga&#8217;s hotel singing Vanish Into You <a rel=\"nofollow\" target=\"_blank\" href=\"https:\/\/t.co\/bPo95X8s9e\">pic.twitter.com\/bPo95X8s9e<\/a><\/p>\n<p>\u2014 \u0262.\u1d1c.\u028f. | \ud835\ude48\ud835\ude3c\ud835\ude54\ud835\ude43\ud835\ude40\ud835\ude48 (@dollopgaga) <a rel=\"nofollow\" target=\"_blank\" href=\"https:\/\/twitter.com\/dollopgaga\/status\/1917418575629017304?ref_src=twsrc%5Etfw\">April 30, 2025<\/a><\/p><\/blockquote>\n<\/div>\n<div id=\"element-body-17\">\n<p>Conocida por sus espectaculares escenograf\u00edas, elaborados trajes y actuaciones visualmente cautivadoras, la gira &#8220;Mayhem&#8221; promete ser una experiencia inmersiva para el p\u00fablico brasile\u00f1o. <\/p>\n<\/div>\n<div id=\"element-body-18\">\n<p>En Coachella, Gaga brind\u00f3 una magistral performance con \u201c<strong>The Art of Personal Chaos\u201d<\/strong>, con cinco actos que resumieron su carrera: \u201cAct I: Of Velvet and Vice\u201d, \u201cAct II: And She Fell Into a Gothic Dream\u201d, \u201cAct III: The Beautiful Nightmare That Knows Her Name\u201d, \u201cAct IV: To Wake Her Is to Lose Her\u201d, y \u201cFinale: Eternal Aria of the Monster Heart\u201d.<\/p>\n<\/div>\n<div id=\"element-body-19\">\n<p>\u201cFue el set m\u00e1s absorbente posible, Gaga juega con la escala de una forma en la que multiplica la furia elevada de su producci\u00f3n. Como gran parte de su trabajo actual, el nivel de detalle y ejecuci\u00f3n deslumbrante demostr\u00f3 que <strong>Lady Gaga es una int\u00e9rprete teatral sin igual<\/strong>\u201d, asegur\u00f3 la revista <em>Consequence.net<\/em>.<\/p>\n<\/div>\n<p><script async src=\"\/\/platform.twitter.com\/widgets.js\" charset=\"utf-8\"><\/script><br \/>\n<br \/><br \/>\n<br \/><a href=\"https:\/\/www.clarin.com\/internacional\/furor-llegada-lady-gaga-brasil-artista-pop-dara-show-gratuito-rio-janeiro_0_HVadLo8gEW.html\">Fuente Clarin.com <\/a><\/p>\n","protected":false},"excerpt":{"rendered":"<p>Tras haber hecho vibrar el escenario de Empire Polo Club de Indio, California, que pasar\u00e1 a la historia como uno de los mejores recitales del Festival Coachella, Lady Gaga ya se encuentra en R\u00edo de Janeiro, Brasil, donde dar\u00e1 un show gratuito en Copacabana. La estrella pop de 39 a\u00f1os aterriz\u00f3 en Brasil a bordo [&hellip;]<\/p>\n","protected":false},"author":1,"featured_media":21358,"comment_status":"open","ping_status":"open","sticky":false,"template":"","format":"standard","meta":{"footnotes":""},"categories":[2],"tags":[3556,9831,4097,6289,2651,2344,1225],"class_list":["post-21357","post","type-post","status-publish","format-standard","has-post-thumbnail","hentry","category-ultimas-noticias","tag-artista","tag-dara","tag-gratuito","tag-janeiro","tag-pop","tag-rio","tag-show"],"_links":{"self":[{"href":"https:\/\/13.com.ar\/index.php\/wp-json\/wp\/v2\/posts\/21357","targetHints":{"allow":["GET"]}}],"collection":[{"href":"https:\/\/13.com.ar\/index.php\/wp-json\/wp\/v2\/posts"}],"about":[{"href":"https:\/\/13.com.ar\/index.php\/wp-json\/wp\/v2\/types\/post"}],"author":[{"embeddable":true,"href":"https:\/\/13.com.ar\/index.php\/wp-json\/wp\/v2\/users\/1"}],"replies":[{"embeddable":true,"href":"https:\/\/13.com.ar\/index.php\/wp-json\/wp\/v2\/comments?post=21357"}],"version-history":[{"count":0,"href":"https:\/\/13.com.ar\/index.php\/wp-json\/wp\/v2\/posts\/21357\/revisions"}],"wp:featuredmedia":[{"embeddable":true,"href":"https:\/\/13.com.ar\/index.php\/wp-json\/wp\/v2\/media\/21358"}],"wp:attachment":[{"href":"https:\/\/13.com.ar\/index.php\/wp-json\/wp\/v2\/media?parent=21357"}],"wp:term":[{"taxonomy":"category","embeddable":true,"href":"https:\/\/13.com.ar\/index.php\/wp-json\/wp\/v2\/categories?post=21357"},{"taxonomy":"post_tag","embeddable":true,"href":"https:\/\/13.com.ar\/index.php\/wp-json\/wp\/v2\/tags?post=21357"}],"curies":[{"name":"wp","href":"https:\/\/api.w.org\/{rel}","templated":true}]}}