{"id":21355,"date":"2025-04-30T17:58:29","date_gmt":"2025-04-30T20:58:29","guid":{"rendered":"https:\/\/13.com.ar\/index.php\/iberia-refuerza-los-lazos-con-argentina-con-mas-frecuencias-en-los-vuelos-y-una-red-que-genera-mas-de-7-mil-empleos-al-ano\/"},"modified":"2025-04-30T17:58:29","modified_gmt":"2025-04-30T20:58:29","slug":"iberia-refuerza-los-lazos-con-argentina-con-mas-frecuencias-en-los-vuelos-y-una-red-que-genera-mas-de-7-mil-empleos-al-ano","status":"publish","type":"post","link":"https:\/\/13.com.ar\/index.php\/iberia-refuerza-los-lazos-con-argentina-con-mas-frecuencias-en-los-vuelos-y-una-red-que-genera-mas-de-7-mil-empleos-al-ano\/","title":{"rendered":"Iberia refuerza los lazos con Argentina con m\u00e1s frecuencias en los vuelos y una red que genera m\u00e1s de 7 mil empleos al a\u00f1o"},"content":{"rendered":"<p> <br \/>\n<\/p>\n<div id=\"storyBody\">\n<section class=\"sc-85920204-2 hryGoW dataStory dataStory\"\/>\n<div class=\"sc-80531b6b-0 chRIGJ container-text text-embed\" id=\"element-body-0\">\n<p>La relaci\u00f3n de<strong> Iberia con la Argentina <\/strong>se remonta a casi <strong>80 a\u00f1os<\/strong>. Buenos Aires fue el primer destino del otro lado del oceano Atl\u00e1ntico para la empresa aeron\u00e1utica, y el <strong>v\u00ednculo de cercan\u00eda sigue intacto hasta hoy.<\/strong><\/p>\n<\/div>\n<div class=\"sc-80531b6b-0 chRIGJ container-text text-embed\" id=\"element-body-1\">\n<p>Recientemente, la aerol\u00ednea <strong>aument\u00f3 las operaciones entre Buenos Aires y Madrid hasta tres vuelos diarios<\/strong>, que transportan unas 2 mil personas cada d\u00eda. En total, en 2025 tendr\u00e1n 725 mil asientos<\/p>\n<\/div>\n<div class=\"sc-80531b6b-0 chRIGJ container-text text-embed\" id=\"element-body-2\">\n<p>\u201cPara nosotros Argentina es uno de nuestros pa\u00edses principales donde tenemos el mayor foco de nuestro negocio, y creemos que es un mercado que todav\u00eda tiene m\u00e1s capacidad de crecer\u201d, indic\u00f3 <strong>Sonia S\u00e1nchez Plaza, directora de Comunicaci\u00f3n, Relaciones Institucionales e Impacto Social de Iberia<\/strong> en di\u00e1logo con Clar\u00edn. \u201cPara nosotros Buenos Aires es historia de Iberia. El a\u00f1o que viene cumplimos 80 a\u00f1os volando de manera ininterrumpida aqu\u00ed. Tenemos una especial vinculaci\u00f3n con Argentina\u201d, agreg\u00f3.<\/p>\n<\/div>\n<div class=\"sc-98b114a2-0 bkqiHH image-embed  image-embed \" id=\"element-body-3\"><picture class=\"sc-98b114a2-1 jRUlDm\"><source media=\"(min-width: 975px)\" width=\"720\" height=\"480\" \/><img alt=\"Sonia S\u00e1nchez Plaza, directora de Comunicaci\u00f3n, Relaciones Institucionales e Impacto Social de Iberia\" loading=\"lazy\" width=\"720\" height=\"480\" decoding=\"async\" data-nimg=\"1\" style=\"color:transparent\" src=\"https:\/\/13.com.ar\/wp-content\/uploads\/2025\/04\/Iberia-refuerza-los-lazos-con-Argentina-con-mas-frecuencias-en.jpg\"\/><span class=\"epigraphe\">Sonia S\u00e1nchez Plaza, directora de Comunicaci\u00f3n, Relaciones Institucionales e Impacto Social de Iberia<\/span><span class=\"picture-open\"><button class=\"open-image\" aria-label=\"Open Image\"\/><\/span><\/picture><\/div>\n<div class=\"sc-80531b6b-0 chRIGJ container-text text-embed\" id=\"element-body-4\">\n<p>La entrevista se desarroll\u00f3 en <strong>Espacio Iberia<\/strong>, un lugar armado en plena calle Florida que estuvo <strong>abierto durante un mes<\/strong> hasta el 25 de abril. Su objetivo fue <strong>acercar la aerol\u00ednea a las personas<\/strong> que todav\u00eda no la conoc\u00edan. All\u00ed se pod\u00eda degustar las comidas que se sirven a bordo, conocer y probarse los trajes utilizados hist\u00f3ricamente por el personal y usar un simulador de vuelo junto a un instructor que explicaba c\u00f3mo aterrizar y despegar. Como comunic\u00f3 la aerol\u00ednea en el cierre, <strong>m\u00e1s de 28.000 personas visitaron este centro de experiencia<\/strong><\/p>\n<\/div>\n<div class=\"sc-80531b6b-0 chRIGJ container-text text-embed\" id=\"element-body-5\">\n<p>\u201cHay una afinidad hist\u00f3rica muy fuerte entre Espa\u00f1a y Argentina, son pa\u00edses hermanos con mucha historia en com\u00fan. Para los espa\u00f1oles, Argentina es uno de los sitios favoritos para venir de vacaciones. Es un pa\u00eds inmenso, precioso, con riquezas naturales, culturales, con ciudades estupendas como Buenos Aires\u201d, coment\u00f3 S\u00e1nchez Plaza, y se refiri\u00f3 a la gran cantidad de \u201c<strong>turismo de familia<\/strong>\u201d, con <strong>personas que visitan familiares de uno y otro lado del oc\u00e9ano<\/strong>. \u201cPara nosotros y para Argentina es una muy buena puerta de entrada a Europa. Muchos argentinos dicen que no entienden ir a Europa sin pasar unos d\u00edas en Espa\u00f1a, y aprovechan la oferta de stop over\u201d, agreg\u00f3. Esta oferta permite parar hasta 9 d\u00edas en Espa\u00f1a antes de llegar a otro destino final. Adem\u00e1s incluye un programa completo de descuentos en alojamientos, compras y visitas culturales.<\/p>\n<\/div>\n<p><h2>Una empresa que genera miles de trabajo a lo largo del mundo<\/h2>\n<\/p>\n<div class=\"sc-80531b6b-0 chRIGJ container-text text-embed\" id=\"element-body-7\">\n<p>\u201cEn el prop\u00f3sito de Iberia como compa\u00f1\u00eda est\u00e1 siempre el de generar un impacto social positivo en los lugares a los que volamos. Est\u00e1 en nuestro ADN\u201d, indic\u00f3 S\u00e1nchez Plaza. Una forma clara de medir el impacto social es tomar en cuenta la creaci\u00f3n de empleo. <strong>La ruta que une Buenos Aires y Madrid, produce 7500 empleos al a\u00f1o<\/strong> entre directos, indirectos e inducidos. Esto genera riqueza por un importe de unos 250 millones de euros.<\/p>\n<\/div>\n<div class=\"sc-98b114a2-0 bkqiHH image-embed  image-embed \" id=\"element-body-8\"><picture class=\"sc-98b114a2-1 jRUlDm\"><source media=\"(min-width: 975px)\" width=\"720\" height=\"480\" \/><img alt=\"La ruta Buenos Aires - Madrid genera 7500 empleos al a\u00f1o.\" loading=\"lazy\" width=\"720\" height=\"480\" decoding=\"async\" data-nimg=\"1\" style=\"color:transparent\" src=\"https:\/\/13.com.ar\/wp-content\/uploads\/2025\/04\/1746046709_683_Iberia-refuerza-los-lazos-con-Argentina-con-mas-frecuencias-en.jpg\"\/><span class=\"epigraphe\">La ruta Buenos Aires &#8211; Madrid genera 7500 empleos al a\u00f1o.<\/span><span class=\"picture-open\"><button class=\"open-image\" aria-label=\"Open Image\"\/><\/span><\/picture><\/div>\n<div class=\"sc-80531b6b-0 chRIGJ container-text text-embed\" id=\"element-body-9\">\n<p>La empresa adem\u00e1s realiza actividades filantr\u00f3picas para tratar de generar oportunidades en Espa\u00f1a y en los pa\u00edses a los que vuela. Por ejemplo, <strong>brinda ayuda humanitaria y trabaja con asociaciones y ONGs para trasladar refugiados<\/strong>. Tambi\u00e9n tiene un programa con la Organizaci\u00f3n Nacional de Trasplantes, para trasladar \u00f3rganos en Espa\u00f1a y brindar inmediatez a las personas que lo necesitan.<\/p>\n<\/div>\n<div class=\"sc-80531b6b-0 chRIGJ container-text text-embed\" id=\"element-body-10\">\n<p>\u201cCreo que las personas tenemos cada vez m\u00e1s inter\u00e9s por que el servicio que se contrata mantenga un est\u00e1ndar con el que te sientas confortable, que no sea una empresa que haga algo que cuestione tus propios valores. Y, en ese sentido, desde Iberia este es un factor que nos estamos tomando muy en serio, llevando a cabo importantes inversiones y medidas para que no solo para ofrecer una mejor propuesta de valor, sino tambi\u00e9n para que nuestra actividad sea cada vez m\u00e1s sostenible\u201d, indic\u00f3 la directiva de la aerol\u00ednea.<\/p>\n<\/div>\n<p><h2>Trabajando por un futuro mejor<\/h2>\n<\/p>\n<div class=\"sc-80531b6b-0 chRIGJ container-text text-embed\" id=\"element-body-12\">\n<p>La aeron\u00e1utica es una actividad dif\u00edcil de descarbonizar, pero para las empresas es muy importante <strong>esforzarse para reducir la huella de carbono<\/strong>. Eso es lo que est\u00e1 haciendo Iberia, principalmente con dos herramientas: la <strong>renovaci\u00f3n de la flota y el consumo de combustible sostenible<\/strong> de aviaci\u00f3n.<\/p>\n<\/div>\n<div class=\"sc-80531b6b-0 chRIGJ container-text text-embed\" id=\"element-body-13\">\n<p>\u201cEn Iberia estamos realizando inversiones millonarias para ir cambiando y tener cada vez m\u00e1s aviones de nueva generaci\u00f3n. La operaci\u00f3n con Buenos Aires la realizamos pr\u00e1cticamente completa con los aviones m\u00e1s eficientes del mercado, los m\u00e1s modernos de nuestra flota, los Airbus 350 next. Son aviones que consumen un 35 % menos de combustible. Esto quiere decir que tambi\u00e9n tienen una notable reducci\u00f3n de emisiones contaminantes\u201d, explic\u00f3 S\u00e1nchez Plaza.<\/p>\n<\/div>\n<div class=\"sc-98b114a2-0 bkqiHH image-embed  image-embed \" id=\"element-body-14\"><picture class=\"sc-98b114a2-1 jRUlDm\"><source media=\"(min-width: 975px)\" width=\"720\" height=\"480\" \/><img alt=\"El combustible sostenible de aviaci\u00f3n puede reducir hasta m\u00e1s del 80% las emisiones contaminantes.\" loading=\"lazy\" width=\"720\" height=\"480\" decoding=\"async\" data-nimg=\"1\" style=\"color:transparent\" src=\"https:\/\/13.com.ar\/wp-content\/uploads\/2025\/04\/1746046709_421_Iberia-refuerza-los-lazos-con-Argentina-con-mas-frecuencias-en.jpg\"\/><span class=\"epigraphe\">El combustible sostenible de aviaci\u00f3n puede reducir hasta m\u00e1s del 80% las emisiones contaminantes.<\/span><span class=\"picture-open\"><button class=\"open-image\" aria-label=\"Open Image\"\/><\/span><\/picture><\/div>\n<div class=\"sc-80531b6b-0 chRIGJ container-text text-embed\" id=\"element-body-15\">\n<p>El <strong>consumo de combustible sostenible de aviaci\u00f3n<\/strong> es la soluci\u00f3n m\u00e1s eficiente que existe actualmente, ya que <strong>puede reducir hasta m\u00e1s del 80% las emisiones contaminantes<\/strong>. Iberia empez\u00f3 a utilizarlo y apuesta por m\u00e1s.<\/p>\n<\/div>\n<div class=\"sc-80531b6b-0 chRIGJ container-text text-embed\" id=\"element-body-16\">\n<p>\u201cExiste un problema, y es que la producci\u00f3n por el momento es escasa y el precio todav\u00eda es muy caro. Por eso estamos haciendo desde Iberia y desde todo el sector de la industria de la aviaci\u00f3n un llamamiento a los gobiernos, a los organismos supranacionales para que impulsen esa producci\u00f3n de combustible sostenible de aviaci\u00f3n y que las aerol\u00edneas podamos usarlo m\u00e1s, a un precio m\u00e1s razonable, sin que nos obligue a encarecer los billetes, para que la aviaci\u00f3n siga siendo accesible para todos. Es una de nuestras mayores peleas en este momento\u201d, indic\u00f3 la Directora.<\/p>\n<\/div>\n<div class=\"sc-80531b6b-0 chRIGJ container-text text-embed\" id=\"element-body-17\">\n<p>La empresa tambi\u00e9n <strong>apuesta a la innovaci\u00f3n con un apoyo a la investigaci\u00f3n que genere soluciones<\/strong> para descarbonizar la aviaci\u00f3n.<\/p>\n<\/div>\n<div class=\"sc-80531b6b-0 chRIGJ container-text text-embed\" id=\"element-body-18\">\n<p>\u201cCreo que hay conciencia ambiental creciente y es importante, porque est\u00e1 bien que pongamos un ojo en procurar que nuestra actividad tenga el menor impacto ambiental posible. La aviaci\u00f3n genera una huella en el medio ambiente, por eso estamos trabajando mucho para tratar de reducirla, porque viajar es una actividad imprescindible\u201d, indic\u00f3 S\u00e1nchez Plaza.<\/p>\n<\/div>\n<p><h2>Una experiencia de calidad para todos<\/h2>\n<\/p>\n<div class=\"sc-80531b6b-0 chRIGJ container-text text-embed\" id=\"element-body-20\">\n<p>Iberia est\u00e1 trabajando en ofrecer <strong>m\u00e1s comodidades a pasajeros con alg\u00fan tipo de discapacidad o con problemas de movilidad<\/strong>. La empresa est\u00e1 enfocada actualmente en un plan de accesibilidad que ya tiene avances importantes.<\/p>\n<\/div>\n<div class=\"sc-98b114a2-0 bkqiHH image-embed  image-embed \" id=\"element-body-21\"><picture class=\"sc-98b114a2-1 jRUlDm\"><source media=\"(min-width: 975px)\" width=\"720\" height=\"480\" \/><img alt=\"Iberia trabaja para que la experiencia de viajar sea m\u00e1s accesible para todos.\" loading=\"lazy\" width=\"720\" height=\"480\" decoding=\"async\" data-nimg=\"1\" style=\"color:transparent\" src=\"https:\/\/13.com.ar\/wp-content\/uploads\/2025\/04\/1746046709_668_Iberia-refuerza-los-lazos-con-Argentina-con-mas-frecuencias-en.jpg\"\/><span class=\"epigraphe\">Iberia trabaja para que la experiencia de viajar sea m\u00e1s accesible para todos.<\/span><span class=\"picture-open\"><button class=\"open-image\" aria-label=\"Open Image\"\/><\/span><\/picture><\/div>\n<div class=\"sc-80531b6b-0 chRIGJ container-text text-embed\" id=\"element-body-22\">\n<p>\u201cEl objetivo es que desde que compras el billete hasta que terminas tu experiencia en vuelo todo sea m\u00e1s sencillo y accesible\u201d, indic\u00f3 la Directora.<\/p>\n<\/div>\n<div class=\"sc-80531b6b-0 chRIGJ container-text text-embed\" id=\"element-body-23\">\n<p>La empresa ya empez\u00f3 a utilizar una <strong>aplicaci\u00f3n para hacer m\u00e1s simple la comunicaci\u00f3n con personas que tienen dificultades para hablar<\/strong>: se llama <strong>H\u00e1blalo <\/strong>y fue desarrollada por el emprendedor argentino <strong>Mateo Salvatto<\/strong>. La app facilita el di\u00e1logo tanto con los empleados que atienden en tierra como en vuelo. \u201cEst\u00e1 funcionando muy bien, estamos muy contentos\u201d, concluy\u00f3 S\u00e1nchez Plaza.<\/p>\n<\/div>\n<div class=\"list-bottom-authors\">\n<div class=\"sc-4e7e5c5d-1 hjTmRa bottom-author\" style=\"position:relative\">\n<div class=\"author-info\"><span>Brand Studio<\/span><span class=\"bioInfo\">Bio completa<\/span><\/div>\n<\/div>\n<\/div>\n<div class=\"sc-e13a1564-0 ihSKMb Newsletter trinity-skip-it\">\n<div class=\"inner-card-m\">\n<div class=\"related-content\">\n<div class=\"text\">\n<p>Recib\u00ed en tu email todas las noticias, coberturas, historias y an\u00e1lisis de la mano de nuestros periodistas especializados<\/p>\n<p>QUIERO RECIBIRLO<\/p><\/div>\n<p><img decoding=\"async\" src=\"https:\/\/13.com.ar\/wp-content\/uploads\/2025\/02\/1739916399_850_Un-plan-semanal-con-ideas-para-las-4-comidas-elaborado.png\" alt=\"Newsletter Clarin\" loading=\"lazy\" width=\"110\" height=\"110\"\/><\/div>\n<\/div>\n<\/div>\n<\/div>\n<p><br \/>\n<br \/><a href=\"https:\/\/www.clarin.com\/brandstudio\/iberia-refuerza-lazos-argentina-frecuencias-vuelos-red-genera-7-mil-empleos-ano_0_WUMMiPbK3h.html\">Fuente Clarin.com <\/a><\/p>\n","protected":false},"excerpt":{"rendered":"<p>La relaci\u00f3n de Iberia con la Argentina se remonta a casi 80 a\u00f1os. Buenos Aires fue el primer destino del otro lado del oceano Atl\u00e1ntico para la empresa aeron\u00e1utica, y el v\u00ednculo de cercan\u00eda sigue intacto hasta hoy. Recientemente, la aerol\u00ednea aument\u00f3 las operaciones entre Buenos Aires y Madrid hasta tres vuelos diarios, que transportan [&hellip;]<\/p>\n","protected":false},"author":1,"featured_media":21356,"comment_status":"open","ping_status":"open","sticky":false,"template":"","format":"standard","meta":{"footnotes":""},"categories":[2],"tags":[530,288,18,6056,16589,466,5367,2765,28,155,2116,4763,12359,73,2315],"class_list":["post-21355","post","type-post","status-publish","format-standard","has-post-thumbnail","hentry","category-ultimas-noticias","tag-ano","tag-argentina","tag-con","tag-empleos","tag-frecuencias","tag-genera","tag-iberia","tag-lazos","tag-los","tag-mas","tag-mil","tag-red","tag-refuerza","tag-una","tag-vuelos"],"_links":{"self":[{"href":"https:\/\/13.com.ar\/index.php\/wp-json\/wp\/v2\/posts\/21355","targetHints":{"allow":["GET"]}}],"collection":[{"href":"https:\/\/13.com.ar\/index.php\/wp-json\/wp\/v2\/posts"}],"about":[{"href":"https:\/\/13.com.ar\/index.php\/wp-json\/wp\/v2\/types\/post"}],"author":[{"embeddable":true,"href":"https:\/\/13.com.ar\/index.php\/wp-json\/wp\/v2\/users\/1"}],"replies":[{"embeddable":true,"href":"https:\/\/13.com.ar\/index.php\/wp-json\/wp\/v2\/comments?post=21355"}],"version-history":[{"count":0,"href":"https:\/\/13.com.ar\/index.php\/wp-json\/wp\/v2\/posts\/21355\/revisions"}],"wp:featuredmedia":[{"embeddable":true,"href":"https:\/\/13.com.ar\/index.php\/wp-json\/wp\/v2\/media\/21356"}],"wp:attachment":[{"href":"https:\/\/13.com.ar\/index.php\/wp-json\/wp\/v2\/media?parent=21355"}],"wp:term":[{"taxonomy":"category","embeddable":true,"href":"https:\/\/13.com.ar\/index.php\/wp-json\/wp\/v2\/categories?post=21355"},{"taxonomy":"post_tag","embeddable":true,"href":"https:\/\/13.com.ar\/index.php\/wp-json\/wp\/v2\/tags?post=21355"}],"curies":[{"name":"wp","href":"https:\/\/api.w.org\/{rel}","templated":true}]}}