{"id":21352,"date":"2025-04-30T17:52:39","date_gmt":"2025-04-30T20:52:39","guid":{"rendered":"https:\/\/13.com.ar\/index.php\/que-hay-detras-del-rumor-sobre-imola-y-como-saber-cuando-corre\/"},"modified":"2025-04-30T17:52:39","modified_gmt":"2025-04-30T20:52:39","slug":"que-hay-detras-del-rumor-sobre-imola-y-como-saber-cuando-corre","status":"publish","type":"post","link":"https:\/\/13.com.ar\/index.php\/que-hay-detras-del-rumor-sobre-imola-y-como-saber-cuando-corre\/","title":{"rendered":"qu\u00e9 hay detr\u00e1s del rumor sobre Imola y c\u00f3mo saber cu\u00e1ndo corre"},"content":{"rendered":"<p> <br \/>\n<br \/><img decoding=\"async\" src=\"https:\/\/13.com.ar\/wp-content\/uploads\/2025\/02\/Nunca-estuvo-a-la-altura.jpg\" \/><\/p>\n<div id=\"element-body-0\">\n<p>En las \u00faltimas horas, los fan\u00e1ticos de <strong>Franco Colapinto<\/strong> se ilusionaron con su posible regreso a la F\u00f3rmula 1, luego de que el Horacio Mar\u00edn \u2014presidente de <strong>YPF<\/strong>, sponsor del piloto argentino\u2014, revelara por error que podr\u00eda correr en<strong> Imola, Italia<\/strong>.<\/p>\n<\/div>\n<div id=\"element-body-1\">\n<p>El momento que encendi\u00f3 las especulaciones se dio fuera de c\u00e1mara, cuando <strong>Mar\u00edn<\/strong> no se dio cuenta que el micr\u00f3fono segu\u00eda abierto y se lo escuch\u00f3 decir: \u201c<strong>En Imola<\/strong>\u201d. Esa breve frase aliment\u00f3 las expectativas sobre el futuro de <strong>Colapinto<\/strong> en la F\u00f3rmula 1 y su posible participaci\u00f3n con el equipo <strong>Alpine<\/strong>.<\/p>\n<\/div>\n<div id=\"element-body-2\">\n<p>Si la frase de Mar\u00edn no fue un simple desliz, los fan\u00e1ticos podr\u00edan ver al oriundo de Pilar compitiendo en la m\u00e1xima categor\u00eda del automovilismo antes de lo previsto. Mientras tanto, el piloto argentino afrontar\u00e1 un fin de semana intenso en la sede central de Alpine.<\/p>\n<\/div>\n<div id=\"element-body-3\">\n<p>Desde este viernes 2 de mayo, el joven piloto argentino estar\u00e1 trabajando en el simulador de la escuder\u00eda en Enstone, enfocado en mejorar el rendimiento del equipo de cara al <strong>Gran Premio de Miami<\/strong>. All\u00ed, la F\u00f3rmula 1 disputar\u00e1 su sexta fecha del campeonato 2025 con <strong>Jack Doohan<\/strong> y <strong>Pierre Gasly<\/strong> como titulares, y Paul Aron como piloto de reserva en los boxes.<\/p>\n<\/div>\n<div id=\"element-body-5\">\n<p>Aunque a\u00fan no hay una confirmaci\u00f3n oficial y<strong> Alpine ya ha confirmado a Jack Doohan y Pierre Gasly<\/strong> como pilotos titulares para el GP de Miami, la esperanza de ver al argentino en la F\u00f3rmula 1 crece con miras al <strong>Gran Premio de Imola<\/strong>. Adem\u00e1s, el equipo ha dejado abierta la posibilidad de cambios en el futuro, dependiendo del desempe\u00f1o de los pilotos actuales.<\/p>\n<\/div>\n<div id=\"element-body-7\">\n<p>Colapinto podr\u00eda subirse al monoplaza de Alpine en esta carrera, que se disputar\u00e1 el<strong> 18 de mayo a las en el Aut\u00f3dromo Enzo e Dino Ferrari, en Italia<\/strong>.<strong> <\/strong>Con 63 vueltas y una distancia total de 4,909 kil\u00f3metros, el<strong> Gran Premio del Made in Italy e dell&#8217;Emilia-Romagna <\/strong>es una de los campeonatos m\u00e1s esperados de 2025.<\/p>\n<\/div>\n<div id=\"element-body-9\">\n<p>Para obtener la confirmaci\u00f3n oficial sobre la participaci\u00f3n de <strong>Colapinto en el Gran Premio de Imola<\/strong>, se recomienda seguir las actualizaciones en el <strong>sitio web oficial de la F\u00f3rmula 1.<\/strong><\/p>\n<\/div>\n<div id=\"element-body-10\">\n<p>Asimismo, cualquier anuncio oficial sobre cambios en la alineaci\u00f3n de pilotos ser\u00e1 publicado en las redes sociales oficiales de <strong>Alpine y de Franco Colapinto<\/strong>.<\/p>\n<\/div>\n<div id=\"element-body-11\">\n<p>Los fan\u00e1ticos tambi\u00e9n pueden estar atentos a las conferencias de prensa previas a la carrera, donde los equipos suelen confirmar o ajustar sus alineaciones de pilotos.<\/p>\n<\/div>\n<p><script async src=\"\/\/www.instagram.com\/embed.js\"><\/script><br \/>\n<br \/><br \/>\n<br \/><a href=\"https:\/\/www.clarin.com\/informacion-general\/franco-colapinto-f1-detras-rumor-imola-saber-corre_0_fLdGMwXWrx.html\">Fuente Clarin.com <\/a><\/p>\n","protected":false},"excerpt":{"rendered":"<p>En las \u00faltimas horas, los fan\u00e1ticos de Franco Colapinto se ilusionaron con su posible regreso a la F\u00f3rmula 1, luego de que el Horacio Mar\u00edn \u2014presidente de YPF, sponsor del piloto argentino\u2014, revelara por error que podr\u00eda correr en Imola, Italia. El momento que encendi\u00f3 las especulaciones se dio fuera de c\u00e1mara, cuando Mar\u00edn no [&hellip;]<\/p>\n","protected":false},"author":1,"featured_media":2873,"comment_status":"open","ping_status":"open","sticky":false,"template":"","format":"standard","meta":{"footnotes":""},"categories":[2],"tags":[66,8146,677,100,269,942,15756,286,11702,2835,732],"class_list":["post-21352","post","type-post","status-publish","format-standard","has-post-thumbnail","hentry","category-ultimas-noticias","tag-como","tag-corre","tag-cuando","tag-del","tag-detras","tag-hay","tag-imola","tag-que","tag-rumor","tag-saber","tag-sobre"],"_links":{"self":[{"href":"https:\/\/13.com.ar\/index.php\/wp-json\/wp\/v2\/posts\/21352","targetHints":{"allow":["GET"]}}],"collection":[{"href":"https:\/\/13.com.ar\/index.php\/wp-json\/wp\/v2\/posts"}],"about":[{"href":"https:\/\/13.com.ar\/index.php\/wp-json\/wp\/v2\/types\/post"}],"author":[{"embeddable":true,"href":"https:\/\/13.com.ar\/index.php\/wp-json\/wp\/v2\/users\/1"}],"replies":[{"embeddable":true,"href":"https:\/\/13.com.ar\/index.php\/wp-json\/wp\/v2\/comments?post=21352"}],"version-history":[{"count":0,"href":"https:\/\/13.com.ar\/index.php\/wp-json\/wp\/v2\/posts\/21352\/revisions"}],"wp:featuredmedia":[{"embeddable":true,"href":"https:\/\/13.com.ar\/index.php\/wp-json\/wp\/v2\/media\/2873"}],"wp:attachment":[{"href":"https:\/\/13.com.ar\/index.php\/wp-json\/wp\/v2\/media?parent=21352"}],"wp:term":[{"taxonomy":"category","embeddable":true,"href":"https:\/\/13.com.ar\/index.php\/wp-json\/wp\/v2\/categories?post=21352"},{"taxonomy":"post_tag","embeddable":true,"href":"https:\/\/13.com.ar\/index.php\/wp-json\/wp\/v2\/tags?post=21352"}],"curies":[{"name":"wp","href":"https:\/\/api.w.org\/{rel}","templated":true}]}}