{"id":2128,"date":"2025-02-05T09:21:10","date_gmt":"2025-02-05T12:21:10","guid":{"rendered":"https:\/\/13.com.ar\/index.php\/identificaron-a-los-presuntos-responsables-de-iniciar-el-fuego-pero-escaparon-en-camioneta\/"},"modified":"2025-02-05T09:21:10","modified_gmt":"2025-02-05T12:21:10","slug":"identificaron-a-los-presuntos-responsables-de-iniciar-el-fuego-pero-escaparon-en-camioneta","status":"publish","type":"post","link":"https:\/\/13.com.ar\/index.php\/identificaron-a-los-presuntos-responsables-de-iniciar-el-fuego-pero-escaparon-en-camioneta\/","title":{"rendered":"identificaron a los presuntos responsables de iniciar el fuego pero escaparon en camioneta"},"content":{"rendered":"<p> <br \/>\n<br \/><img decoding=\"async\" src=\"https:\/\/13.com.ar\/wp-content\/uploads\/2025\/02\/identificaron-a-los-presuntos-responsables-de-iniciar-el-fuego-pero.jpg\" \/><\/p>\n<div>\n<p>En medio del desastre que causaron los incendios en la Patagonia y despu\u00e9s de que los gobernadores de Rio Negro y Chubut ratificaran que fueron intencionales, la Polic\u00eda confirm\u00f3 en las \u00faltimas horas que <strong>lograron identificar a los presuntos responsables pero no pudieron detenerlos<\/strong> porque escaparon en una camioneta.<\/p>\n<\/div>\n<div>\n<p>El subjefe de la Polic\u00eda de R\u00edo Negro, Elio Tapia, precis\u00f3 que \u201c<strong>circulaban en un veh\u00edculo en un \u00e1rea donde se registran nuevos focos<\/strong>\u201d. Esa secuencia ocurri\u00f3 apenas pasada la medianoche del martes.<\/p>\n<\/div>\n<div>\n<p>\u201cLogramos identificar a personas sospechosas de realizar incendios intencionales<strong> en la zona de Mall\u00edn Ahogado<\/strong>. Los involucrados se trasladaban en camioneta y se dieron a la fuga\u201d, cont\u00f3 el jefe policial, seg\u00fan precis\u00f3 el diario La Ma\u00f1ana de Neuqu\u00e9n.<\/p>\n<\/div>\n<div>\n<p>Sobre las razones por las que, seg\u00fan precis\u00f3, no pudieron detenerlos, se\u00f1al\u00f3 que \u201ccuando los efectivos fueron a identificar al veh\u00edculo que se encontraba en el lugar, se dio a la fuga\u201d. De inmediato, agreg\u00f3, se &#8220;implement\u00f3 un operativo, pero no se logr\u00f3 ubicar el rodado, ni los ocupantes\u201d.<\/p>\n<\/div>\n<div>\n<p>El gobernador de R\u00edo Negro, Alberto Weretilnek, y el de Chubut, Ignacio Torres, confirmaron este domingo que los incendios declarados en las localidades de Epuy\u00e9n y El Bols\u00f3n fueron intencionales, y prometieron ir &#8220;hasta las \u00faltimas consecuencias&#8221; para castigar a los culpables.<\/p>\n<\/div>\n<div>\n<p>El decreto 75\/2025 declara el estado de emergencia en el Departamento Bariloche <strong>a partir del 1 de febrero y por el t\u00e9rmino de un a\u00f1o<\/strong>, aplicando una serie de beneficios para acompa\u00f1ar a los productores que sufrieron los da\u00f1os m\u00e1s importantes.<\/p>\n<\/div>\n<div>\n<p>En consecuencia, los productores rurales que perdieron sus cosechas tendr\u00e1n beneficios impositivos y tambi\u00e9n la gobernaci\u00f3n rionegrina adquirir\u00e1 insumos y bienes para <strong>mitigar los perjuicios generados por los incendios<\/strong>.<\/p>\n<\/div>\n<div>\n<p>Adem\u00e1s, se inform\u00f3 que el gobernador Weretilneck viajar\u00e1 a Buenos Aires para gestionar los recursos necesarios que permitan asistir a los damnificados y avanzar con la reconstrucci\u00f3n de la zona.<\/p>\n<\/div>\n<p><br \/>\n<br \/><a href=\"https:\/\/www.clarin.com\/sociedad\/incendios-bolson-identificaron-presuntos-responsables-iniciar-fuego-escaparon-camioneta_0_y3iF3p56Vn.html\">Fuente Clarin.com <\/a><\/p>\n","protected":false},"excerpt":{"rendered":"<p>En medio del desastre que causaron los incendios en la Patagonia y despu\u00e9s de que los gobernadores de Rio Negro y Chubut ratificaran que fueron intencionales, la Polic\u00eda confirm\u00f3 en las \u00faltimas horas que lograron identificar a los presuntos responsables pero no pudieron detenerlos porque escaparon en una camioneta. El subjefe de la Polic\u00eda de [&hellip;]<\/p>\n","protected":false},"author":1,"featured_media":2129,"comment_status":"open","ping_status":"open","sticky":false,"template":"","format":"standard","meta":{"footnotes":""},"categories":[2],"tags":[921,3993,853,531,3992,28,265,3990,3991],"class_list":["post-2128","post","type-post","status-publish","format-standard","has-post-thumbnail","hentry","category-ultimas-noticias","tag-camioneta","tag-escaparon","tag-fuego","tag-identificaron","tag-iniciar","tag-los","tag-pero","tag-presuntos","tag-responsables"],"_links":{"self":[{"href":"https:\/\/13.com.ar\/index.php\/wp-json\/wp\/v2\/posts\/2128","targetHints":{"allow":["GET"]}}],"collection":[{"href":"https:\/\/13.com.ar\/index.php\/wp-json\/wp\/v2\/posts"}],"about":[{"href":"https:\/\/13.com.ar\/index.php\/wp-json\/wp\/v2\/types\/post"}],"author":[{"embeddable":true,"href":"https:\/\/13.com.ar\/index.php\/wp-json\/wp\/v2\/users\/1"}],"replies":[{"embeddable":true,"href":"https:\/\/13.com.ar\/index.php\/wp-json\/wp\/v2\/comments?post=2128"}],"version-history":[{"count":0,"href":"https:\/\/13.com.ar\/index.php\/wp-json\/wp\/v2\/posts\/2128\/revisions"}],"wp:featuredmedia":[{"embeddable":true,"href":"https:\/\/13.com.ar\/index.php\/wp-json\/wp\/v2\/media\/2129"}],"wp:attachment":[{"href":"https:\/\/13.com.ar\/index.php\/wp-json\/wp\/v2\/media?parent=2128"}],"wp:term":[{"taxonomy":"category","embeddable":true,"href":"https:\/\/13.com.ar\/index.php\/wp-json\/wp\/v2\/categories?post=2128"},{"taxonomy":"post_tag","embeddable":true,"href":"https:\/\/13.com.ar\/index.php\/wp-json\/wp\/v2\/tags?post=2128"}],"curies":[{"name":"wp","href":"https:\/\/api.w.org\/{rel}","templated":true}]}}