{"id":2119,"date":"2025-02-05T08:46:48","date_gmt":"2025-02-05T11:46:48","guid":{"rendered":"https:\/\/13.com.ar\/index.php\/murio-a-los-88-anos-karim-al-hussaini-aga-khan-iv-el-lider-espiritual-de-los-musulmanes-ismaelitas\/"},"modified":"2025-02-05T08:46:48","modified_gmt":"2025-02-05T11:46:48","slug":"murio-a-los-88-anos-karim-al-hussaini-aga-khan-iv-el-lider-espiritual-de-los-musulmanes-ismaelitas","status":"publish","type":"post","link":"https:\/\/13.com.ar\/index.php\/murio-a-los-88-anos-karim-al-hussaini-aga-khan-iv-el-lider-espiritual-de-los-musulmanes-ismaelitas\/","title":{"rendered":"Muri\u00f3 a los 88 a\u00f1os Karim al Hussaini Aga Khan IV, el l\u00edder espiritual de los musulmanes ismaelitas"},"content":{"rendered":"<p> <br \/>\n<br \/><img decoding=\"async\" src=\"https:\/\/13.com.ar\/wp-content\/uploads\/2025\/02\/Murio-a-los-88-anos-Karim-al-Hussaini-Aga-Khan.jpg\" \/><\/p>\n<div>\n<p>El pr\u00edncipe <strong>Karim al Hussaini Aga Khan IV<\/strong>, fil\u00e1ntropo y l\u00edder espiritual de los musulmanes ismaelitas,<strong> falleci\u00f3 este martes en Lisboa a los 88 a\u00f1os<\/strong> de edad rodeado de su familia.<\/p>\n<\/div>\n<div>\n<p>Su fundaci\u00f3n, <strong>Red de Desarrollo Aga Khan<\/strong> (AKDN, por sus siglas en ingl\u00e9s), inform\u00f3 en un comunicado de la muerte del 49\u00ba im\u00e1n de los musulmanes chi\u00edes ismaelitas y &#8220;descendiente directo del profeta Mahoma&#8221;.<\/p>\n<\/div>\n<div>\n<p>&#13;<br \/>\nLa nota agreg\u00f3 que, tras este deceso, se va anunciar su sucesor designado. <\/p>\n<\/div>\n<div>\n<p>&#13;<br \/>\nNacido en Suiza en 1936 y criado en este pa\u00eds y en Kenia, estudiaba en Harvard cuando fue nombrado im\u00e1n de entre los 12 y 15 millones de ismaelitas que se calcula que hay en el mundo en 1957 por su abuelo, sir Sultan Mahomed Shah Aga Khan. <\/p>\n<\/div>\n<div>\n<p>Conocido por sus <strong>mansiones opulentas y su gusto por las carreras<\/strong>, Karim al Hussaini Aga Khan fue conocido por su labor como fil\u00e1ntropo y ser el responsable de la red de instituciones en todo el mundo dedicadas a la educaci\u00f3n, la salud, el desarrollo social y econ\u00f3mico, y la cultura.<\/p>\n<\/div>\n<div>\n<p>No se sabe a ciencia cierta a cu\u00e1nto ascend\u00eda su fortuna, que hay quienes la sit\u00faan en <strong>miles de millones de d\u00f3lares.<\/strong><\/p>\n<\/div>\n<div>\n<p>&#13;<br \/>\nLos ismaelitas son una minor\u00eda musulmana chi\u00ed que desde el siglo XIX concede el t\u00edtulo de Aga Khan a su im\u00e1n, al que se le atribuye una descendencia directa de Mahoma. <\/p>\n<\/div>\n<div>\n<p>&#13;<br \/>\nLos imanes no tienen control sobre ning\u00fan territorio en concreto pero ejercen su influencia a trav\u00e9s de la AKDN. <\/p>\n<\/div>\n<div>\n<p>&#13;<br \/>\nPortugal acoge una de las mayores comunidades ismaelitas en Europa, con entre 8.000 y 10.000 personas. <\/p>\n<\/div>\n<div>\n<p>&#13;<br \/>\nHace diez a\u00f1os, el Gobierno luso y Aga Khan firmaron un acuerdo para establecer la sede mundial del Imamat ismael\u00ed en Portugal. <\/p>\n<\/div>\n<div>\n<p>Tres a\u00f1os despu\u00e9s, Aga Khan design\u00f3 oficialmente el palacio Henrique de Mendo\u00e7a, en Lisboa, como sede global del Imamat ismael\u00ed. <\/p>\n<\/div>\n<p><br \/>\n<br \/><a href=\"https:\/\/www.clarin.com\/mundo\/murio-88-anos-karim-hussaini-aga-khan-iv-lider-espiritual-musulmanes-ismaelitas_0_Uwu1DqAKGP.html\">Fuente Clarin.com <\/a><\/p>\n","protected":false},"excerpt":{"rendered":"<p>El pr\u00edncipe Karim al Hussaini Aga Khan IV, fil\u00e1ntropo y l\u00edder espiritual de los musulmanes ismaelitas, falleci\u00f3 este martes en Lisboa a los 88 a\u00f1os de edad rodeado de su familia. Su fundaci\u00f3n, Red de Desarrollo Aga Khan (AKDN, por sus siglas en ingl\u00e9s), inform\u00f3 en un comunicado de la muerte del 49\u00ba im\u00e1n de [&hellip;]<\/p>\n","protected":false},"author":1,"featured_media":2120,"comment_status":"open","ping_status":"open","sticky":false,"template":"","format":"standard","meta":{"footnotes":""},"categories":[2],"tags":[3982,636,3984,3981,3986,3980,3983,2279,28,611,3985],"class_list":["post-2119","post","type-post","status-publish","format-standard","has-post-thumbnail","hentry","category-ultimas-noticias","tag-aga","tag-anos","tag-espiritual","tag-hussaini","tag-ismaelitas","tag-karim","tag-khan","tag-lider","tag-los","tag-murio","tag-musulmanes"],"_links":{"self":[{"href":"https:\/\/13.com.ar\/index.php\/wp-json\/wp\/v2\/posts\/2119","targetHints":{"allow":["GET"]}}],"collection":[{"href":"https:\/\/13.com.ar\/index.php\/wp-json\/wp\/v2\/posts"}],"about":[{"href":"https:\/\/13.com.ar\/index.php\/wp-json\/wp\/v2\/types\/post"}],"author":[{"embeddable":true,"href":"https:\/\/13.com.ar\/index.php\/wp-json\/wp\/v2\/users\/1"}],"replies":[{"embeddable":true,"href":"https:\/\/13.com.ar\/index.php\/wp-json\/wp\/v2\/comments?post=2119"}],"version-history":[{"count":0,"href":"https:\/\/13.com.ar\/index.php\/wp-json\/wp\/v2\/posts\/2119\/revisions"}],"wp:featuredmedia":[{"embeddable":true,"href":"https:\/\/13.com.ar\/index.php\/wp-json\/wp\/v2\/media\/2120"}],"wp:attachment":[{"href":"https:\/\/13.com.ar\/index.php\/wp-json\/wp\/v2\/media?parent=2119"}],"wp:term":[{"taxonomy":"category","embeddable":true,"href":"https:\/\/13.com.ar\/index.php\/wp-json\/wp\/v2\/categories?post=2119"},{"taxonomy":"post_tag","embeddable":true,"href":"https:\/\/13.com.ar\/index.php\/wp-json\/wp\/v2\/tags?post=2119"}],"curies":[{"name":"wp","href":"https:\/\/api.w.org\/{rel}","templated":true}]}}