{"id":2117,"date":"2025-02-05T08:32:46","date_gmt":"2025-02-05T11:32:46","guid":{"rendered":"https:\/\/13.com.ar\/index.php\/hasta-cuando-sigue-la-lluvia-en-la-ciudad-y-cuanto-falta-para-que-vuelva-al-calor-extremo\/"},"modified":"2025-02-05T08:32:46","modified_gmt":"2025-02-05T11:32:46","slug":"hasta-cuando-sigue-la-lluvia-en-la-ciudad-y-cuanto-falta-para-que-vuelva-al-calor-extremo","status":"publish","type":"post","link":"https:\/\/13.com.ar\/index.php\/hasta-cuando-sigue-la-lluvia-en-la-ciudad-y-cuanto-falta-para-que-vuelva-al-calor-extremo\/","title":{"rendered":"hasta cu\u00e1ndo sigue la lluvia en la Ciudad y cu\u00e1nto falta para que vuelva al calor extremo"},"content":{"rendered":"<p> <br \/>\n<br \/><img decoding=\"async\" src=\"https:\/\/13.com.ar\/wp-content\/uploads\/2025\/02\/hasta-cuando-sigue-la-lluvia-en-la-Ciudad-y-cuanto.jpg\" \/><\/p>\n<div>\n<p>Lleg\u00f3 el agua y trajo alivio luego del <strong>calor extremo<\/strong> que se sufri\u00f3 en el AMBA el fin de semana y el lunes. Sin embargo, el clima deambula en la<strong> Ciudad de Buenos Aires<\/strong> de un fen\u00f3meno peligroso a otro. Este mi\u00e9rcoles 5 de febrero el <strong>Servicio Meteorol\u00f3gico Nacional (SMN)<\/strong> emiti\u00f3 una <strong>alerta naranja por fuertes tormentas<\/strong> en la Capital y el Conurbano, por lo que se recomienda tomar los cuidados necesarios para evitar riesgos.<\/p>\n<\/div>\n<div>\n<p>La alerta naranja por tormenta que emiti\u00f3 el SMN prev\u00e9 que las \u00e1reas afectadas tendr\u00e1n &#8220;lluvias intensas y tormentas, algunas localmente fuertes. Las mismas estar\u00e1n acompa\u00f1adas por r\u00e1fagas que podr\u00edan alcanzar los 80 km\/h, granizo, fuerte actividad el\u00e9ctrica y especialmente abundante ca\u00edda de agua en cortos per\u00edodos. Se prev\u00e9n valores de precipitaci\u00f3n acumulada entre 60 y 90 mm, pudiendo ser superados en forma puntual&#8221;.<\/p>\n<\/div>\n<div>\n<p>Este nivel de advertencia rige para la Ciudad y el Conurbano, adem\u00e1s de<strong> gran parte del norte y centro de la Provincia de Buenos Aires<\/strong>, abarcando desde el Partido de la Costa, Chascom\u00fas, Ledesma y Pila hasta Baradero, San Pedro y General Villegas. Tambi\u00e9n se extiende al sudeste de <strong>Santa Fe<\/strong> y el sur de <strong>C\u00f3rdoba<\/strong>.<\/p>\n<\/div>\n<div>\n<p>Algo m\u00e1s leve ser\u00e1n las precipitaciones que afectar\u00e1n a las localidades bajo alerta amarilla, aunque este grado de aviso implica fen\u00f3menos con capacidad de da\u00f1o y riesgo de interrupci\u00f3n moment\u00e1nea de actividades cotidianas. Este mi\u00e9rcoles rige casi todo <strong>Entre R\u00edos<\/strong>, el este de Santa Fe, centro de C\u00f3rdoba y este de <strong>La Pampa<\/strong> y <strong>R\u00edo Negro<\/strong>, adem\u00e1s del resto del territorio bonaerense. En el extremo sudoeste de Santa Cruz hay alerta, pero por lluvias.<\/p>\n<\/div>\n<div>\n<p>En el AMBA el pron\u00f3stico del tiempo emitido por el SMN prev\u00e9 que haya fuertes tormentas durante toda la ma\u00f1ana y la tarde, mientras que hacia la noche cesar\u00e1n las precipitaciones. La temperatura se mantendr\u00e1 estable, con un pico de 25 grados.<\/p>\n<\/div>\n<div>\n<p>El clima luego volver\u00e1 a la tendencia seca que predomina esta verano, ya que <strong>al menos hasta el martes no volver\u00eda a llover en la Ciudad de Buenos Aires y alrededores<\/strong>.<\/p>\n<\/div>\n<div>\n<p>Pero de a poco volver\u00e1 el calor, con un ascenso escalonado de la temperatura. La m\u00e1xima prevista para ma\u00f1ana es de 29 grados; para el viernes, 30\u00b0; el s\u00e1bado, 32\u00b0; y el domingo, 31\u00b0. <strong>El lunes volver\u00e1 a ser agobiante, con un pico de 35 grados<\/strong>.<\/p>\n<\/div>\n<p><br \/>\n<br \/><a href=\"https:\/\/www.clarin.com\/sociedad\/alerta-naranja-tormentas-buenos-aires-sigue-lluvia-ciudad-falta-vuelva-calor-extremo_0_cPqEaM9Eyn.html\">Fuente Clarin.com <\/a><\/p>\n","protected":false},"excerpt":{"rendered":"<p>Lleg\u00f3 el agua y trajo alivio luego del calor extremo que se sufri\u00f3 en el AMBA el fin de semana y el lunes. Sin embargo, el clima deambula en la Ciudad de Buenos Aires de un fen\u00f3meno peligroso a otro. Este mi\u00e9rcoles 5 de febrero el Servicio Meteorol\u00f3gico Nacional (SMN) emiti\u00f3 una alerta naranja por [&hellip;]<\/p>\n","protected":false},"author":1,"featured_media":2118,"comment_status":"open","ping_status":"open","sticky":false,"template":"","format":"standard","meta":{"footnotes":""},"categories":[2],"tags":[1204,984,677,448,2659,943,476,2536,16,837,3979],"class_list":["post-2117","post","type-post","status-publish","format-standard","has-post-thumbnail","hentry","category-ultimas-noticias","tag-calor","tag-ciudad","tag-cuando","tag-cuanto","tag-extremo","tag-falta","tag-hasta","tag-lluvia","tag-para","tag-sigue","tag-vuelva"],"_links":{"self":[{"href":"https:\/\/13.com.ar\/index.php\/wp-json\/wp\/v2\/posts\/2117","targetHints":{"allow":["GET"]}}],"collection":[{"href":"https:\/\/13.com.ar\/index.php\/wp-json\/wp\/v2\/posts"}],"about":[{"href":"https:\/\/13.com.ar\/index.php\/wp-json\/wp\/v2\/types\/post"}],"author":[{"embeddable":true,"href":"https:\/\/13.com.ar\/index.php\/wp-json\/wp\/v2\/users\/1"}],"replies":[{"embeddable":true,"href":"https:\/\/13.com.ar\/index.php\/wp-json\/wp\/v2\/comments?post=2117"}],"version-history":[{"count":0,"href":"https:\/\/13.com.ar\/index.php\/wp-json\/wp\/v2\/posts\/2117\/revisions"}],"wp:featuredmedia":[{"embeddable":true,"href":"https:\/\/13.com.ar\/index.php\/wp-json\/wp\/v2\/media\/2118"}],"wp:attachment":[{"href":"https:\/\/13.com.ar\/index.php\/wp-json\/wp\/v2\/media?parent=2117"}],"wp:term":[{"taxonomy":"category","embeddable":true,"href":"https:\/\/13.com.ar\/index.php\/wp-json\/wp\/v2\/categories?post=2117"},{"taxonomy":"post_tag","embeddable":true,"href":"https:\/\/13.com.ar\/index.php\/wp-json\/wp\/v2\/tags?post=2117"}],"curies":[{"name":"wp","href":"https:\/\/api.w.org\/{rel}","templated":true}]}}