{"id":2113,"date":"2025-02-05T08:26:32","date_gmt":"2025-02-05T11:26:32","guid":{"rendered":"https:\/\/13.com.ar\/index.php\/el-gobierno-denuncio-a-jones-huala-por-incitacion-a-la-violencia-colectiva-tras-reivindicar-los-incendios-en-la-patagonia\/"},"modified":"2025-02-05T08:26:32","modified_gmt":"2025-02-05T11:26:32","slug":"el-gobierno-denuncio-a-jones-huala-por-incitacion-a-la-violencia-colectiva-tras-reivindicar-los-incendios-en-la-patagonia","status":"publish","type":"post","link":"https:\/\/13.com.ar\/index.php\/el-gobierno-denuncio-a-jones-huala-por-incitacion-a-la-violencia-colectiva-tras-reivindicar-los-incendios-en-la-patagonia\/","title":{"rendered":"El Gobierno denunci\u00f3 a Jones Huala por &#8220;incitaci\u00f3n a la violencia colectiva&#8221; tras reivindicar los incendios en la Patagonia"},"content":{"rendered":"<p> <br \/>\n<br \/><img decoding=\"async\" src=\"https:\/\/13.com.ar\/wp-content\/uploads\/2025\/02\/El-Gobierno-denuncio-a-Jones-Huala-por-incitacion-a-la.jpg\" \/><\/p>\n<div>\n<p>El Gobierno <strong>denunci\u00f3 penalmente al l\u00edder mapuche Facundo Jones Huala<\/strong>, luego del video que se conoci\u00f3 donde r<strong>eivindica los &#8220;atentados incendiarios y los sabotajes&#8221;<\/strong>, que generaron varios focos de incendios en distintas ciudades de la Patagonia.<\/p>\n<\/div>\n<div>\n<p>La presentaci\u00f3n la hizo Fernando Oscar Soto, Director Nacional de Normativa y Relaciones con los Poderes Judiciales y los Ministerios P\u00fablicos del Ministerio de Seguridad Nacional, luego del pedido expl\u00edcito de Patricia Bullrich. <\/p>\n<\/div>\n<div>\n<p>La denuncia contra el l\u00edder mapuche es por &#8220;los delitos de <strong>intimidaci\u00f3n p\u00fablica, incitaci\u00f3n a la violencia colectiva, apolog\u00eda del crimen y asociaci\u00f3n criminal<\/strong>&#8220;.<\/p>\n<\/div>\n<div>\n<p>En medio de los incendios que obligaron a decretar el estado de Emergencia y Desastre Agropecuario, por parte del gobernador de R\u00edo Negro, Alberto Weretilneck, trascendi\u00f3 un video donde Jones Huala se define como miembro de una organizaci\u00f3n pol\u00edtico militar, que reivindica los sabotajes.<\/p>\n<\/div>\n<div>\n<p>&#8220;<strong>Reivindico los atentados incendiarios y los sabotajes<\/strong> a la infraestructura del sistema capitalista de las transnacionales, de los terratenientes&#8221;, sostiene.<\/p>\n<\/div>\n<div>\n<p>A partir de la difusi\u00f3n del video, publicado en X por el gobernador de Chubut, Ignacio &#8220;Nacho&#8221; Torres, la ministra Bullrich inici\u00f3 acciones legales. <\/p>\n<\/div>\n<div>\n<p>&#8220;Estamos dispuestos a quemar p\u00f3lvora, poner plomo y a prender fuego lo que destruye esos \u00e1rboles, pajaritos, flores, que atenta contra el viento, la monta\u00f1a, la naturaleza y la tierra que nos heredaron nuestros antepasados y contra nuestra vida como pueblo mapuche&#8221;, agrega Jones Huala en el video.<\/p>\n<\/div>\n<div>\n<p>Adem\u00e1s, argumenta que no tiene que pedir permiso a &#8220;ning\u00fan poderoso&#8221; para poder reclamar las tierras que supuestamente le pertenecen y que no le importa la ley 26.660.<\/p>\n<\/div>\n<div>\n<p>La referencia es a la normativa que declar\u00f3 la emergencia en la posesi\u00f3n y propiedad de las tierras ocupadas por las comunidades ind\u00edgenas originarias, que ten\u00eda como objetivo resolver conflictos y garantizar los derechos de los pueblos ind\u00edgenas, y que fue derogada en 2024 por el gobierno del presidente Javier Milei. <\/p>\n<\/div>\n<div>\n<p>&#8220;Lo advertimos antes y lo repetimos ahora: este Gobierno no va avalar ning\u00fan llamado a la violencia, y no vamos a permitir que nadie intente intimidarnos, amenazando y poniendo en riesgo la vida de los chubutenses&#8221;, expres\u00f3 el gobernador Torres.<\/p>\n<\/div>\n<p><br \/>\n<br \/><a href=\"https:\/\/www.clarin.com\/politica\/gobierno-denuncio-jones-huala-incitacion-violencia-colectiva-reivindicar-incendios-patagonia_0_WoDGtjNZlq.html\">Fuente Clarin.com <\/a><\/p>\n","protected":false},"excerpt":{"rendered":"<p>El Gobierno denunci\u00f3 penalmente al l\u00edder mapuche Facundo Jones Huala, luego del video que se conoci\u00f3 donde reivindica los &#8220;atentados incendiarios y los sabotajes&#8221;, que generaron varios focos de incendios en distintas ciudades de la Patagonia. La presentaci\u00f3n la hizo Fernando Oscar Soto, Director Nacional de Normativa y Relaciones con los Poderes Judiciales y los [&hellip;]<\/p>\n","protected":false},"author":1,"featured_media":2114,"comment_status":"open","ping_status":"open","sticky":false,"template":"","format":"standard","meta":{"footnotes":""},"categories":[2],"tags":[3974,3549,71,3972,2422,3973,3971,28,3976,142,3975,312,3028],"class_list":["post-2113","post","type-post","status-publish","format-standard","has-post-thumbnail","hentry","category-ultimas-noticias","tag-colectiva","tag-denuncio","tag-gobierno","tag-huala","tag-incendios","tag-incitacion","tag-jones","tag-los","tag-patagonia","tag-por","tag-reivindicar","tag-tras","tag-violencia"],"_links":{"self":[{"href":"https:\/\/13.com.ar\/index.php\/wp-json\/wp\/v2\/posts\/2113","targetHints":{"allow":["GET"]}}],"collection":[{"href":"https:\/\/13.com.ar\/index.php\/wp-json\/wp\/v2\/posts"}],"about":[{"href":"https:\/\/13.com.ar\/index.php\/wp-json\/wp\/v2\/types\/post"}],"author":[{"embeddable":true,"href":"https:\/\/13.com.ar\/index.php\/wp-json\/wp\/v2\/users\/1"}],"replies":[{"embeddable":true,"href":"https:\/\/13.com.ar\/index.php\/wp-json\/wp\/v2\/comments?post=2113"}],"version-history":[{"count":0,"href":"https:\/\/13.com.ar\/index.php\/wp-json\/wp\/v2\/posts\/2113\/revisions"}],"wp:featuredmedia":[{"embeddable":true,"href":"https:\/\/13.com.ar\/index.php\/wp-json\/wp\/v2\/media\/2114"}],"wp:attachment":[{"href":"https:\/\/13.com.ar\/index.php\/wp-json\/wp\/v2\/media?parent=2113"}],"wp:term":[{"taxonomy":"category","embeddable":true,"href":"https:\/\/13.com.ar\/index.php\/wp-json\/wp\/v2\/categories?post=2113"},{"taxonomy":"post_tag","embeddable":true,"href":"https:\/\/13.com.ar\/index.php\/wp-json\/wp\/v2\/tags?post=2113"}],"curies":[{"name":"wp","href":"https:\/\/api.w.org\/{rel}","templated":true}]}}