{"id":2111,"date":"2025-02-05T08:23:52","date_gmt":"2025-02-05T11:23:52","guid":{"rendered":"https:\/\/13.com.ar\/index.php\/la-aterradora-historia-del-asesino-en-serie-ricardo-luis-melogno\/"},"modified":"2025-02-05T08:23:52","modified_gmt":"2025-02-05T11:23:52","slug":"la-aterradora-historia-del-asesino-en-serie-ricardo-luis-melogno","status":"publish","type":"post","link":"https:\/\/13.com.ar\/index.php\/la-aterradora-historia-del-asesino-en-serie-ricardo-luis-melogno\/","title":{"rendered":"La aterradora historia del asesino en serie Ricardo Luis Melogno"},"content":{"rendered":"<p> <br \/>\n<\/p>\n<div id=\"cuerpo\">\n<div class=\"sc-80531b6b-0 chRIGJ container-text text-embed\">\n<p><strong>Ricardo Luis Melogno<\/strong> marc\u00f3 un cap\u00edtulo oscuro en la historia criminal de Argentina. Conocido como <strong>\u201cel asesino de los taxistas\u201d<\/strong>, en septiembre de 1982 ejecut\u00f3 a tres choferes en el barrio porte\u00f1o de Mataderos.<\/p>\n<\/div>\n<div class=\"sc-80531b6b-0 chRIGJ container-text text-embed\">\n<p>Sus asesinatos segu\u00edan <strong>un patr\u00f3n<\/strong>: abordaba un taxi, daba una direcci\u00f3n y, al finalizar el recorrido, disparaba a la cabeza del conductor con una pistola calibre 22. Siempre <strong>robaba los documentos de las v\u00edctimas<\/strong>, pero dejaba intacto el dinero recaudado.<\/p>\n<\/div>\n<div class=\"sc-80531b6b-0 chRIGJ container-text text-embed\">\n<p>La investigaci\u00f3n policial, inicialmente sin pistas claras, dio un giro decisivo gracias al aporte su propia familia. <strong>Su hermano indic\u00f3 el paradero<\/strong>, lo que permiti\u00f3 detenerlo. Al encontrarlo, confes\u00f3 los cr\u00edmenes de Mataderos y un cuarto asesinato en Lomas del Mirador. Tambi\u00e9n hallaron <strong>un altar con los documentos de las v\u00edctimas<\/strong>, y el propio Melogno relat\u00f3 su peculiar ritual de fumarse <strong>un cigarrillo luego de cada homicidio<\/strong>.<\/p>\n<\/div>\n<div class=\"sc-80531b6b-0 chRIGJ container-text text-embed\">\n<p>Tras ser declarado<strong> inimputable<\/strong> en la Ciudad de Buenos Aires, pero responsable penal en la Provincia, Melogno fue condenado a <strong>cadena perpetua<\/strong>. Durante m\u00e1s de 30 a\u00f1os, transit\u00f3 por distintas prisiones y hospitales psiqui\u00e1tricos, hasta ser derivado a una cl\u00ednica, en 2016.<\/p>\n<\/div>\n<div class=\"sc-80531b6b-0 chRIGJ container-text text-embed\">\n<p>Su caso, en el que la ausencia de un motivo claro <strong>desafi\u00f3 las l\u00f3gicas tradicionales de la justicia y la psiquiatr\u00eda<\/strong>, contin\u00faa generando debate sobre los l\u00edmites de la responsabilidad y la comprensi\u00f3n de la mente criminal.<\/p>\n<\/div>\n<p><h2>Ricardo Luis Melogno: La aterradora historia del asesino en serie que dej\u00f3 un velo de terror en Argentina<\/h2>\n<\/p>\n<div class=\"sc-198be8ec-0 cynXbu image-embed  image-embed \"><picture class=\"sc-198be8ec-1 kOjRiQ\"><source media=\"(min-width: 975px)\" width=\"2000\" height=\"1500\" \/><img alt=\"16 de octubre de 1982. La tapa de Clar\u00edn de ese d\u00eda daba cuenta del arresto de &quot;el asesino de los taxistas&quot;.\" loading=\"lazy\" width=\"2000\" height=\"1500\" decoding=\"async\" data-nimg=\"1\" style=\"color:transparent\" src=\"https:\/\/13.com.ar\/wp-content\/uploads\/2025\/02\/La-aterradora-historia-del-asesino-en-serie-Ricardo-Luis-Melogno.jpg#1738691271129.jpeg\"\/><span class=\"epigraphe\">16 de octubre de 1982. La tapa de Clar\u00edn de ese d\u00eda daba cuenta del arresto de &#8220;el asesino de los taxistas&#8221;.<\/span><span class=\"bkg\"\/><span class=\"picture-open\"><button class=\"open-image\" aria-label=\"Open Image\"\/><\/span><\/picture><\/div>\n<div class=\"sc-80531b6b-0 chRIGJ container-text text-embed\">\n<p>En la primavera de 1982, <strong>&#8220;el asesino de taxistas\u201d<\/strong> conmocion\u00f3 a Buenos Aires. Los testigos que conoc\u00edan a este joven de <strong>20 a\u00f1os<\/strong> dir\u00edan luego que era un muchacho introvertido. En esa \u00e9poca viv\u00eda en las calles y a veces paraba en la casa de su hermano o en un dep\u00f3sito de su padre.<\/p>\n<\/div>\n<div class=\"sc-80531b6b-0 chRIGJ container-text text-embed\">\n<p>En apenas una semana, <strong>mat\u00f3 a tres conductores<\/strong>, siguiendo un modus operandi met\u00f3dico y fr\u00edo: abordaba taxis durante la noche, daba una direcci\u00f3n en Mataderos o alrededores y, al finalizar el trayecto, les disparaba con una <strong>pistola calibre 22<\/strong>.<\/p>\n<\/div>\n<div class=\"sc-4306f4f9-0 bAPCpp\">\n<div class=\"inner-card-m\">\n<div class=\"related-content\">\n<p><span class=\"body-title\">Mir\u00e1 tambi\u00e9n<\/span><\/p>\n<h3>Tragedia de Croma\u00f1\u00f3n la noche que cambi\u00f3 la seguridad en los espect\u00e1culos en Argentina<\/h3>\n<source media=\"(min-width: 975px)\" width=\"340\" height=\"340\" \/><img alt=\"Tragedia de Croma\u00f1\u00f3n la noche que cambi\u00f3 la seguridad en los espect\u00e1culos en Argentina\" loading=\"lazy\" width=\"340\" height=\"340\" decoding=\"async\" data-nimg=\"1\" style=\"color:transparent\" src=\"https:\/\/13.com.ar\/wp-content\/uploads\/2025\/02\/1738729869_414_un-caso-que-dejo-huella-en-la-sociedad-argentina.jpg\"\/><\/div>\n<\/div>\n<\/div>\n<div class=\"sc-80531b6b-0 chRIGJ container-text text-embed\">\n<p>En lugar de huir raudamente de la escena, se quedaba en el asiento de atr\u00e1s <strong>fumando y contemplando<\/strong> el hecho. Luego, continuaba su rutina comiendo <strong>siempre en el mismo bodeg\u00f3n<\/strong> \u201cLos dos hermanos\u201d, sin mostrar remordimiento. El men\u00fa se repet\u00eda tras los asesinatos: <strong>suprema de pollo napolitana con papas fritas y mousse de chocolate como postre<\/strong>.<\/p>\n<\/div>\n<div class=\"sc-80531b6b-0 chRIGJ container-text text-embed\">\n<p><strong>Entre el 23 y el 27 de septiembre de 1982<\/strong>, Melogno cometi\u00f3 tres homicidios. Su primera v\u00edctima fue \u00c1ngel Redondo, de 51 a\u00f1os, que manejaba un Fiat 125. Redondo fue ejecutado de madrugada y hallado con la cabeza apoyada sobre el volante en la calle Pola al 1500. <\/p>\n<\/div>\n<div class=\"sc-80531b6b-0 chRIGJ container-text text-embed\">\n<p>Horas m\u00e1s tarde, Carlos Alberto Cauderano, de 33 a\u00f1os y que tambi\u00e9n conduc\u00eda un Fiat 125, fue encontrado agonizando dentro de su taxi, en la calle Oliden al 1800. Aunque lo trasladaron al hospital, muri\u00f3 en el camino. <\/p>\n<\/div>\n<div class=\"sc-4306f4f9-0 bAPCpp\">\n<div class=\"inner-card-m\">\n<div class=\"related-content\">\n<p><span class=\"body-title\">Mir\u00e1 tambi\u00e9n<\/span><\/p>\n<h3>Vuelo 3142 de LAPA la tragedia a\u00e9rea que alter\u00f3 la historia de la Argentina<\/h3>\n<source media=\"(min-width: 975px)\" width=\"340\" height=\"340\" \/><img alt=\"Vuelo 3142 de LAPA la tragedia a\u00e9rea que alter\u00f3 la historia de la Argentina\" loading=\"lazy\" width=\"340\" height=\"340\" decoding=\"async\" data-nimg=\"1\" style=\"color:transparent\" src=\"https:\/\/13.com.ar\/wp-content\/uploads\/2025\/02\/1738644000_413_revelando-el-oscuro-mito-del-asesino-de-travestis-en-la.jpg\"\/><\/div>\n<\/div>\n<\/div>\n<div class=\"sc-80531b6b-0 chRIGJ container-text text-embed\">\n<p>El tercer asesinato ocurri\u00f3 el 27 de septiembre y la v\u00edctima fue Sant\u00edsima Trinidad G\u00e1lvez, un espa\u00f1ol de 56 a\u00f1os. A G\u00e1lvez lo hallaron muerto en su Peugeot 504 en la esquina de Basualdo y Tapalqu\u00e9. <strong>Ninguno de los conductores ten\u00eda relaci\u00f3n entre s\u00ed<\/strong>. Tiempo despu\u00e9s, Melogno confes\u00f3 que el crimen de un chofer, ocurrido en Lomas del Mirador (partido de La Matanza), tambi\u00e9n hab\u00eda sido de su autor\u00eda.<\/p>\n<\/div>\n<div class=\"sc-80531b6b-0 chRIGJ container-text text-embed\">\n<p>Pasaron casi 20 d\u00edas para que el desconcierto policial llegar\u00e1 a su fin gracias a la presentaci\u00f3n espont\u00e1nea de su hermano. El 15 de octubre de 1982, un hombre lleg\u00f3 al Palacio de Tribunales, y frente al juez Miguel \u00c1ngel Caminos <strong>acus\u00f3 a su hermano de los homicidios<\/strong>. Entre el shock y el miedo, declar\u00f3 que hab\u00eda visto a Ricardo Melogno armar un altar y poner en el los documentos de las v\u00edctimas.<\/p>\n<\/div>\n<div class=\"sc-80531b6b-0 chRIGJ container-text text-embed\">\n<p>En base a su testimonio, los investigadores llegaron al departamento de la <strong>calle Espinosa al 1800, en La Paternal<\/strong>, donde encontraron al asesino desayunando y tambi\u00e9n el macabro altar que este hab\u00eda creado con los documentos de los taxistas.<\/p>\n<\/div>\n<div class=\"sc-4306f4f9-0 bAPCpp\">\n<div class=\"inner-card-m\">\n<div class=\"related-content\">\n<p><span class=\"body-title\">Mir\u00e1 tambi\u00e9n<\/span><\/p>\n<h3>Atentado a la Embajada de Israel en Argentina: un suceso que marc\u00f3 la historia del terrorismo internacional<\/h3>\n<source media=\"(min-width: 975px)\" width=\"340\" height=\"340\" \/><img alt=\"Atentado a la Embajada de Israel en Argentina: un suceso que marc\u00f3 la historia del terrorismo internacional\" loading=\"lazy\" width=\"340\" height=\"340\" decoding=\"async\" data-nimg=\"1\" style=\"color:transparent\" src=\"https:\/\/13.com.ar\/wp-content\/uploads\/2025\/02\/1738567050_131_Terremoto-de-San-Juan-de-1944-un-desastre-natural-que.jpg\"\/><\/div>\n<\/div>\n<\/div>\n<div class=\"sc-80531b6b-0 chRIGJ container-text text-embed\">\n<p>El \u201casesino de los taxistas&#8221; enfrent\u00f3 <strong>dos procesos judiciales<\/strong>: declarado inimputable en la Capital Federal, por un lado y condenado a cadena perpetua, por otro, en la provincia de Buenos Aires.<\/p>\n<\/div>\n<div class=\"sc-80531b6b-0 chRIGJ container-text text-embed\">\n<p>Melogno pas\u00f3 <strong>m\u00e1s de 30 a\u00f1os tras las rejas<\/strong>. Estuvo en el penal de Devoto, en la Unidad 20 del Hospital Borda y, en 2011, fue trasladado a la c\u00e1rcel de Ezeiza. Finalmente, en 2016, fue derivado a una cl\u00ednica psiqui\u00e1trica donde se espera que permanezca el resto de su vida.<\/p>\n<\/div>\n<div class=\"sc-80531b6b-0 chRIGJ container-text text-embed\">\n<p>Para los expertos, se trata de un caso llamativo porque sus cr\u00edmenes al parecer fueron \u201cinmotivados\u201d: <strong>nunca pudieron encontrar un m\u00f3vil concreto<\/strong> para sus actos homicidas.<\/p>\n<\/div>\n<\/div>\n<p><br \/>\n<br \/><a href=\"https:\/\/www.clarin.com\/informacion-general\/aterradora-historia-asesino-serie-ricardo-luis-melogno_0_xPHePUNCAt.html\">Fuente Clarin.com <\/a><\/p>\n","protected":false},"excerpt":{"rendered":"<p>Ricardo Luis Melogno marc\u00f3 un cap\u00edtulo oscuro en la historia criminal de Argentina. Conocido como \u201cel asesino de los taxistas\u201d, en septiembre de 1982 ejecut\u00f3 a tres choferes en el barrio porte\u00f1o de Mataderos. Sus asesinatos segu\u00edan un patr\u00f3n: abordaba un taxi, daba una direcci\u00f3n y, al finalizar el recorrido, disparaba a la cabeza del [&hellip;]<\/p>\n","protected":false},"author":1,"featured_media":2112,"comment_status":"open","ping_status":"open","sticky":false,"template":"","format":"standard","meta":{"footnotes":""},"categories":[2],"tags":[1450,3903,100,1329,1251,3970,3969,1036],"class_list":["post-2111","post","type-post","status-publish","format-standard","has-post-thumbnail","hentry","category-ultimas-noticias","tag-asesino","tag-aterradora","tag-del","tag-historia","tag-luis","tag-melogno","tag-ricardo","tag-serie"],"_links":{"self":[{"href":"https:\/\/13.com.ar\/index.php\/wp-json\/wp\/v2\/posts\/2111","targetHints":{"allow":["GET"]}}],"collection":[{"href":"https:\/\/13.com.ar\/index.php\/wp-json\/wp\/v2\/posts"}],"about":[{"href":"https:\/\/13.com.ar\/index.php\/wp-json\/wp\/v2\/types\/post"}],"author":[{"embeddable":true,"href":"https:\/\/13.com.ar\/index.php\/wp-json\/wp\/v2\/users\/1"}],"replies":[{"embeddable":true,"href":"https:\/\/13.com.ar\/index.php\/wp-json\/wp\/v2\/comments?post=2111"}],"version-history":[{"count":0,"href":"https:\/\/13.com.ar\/index.php\/wp-json\/wp\/v2\/posts\/2111\/revisions"}],"wp:featuredmedia":[{"embeddable":true,"href":"https:\/\/13.com.ar\/index.php\/wp-json\/wp\/v2\/media\/2112"}],"wp:attachment":[{"href":"https:\/\/13.com.ar\/index.php\/wp-json\/wp\/v2\/media?parent=2111"}],"wp:term":[{"taxonomy":"category","embeddable":true,"href":"https:\/\/13.com.ar\/index.php\/wp-json\/wp\/v2\/categories?post=2111"},{"taxonomy":"post_tag","embeddable":true,"href":"https:\/\/13.com.ar\/index.php\/wp-json\/wp\/v2\/tags?post=2111"}],"curies":[{"name":"wp","href":"https:\/\/api.w.org\/{rel}","templated":true}]}}