{"id":2104,"date":"2025-02-05T07:45:34","date_gmt":"2025-02-05T10:45:34","guid":{"rendered":"https:\/\/13.com.ar\/index.php\/cuanto-gana-un-barrendero-de-la-ciudad-en-febrero-de-2025\/"},"modified":"2025-02-05T07:45:34","modified_gmt":"2025-02-05T10:45:34","slug":"cuanto-gana-un-barrendero-de-la-ciudad-en-febrero-de-2025","status":"publish","type":"post","link":"https:\/\/13.com.ar\/index.php\/cuanto-gana-un-barrendero-de-la-ciudad-en-febrero-de-2025\/","title":{"rendered":"Cu\u00e1nto gana un barrendero de la Ciudad en febrero de 2025"},"content":{"rendered":"<p> <br \/>\n<br \/><img decoding=\"async\" src=\"https:\/\/13.com.ar\/wp-content\/uploads\/2025\/02\/Cuanto-gana-un-barrendero-de-la-Ciudad-en-febrero-de.jpg\" \/><\/p>\n<div>\n<p>El segundo mes del a\u00f1o llega<strong> sin aumentos salariales<\/strong> para el <strong>personal de barrido y limpieza<\/strong> que se desempe\u00f1a en la Ciudad Aut\u00f3noma de Buenos Aires, teniendo en cuenta el \u00faltimo arreglo al que lleg\u00f3 la FEDCAM sobre los salarios de septiembre, octubre y noviembre de 2024.<\/p>\n<\/div>\n<div>\n<p>Se esperaba que en los primeros meses de 2025 el gremio retomara las conversaciones con el Gobierno de la Ciudad, pero<strong> hasta el momento no se anunci\u00f3 ninguna reuni\u00f3n para discutir mejoras salariales<\/strong>. Los trabajadores, dependientes del Ministerio de Espacio P\u00fablico e Higiene Urbana, cumplen un rol clave en el mantenimiento de la higiene en calles, restaurantes, hospitales y otros espacios p\u00fablicos.<\/p>\n<\/div>\n<div>\n<p>Mientras la inflaci\u00f3n sigue impactando en el poder adquisitivo, el sector sigue a la expectativa de una actualizaci\u00f3n salarial que a\u00fan no tiene fecha en el calendario gremial.<\/p>\n<\/div>\n<div>\n<p>Seg\u00fan indican en su portal oficial, el servicio de barrido en CABA se lleva a cabo, por lo menos, <strong>una vez por d\u00eda, de lunes a s\u00e1bados<\/strong>, principalmente durante la ma\u00f1ana. Sin embargo, tambi\u00e9n hay tareas por la tarde y por la noche en las<strong> zonas tur\u00edsticas y de mayor tr\u00e1nsito de gente<\/strong>, como pueden ser las estaciones de subte o los centros gastron\u00f3micos.<\/p>\n<\/div>\n<div>\n<p>&#8220;Si durante el per\u00edodo de este acuerdo se promulga una norma estatal que establezca alg\u00fan ajuste, recomposici\u00f3n o aumento de las remuneraciones de los trabajadores, o el otorgamiento a favor de los mismos de alg\u00fan bono, suma fija o prestaci\u00f3n en efectivo de cualquier naturaleza y denominaci\u00f3n, los incrementos pactados en la cl\u00e1usula primera absorber\u00e1n hasta su concurrencia dichos montos o prestaciones, as\u00ed como cualquier diferencia de c\u00e1lculo o interpretaci\u00f3n de las normas legales y\/o convencionales y\/o reclamos relacionados con los valores de las remuneraciones, ingresos, beneficios y\/o vi\u00e1ticos durante dicho per\u00edodo&#8221;, detalla el comunicado de la <strong>FEDCAM<\/strong>.<\/p>\n<\/div>\n<div>\n<p>Actualmente, los<strong> barrenderos en CABA reciben un haber mensual de:<\/strong><\/p>\n<\/div>\n<div>\n<p>&#8220;El <strong>Ministerio de Espacio P\u00fablico e Higiene Urbana<\/strong> dise\u00f1a e implementa pol\u00edticas p\u00fablicas para mejorar la calidad de vida en el espacio p\u00fablico de la ciudad. Promueve su uso y disfrute a trav\u00e9s de la promoci\u00f3n de \u00e1reas ambientales y de la aplicaci\u00f3n del concepto de ciudad a escala humana. Crea y garantiza entornos urbanos ordenados, seguros, comunicados y transitables&#8221;, explica en su sitio web oficial<\/p>\n<\/div>\n<div>\n<p>Seg\u00fan explica en su portal oficial, los trabajadores de Espacio P\u00fablico e Higiene trabajan con tres objetivos particulares:<\/p>\n<\/div>\n<p><br \/>\n<br \/><a href=\"https:\/\/www.clarin.com\/informacion-general\/gana-barrendero-ciudad-febrero-2025_0_DjUBM94vw1.html\">Fuente Clarin.com <\/a><\/p>\n","protected":false},"excerpt":{"rendered":"<p>El segundo mes del a\u00f1o llega sin aumentos salariales para el personal de barrido y limpieza que se desempe\u00f1a en la Ciudad Aut\u00f3noma de Buenos Aires, teniendo en cuenta el \u00faltimo arreglo al que lleg\u00f3 la FEDCAM sobre los salarios de septiembre, octubre y noviembre de 2024. Se esperaba que en los primeros meses de [&hellip;]<\/p>\n","protected":false},"author":1,"featured_media":2105,"comment_status":"open","ping_status":"open","sticky":false,"template":"","format":"standard","meta":{"footnotes":""},"categories":[2],"tags":[3961,984,448,1823,3655],"class_list":["post-2104","post","type-post","status-publish","format-standard","has-post-thumbnail","hentry","category-ultimas-noticias","tag-barrendero","tag-ciudad","tag-cuanto","tag-febrero","tag-gana"],"_links":{"self":[{"href":"https:\/\/13.com.ar\/index.php\/wp-json\/wp\/v2\/posts\/2104","targetHints":{"allow":["GET"]}}],"collection":[{"href":"https:\/\/13.com.ar\/index.php\/wp-json\/wp\/v2\/posts"}],"about":[{"href":"https:\/\/13.com.ar\/index.php\/wp-json\/wp\/v2\/types\/post"}],"author":[{"embeddable":true,"href":"https:\/\/13.com.ar\/index.php\/wp-json\/wp\/v2\/users\/1"}],"replies":[{"embeddable":true,"href":"https:\/\/13.com.ar\/index.php\/wp-json\/wp\/v2\/comments?post=2104"}],"version-history":[{"count":0,"href":"https:\/\/13.com.ar\/index.php\/wp-json\/wp\/v2\/posts\/2104\/revisions"}],"wp:featuredmedia":[{"embeddable":true,"href":"https:\/\/13.com.ar\/index.php\/wp-json\/wp\/v2\/media\/2105"}],"wp:attachment":[{"href":"https:\/\/13.com.ar\/index.php\/wp-json\/wp\/v2\/media?parent=2104"}],"wp:term":[{"taxonomy":"category","embeddable":true,"href":"https:\/\/13.com.ar\/index.php\/wp-json\/wp\/v2\/categories?post=2104"},{"taxonomy":"post_tag","embeddable":true,"href":"https:\/\/13.com.ar\/index.php\/wp-json\/wp\/v2\/tags?post=2104"}],"curies":[{"name":"wp","href":"https:\/\/api.w.org\/{rel}","templated":true}]}}