{"id":20865,"date":"2025-04-29T11:05:31","date_gmt":"2025-04-29T14:05:31","guid":{"rendered":"https:\/\/13.com.ar\/index.php\/publicaron-el-padron-provisorio-y-la-camara-electoral-pide-a-la-gente-que-revise-si-hay-personas-fallecidas\/"},"modified":"2025-04-29T11:05:31","modified_gmt":"2025-04-29T14:05:31","slug":"publicaron-el-padron-provisorio-y-la-camara-electoral-pide-a-la-gente-que-revise-si-hay-personas-fallecidas","status":"publish","type":"post","link":"https:\/\/13.com.ar\/index.php\/publicaron-el-padron-provisorio-y-la-camara-electoral-pide-a-la-gente-que-revise-si-hay-personas-fallecidas\/","title":{"rendered":"publicaron el padr\u00f3n provisorio y la C\u00e1mara Electoral pide a la gente que revise si hay personas fallecidas"},"content":{"rendered":"<p> <br \/>\n<br \/><img decoding=\"async\" src=\"https:\/\/13.com.ar\/wp-content\/uploads\/2025\/04\/que-documentos-necesitas-para-votar-el-domingo-11-de-mayo.jpg\" \/><\/p>\n<div id=\"element-body-0\">\n<p><strong>La C\u00e1mara Nacional Electoral (CNE) habilit\u00f3 este martes la consulta del padr\u00f3n provisorio, <\/strong>de cara a las elecciones legislativas previstas para el 26 de octubre. En este sentido, abri\u00f3 una ventana de tiempo para que los ciudadanos puedan chequear posibles datos err\u00f3neos como omisiones, nombres o incluso si aparecen personas fallecidas.<\/p>\n<\/div>\n<div id=\"element-body-1\">\n<p><strong>Esta ventana durar\u00e1 unos 15 d\u00edas,<\/strong> donde se podr\u00e1 verificar si la informaci\u00f3n registral figura correctamente y, en caso de hallar errores, efectuar los reclamos correspondientes.<\/p>\n<\/div>\n<div id=\"element-body-2\">\n<p>La consulta est\u00e1 disponible en el sitio oficial del Padr\u00f3n, donde se puede acceder ingresando el n\u00famero de documento, el distrito y el c\u00f3digo de validaci\u00f3n. All\u00ed se debe controlar que figuren correctamente el nombre, apellido, domicilio, g\u00e9nero y distrito de votaci\u00f3n.<\/p>\n<\/div>\n<div id=\"element-body-3\">\n<p>Seg\u00fan establece el cronograma electoral, el plazo para realizar observaciones o solicitar correcciones vencer\u00e1 el lunes 13 de mayo. Adem\u00e1s de errores personales, <strong>se pueden denunciar casos de fallecidos que a\u00fan figuren<\/strong> como habilitados para votar. En caso de encontrar errores, se pueden denunciar en el siguiente link.<\/p>\n<\/div>\n<div id=\"element-body-4\">\n<p>En la Ciudad Aut\u00f3noma de Buenos Aires, los reclamos deben realizarse de manera presencial ante la Secretar\u00eda Electoral del Juzgado Federal N.\u00ba 1, ubicada en Tucum\u00e1n 1320.<\/p>\n<\/div>\n<div id=\"element-body-6\">\n<p>La publicaci\u00f3n del padr\u00f3n provisorio forma parte del calendario oficial dispuesto por la C\u00e1mara Nacional Electoral. El pasado 19 de abril cerr\u00f3 el plazo para actualizar datos en el Registro Nacional de Electores, mientras que los padrones definitivos se conocer\u00e1n el 16 de septiembre.<\/p>\n<\/div>\n<div id=\"element-body-7\">\n<p>En tanto, <strong>el 26 de septiembre concluir\u00e1 el plazo para subsanar errores u omisiones<\/strong> que hayan surgido o persistido en el padr\u00f3n definitivo (s\u00f3lo enmienda de erratas u omisiones).<\/p>\n<\/div>\n<div id=\"element-body-8\">\n<p>Respecto a las fechas claves del calendario electoral, el pr\u00f3ximo 7 de agosto cerrar\u00e1 el plazo de solicitud de reconocimiento de Alianzas Transitorias para participar en los comicios.<\/p>\n<\/div>\n<div id=\"element-body-9\">\n<p>A su vez, el 17 de ese mismo mes vencer\u00e1 el plazo para el registro de los candidatos y pedido de oficializaci\u00f3n de listas. Ese mismo d\u00eda tambi\u00e9n deber\u00e1n entregarse las siglas, monogramas, logotipos, escudos, s\u00edmbolos, emblemas o distintivos y la denominaci\u00f3n y el n\u00famero que identifica a cada agrupaci\u00f3n.<\/p>\n<\/div>\n<div id=\"element-body-10\">\n<p><strong>La campa\u00f1a electoral comenzar\u00e1 oficialmente el 27 de agosto<\/strong>, cuando falten 60 d\u00edas para las Elecciones Generales. Mientras que el 21 de septiembre se iniciar\u00e1 la campa\u00f1a electoral en medios de comunicaci\u00f3n.<\/p>\n<\/div>\n<p><br \/>\n<br \/><a href=\"https:\/\/www.clarin.com\/politica\/elecciones-2025-publicaron-padron-provisorio-camara-electoral-pide-gente-revise-personas-fallecidas_0_YfbUwTm3q0.html\">Fuente Clarin.com <\/a><\/p>\n","protected":false},"excerpt":{"rendered":"<p>La C\u00e1mara Nacional Electoral (CNE) habilit\u00f3 este martes la consulta del padr\u00f3n provisorio, de cara a las elecciones legislativas previstas para el 26 de octubre. En este sentido, abri\u00f3 una ventana de tiempo para que los ciudadanos puedan chequear posibles datos err\u00f3neos como omisiones, nombres o incluso si aparecen personas fallecidas. Esta ventana durar\u00e1 unos [&hellip;]<\/p>\n","protected":false},"author":1,"featured_media":20625,"comment_status":"open","ping_status":"open","sticky":false,"template":"","format":"standard","meta":{"footnotes":""},"categories":[2],"tags":[1788,5073,16390,519,942,15436,2125,1278,16388,1686,16389],"class_list":["post-20865","post","type-post","status-publish","format-standard","has-post-thumbnail","hentry","category-ultimas-noticias","tag-camara","tag-electoral","tag-fallecidas","tag-gente","tag-hay","tag-padron","tag-personas","tag-pide","tag-provisorio","tag-publicaron","tag-revise"],"_links":{"self":[{"href":"https:\/\/13.com.ar\/index.php\/wp-json\/wp\/v2\/posts\/20865","targetHints":{"allow":["GET"]}}],"collection":[{"href":"https:\/\/13.com.ar\/index.php\/wp-json\/wp\/v2\/posts"}],"about":[{"href":"https:\/\/13.com.ar\/index.php\/wp-json\/wp\/v2\/types\/post"}],"author":[{"embeddable":true,"href":"https:\/\/13.com.ar\/index.php\/wp-json\/wp\/v2\/users\/1"}],"replies":[{"embeddable":true,"href":"https:\/\/13.com.ar\/index.php\/wp-json\/wp\/v2\/comments?post=20865"}],"version-history":[{"count":0,"href":"https:\/\/13.com.ar\/index.php\/wp-json\/wp\/v2\/posts\/20865\/revisions"}],"wp:featuredmedia":[{"embeddable":true,"href":"https:\/\/13.com.ar\/index.php\/wp-json\/wp\/v2\/media\/20625"}],"wp:attachment":[{"href":"https:\/\/13.com.ar\/index.php\/wp-json\/wp\/v2\/media?parent=20865"}],"wp:term":[{"taxonomy":"category","embeddable":true,"href":"https:\/\/13.com.ar\/index.php\/wp-json\/wp\/v2\/categories?post=20865"},{"taxonomy":"post_tag","embeddable":true,"href":"https:\/\/13.com.ar\/index.php\/wp-json\/wp\/v2\/tags?post=20865"}],"curies":[{"name":"wp","href":"https:\/\/api.w.org\/{rel}","templated":true}]}}