{"id":20864,"date":"2025-04-29T11:02:34","date_gmt":"2025-04-29T14:02:34","guid":{"rendered":"https:\/\/13.com.ar\/index.php\/por-fallas-en-los-respiradores-mueren-cuatro-personas\/"},"modified":"2025-04-29T11:02:34","modified_gmt":"2025-04-29T14:02:34","slug":"por-fallas-en-los-respiradores-mueren-cuatro-personas","status":"publish","type":"post","link":"https:\/\/13.com.ar\/index.php\/por-fallas-en-los-respiradores-mueren-cuatro-personas\/","title":{"rendered":"por fallas en los respiradores mueren cuatro personas"},"content":{"rendered":"<p> <br \/>\n<br \/><img decoding=\"async\" src=\"https:\/\/13.com.ar\/wp-content\/uploads\/2025\/04\/la-empresa-a-cargo-de-la-red-electrica-descarto-la.jpg\" \/><\/p>\n<div id=\"element-body-0\">\n<p><strong>Cuatro personas han fallecido<\/strong> en las \u00faltimas horas como consecuencia de las fallas en respiradores por el apag\u00f3n en Espa\u00f1a, de este lunes.<\/p>\n<\/div>\n<div id=\"element-body-1\">\n<p>En Ourense,<strong> tres personas murieron en su vivienda en Taboadela <\/strong>en torno al mediod\u00eda de este martes, al parecer por una intoxicaci\u00f3n con mon\u00f3xido de carbono. <\/p>\n<\/div>\n<div id=\"element-body-3\">\n<p>Seg\u00fan La Voz de Galicia, <strong>uno de los miembros de la familia necesitaba usar un respirador<\/strong> y, a causa del apag\u00f3n,<strong> instalaron un equipo energ\u00e9tico<\/strong> en la vivienda para hacerlo funcionar. <strong>La mala combusti\u00f3n <\/strong>del mismo extendi\u00f3 el mon\u00f3xido de carbono por toda la vivienda y<strong> result\u00f3 fatal <\/strong>para sus habitantes.<\/p>\n<\/div>\n<div id=\"element-body-4\">\n<p>Tal y como confirman a Europa Press diferentes fuentes de los servicios de emergencias, los fallecidos son un matrimonio de 81 y 77 a\u00f1os de edad y su hijo de 56 a\u00f1os. Los habr\u00eda encontrado ya muertos una persona que se acerc\u00f3 a la casa.<\/p>\n<\/div>\n<div id=\"element-body-6\">\n<p>De otra parte, informa Efe, <strong>una mujer de 46 a\u00f1os que estaba en su domicilio conectada<\/strong> a una m\u00e1quina que le proporcionaba ox\u00edgeno para respirar falleci\u00f3 este lunes en la localidad valenciana de Alzira tras quedar el aparato sin electricidad por el apag\u00f3n, ha informado la Jefatura Superior de Polic\u00eda de la Comunitat Valenciana.<\/p>\n<\/div>\n<div id=\"element-body-8\">\n<p>Los agentes fueron requeridos a las 13.00 horas desde la sala del 091 porque la mujer, que<strong> sufr\u00eda una patolog\u00eda pulmonar<\/strong>, hab\u00eda dejado de respirar.<\/p>\n<\/div>\n<div id=\"element-body-9\">\n<p>Las maniobras fueron infructuosas y finalmente se decret\u00f3 el fallecimiento de la mujer por causas naturales, han informado las mismas fuentes.<\/p>\n<\/div>\n<p><br \/>\n<br \/><a href=\"https:\/\/www.clarin.com\/mundo\/apagon-espana-fallas-respiradores-mueren-personas_0_VUaOJPfsid.html\">Fuente Clarin.com <\/a><\/p>\n","protected":false},"excerpt":{"rendered":"<p>Cuatro personas han fallecido en las \u00faltimas horas como consecuencia de las fallas en respiradores por el apag\u00f3n en Espa\u00f1a, de este lunes. En Ourense, tres personas murieron en su vivienda en Taboadela en torno al mediod\u00eda de este martes, al parecer por una intoxicaci\u00f3n con mon\u00f3xido de carbono. Seg\u00fan La Voz de Galicia, uno [&hellip;]<\/p>\n","protected":false},"author":1,"featured_media":20802,"comment_status":"open","ping_status":"open","sticky":false,"template":"","format":"standard","meta":{"footnotes":""},"categories":[2],"tags":[1932,6848,28,13525,2125,142,16387],"class_list":["post-20864","post","type-post","status-publish","format-standard","has-post-thumbnail","hentry","category-ultimas-noticias","tag-cuatro","tag-fallas","tag-los","tag-mueren","tag-personas","tag-por","tag-respiradores"],"_links":{"self":[{"href":"https:\/\/13.com.ar\/index.php\/wp-json\/wp\/v2\/posts\/20864","targetHints":{"allow":["GET"]}}],"collection":[{"href":"https:\/\/13.com.ar\/index.php\/wp-json\/wp\/v2\/posts"}],"about":[{"href":"https:\/\/13.com.ar\/index.php\/wp-json\/wp\/v2\/types\/post"}],"author":[{"embeddable":true,"href":"https:\/\/13.com.ar\/index.php\/wp-json\/wp\/v2\/users\/1"}],"replies":[{"embeddable":true,"href":"https:\/\/13.com.ar\/index.php\/wp-json\/wp\/v2\/comments?post=20864"}],"version-history":[{"count":0,"href":"https:\/\/13.com.ar\/index.php\/wp-json\/wp\/v2\/posts\/20864\/revisions"}],"wp:featuredmedia":[{"embeddable":true,"href":"https:\/\/13.com.ar\/index.php\/wp-json\/wp\/v2\/media\/20802"}],"wp:attachment":[{"href":"https:\/\/13.com.ar\/index.php\/wp-json\/wp\/v2\/media?parent=20864"}],"wp:term":[{"taxonomy":"category","embeddable":true,"href":"https:\/\/13.com.ar\/index.php\/wp-json\/wp\/v2\/categories?post=20864"},{"taxonomy":"post_tag","embeddable":true,"href":"https:\/\/13.com.ar\/index.php\/wp-json\/wp\/v2\/tags?post=20864"}],"curies":[{"name":"wp","href":"https:\/\/api.w.org\/{rel}","templated":true}]}}