{"id":20860,"date":"2025-04-29T10:47:29","date_gmt":"2025-04-29T13:47:29","guid":{"rendered":"https:\/\/13.com.ar\/index.php\/un-video-muestra-que-el-agresor-escapo-en-un-auto-sin-patente-que-lo-estaba-esperando\/"},"modified":"2025-04-29T10:47:29","modified_gmt":"2025-04-29T13:47:29","slug":"un-video-muestra-que-el-agresor-escapo-en-un-auto-sin-patente-que-lo-estaba-esperando","status":"publish","type":"post","link":"https:\/\/13.com.ar\/index.php\/un-video-muestra-que-el-agresor-escapo-en-un-auto-sin-patente-que-lo-estaba-esperando\/","title":{"rendered":"un video muestra que el agresor escap\u00f3 en un auto sin patente que lo estaba esperando"},"content":{"rendered":"<p> <br \/>\n<br \/><img decoding=\"async\" src=\"https:\/\/13.com.ar\/wp-content\/uploads\/2025\/04\/un-video-muestra-que-el-agresor-escapo-en-un-auto.jpg\" \/><\/p>\n<div id=\"element-body-0\">\n<p><strong>Un colectivero fue brutalmente atacado en la noche del s\u00e1bado<\/strong> en la localidad bonaerense de Isidro Casanova, partido de La Matanza. El agresor, que le cort\u00f3 la cara con un arma blanca y le rob\u00f3 sus pertenencias, <strong>se escap\u00f3 en un Chevrolet Corsa blanco sin patentes que lo estaba esperando<\/strong>, seg\u00fan revelaron las c\u00e1maras de seguridad difundidas en las \u00faltimas horas.<\/p>\n<\/div>\n<div id=\"element-body-1\">\n<p>El hecho ocurri\u00f3 pasadas las 21.45, cuando el conductor de la l\u00ednea 378 levant\u00f3 a un pasajero en Ruta 3 y Marconi. Seg\u00fan su testimonio,<strong> el atacante le pidi\u00f3 si pod\u00eda llevarlo gratis ya que no ten\u00eda plata<\/strong>. El conductor accedi\u00f3. Luego ambos fueron charlando durante todo el recorrido. Pero al finalizar el viaje, el pasajero atac\u00f3 por sorpresa.<\/p>\n<\/div>\n<div id=\"element-body-2\">\n<p>Una c\u00e1mara de seguridad capt\u00f3 al sospechoso momentos antes del ataque junto a un c\u00f3mplice dentro del Corsa, estacionado en una plaza cercana. En las im\u00e1genes se ve c\u00f3mo ambos se cambian de ropa dentro del veh\u00edculo y luego retiran las patentes del auto.<\/p>\n<\/div>\n<div id=\"element-body-3\">\n<p>Luego, mientras el conductor del auto se alejaba con las luces apagadas por avenida Luro rumbo a San Justo, el atacante camin\u00f3 hasta el Metrobus y subi\u00f3 al colectivo. Tras atacar al conductor, baj\u00f3 en Ruta 3 y la calle Albarrac\u00edn, donde el coche lo esperaba para fugarse.<\/p>\n<\/div>\n<div id=\"element-body-4\">\n<p><strong>El chofer sufri\u00f3 varios cortes profundos en el rostro y el cuello<\/strong>, por lo que fue asistido por personal del SAME y trasladado a un centro de salud. Aunque est\u00e1 fuera de peligro, debieron aplicarle varios puntos de sutura.<\/p>\n<\/div>\n<div id=\"element-body-5\">\n<p><strong>\u201cNo lo mataron de casualidad. Lo desfiguraron<\/strong>. Si lo cortaban un poco m\u00e1s abajo, en la yugular, lo podr\u00edan haber matado. As\u00ed no se puede trabajar\u201d, sostuvo Gabriel Gusso, delegado de la Uni\u00f3n Tranviarios Automotor (UTA), en declaraciones citadas por TN.<\/p>\n<\/div>\n<div id=\"element-body-6\">\n<p>\u201cHab\u00eda una partida presupuestaria para poner c\u00e1maras en los colectivos. Se colocaron en algunos, pero la Provincia no renov\u00f3 el contrato de cobertura satelital. As\u00ed, el monitoreo en vivo dej\u00f3 de funcionar y solo quedan grabaciones posteriores al hecho.\u201d<\/p>\n<\/div>\n<div id=\"element-body-7\">\n<p>\u201cNo est\u00e1n enviando los subsidios que corresponden. El dinero que lleg\u00f3 fue a cuenta de deudas anteriores, y no se pudo usar para renovar las c\u00e1maras. No tenemos seguridad. Es un desastre\u201d, se quej\u00f3.<\/p>\n<\/div>\n<div id=\"element-body-8\">\n<p>\u201c\u00c9l se est\u00e1 recuperando en su casa, va a ser una larga recuperaci\u00f3n, <strong>casi lo degollaron. <\/strong>Hace un mes tuvimos el mismo problema con otro compa\u00f1ero\u201d, cont\u00f3 uno de los choferes en una entrevista con TN.<\/p>\n<\/div>\n<div id=\"element-body-9\">\n<p>\u201cAc\u00e1 las autoridades que tienen que ponerse el tema al hombro no se lo ponen. Al ministro de Seguridad no se lo ve. En el distrito <strong>nos prometieron que iban a poner polic\u00edas, pero estuvieron dos d\u00edas y se fueron<\/strong>. Nosotros no tenemos bandera pol\u00edtica, queremos que laburen en conjunto para que le den una respuesta a la sociedad\u201d, agreg\u00f3. <\/p>\n<\/div>\n<div id=\"element-body-10\">\n<p>En reclamo por el ataque, durante el lunes los choferes de la empresa Almafuerte (donde trabaja el chofer apu\u00f1alado) realizaron una protesta y levantaron el recorrido de las l\u00edneas 218, 284, 325, 378, 622 y 628, todas con recorridos dentro de zona oeste.<\/p>\n<\/div>\n<div id=\"element-body-11\">\n<p>Se espera tambi\u00e9n que el martes a las 11 se realice una marcha hasta la plaza de San Justo para pedir por mayor seguridad bajo el lema \u201cYa basta, queremos trabajar tranquilos\u201d<\/p>\n<\/div>\n<p><br \/>\n<br \/><a href=\"https:\/\/www.clarin.com\/sociedad\/brutal-ataque-colectivero-matanza-video-muestra-agresor-escapo-auto-patente-esperando_0_kaYLX2FPzA.html\">Fuente Clarin.com <\/a><\/p>\n","protected":false},"excerpt":{"rendered":"<p>Un colectivero fue brutalmente atacado en la noche del s\u00e1bado en la localidad bonaerense de Isidro Casanova, partido de La Matanza. El agresor, que le cort\u00f3 la cara con un arma blanca y le rob\u00f3 sus pertenencias, se escap\u00f3 en un Chevrolet Corsa blanco sin patentes que lo estaba esperando, seg\u00fan revelaron las c\u00e1maras de [&hellip;]<\/p>\n","protected":false},"author":1,"featured_media":20861,"comment_status":"open","ping_status":"open","sticky":false,"template":"","format":"standard","meta":{"footnotes":""},"categories":[2],"tags":[15139,430,1410,8081,627,723,13548,882,200],"class_list":["post-20860","post","type-post","status-publish","format-standard","has-post-thumbnail","hentry","category-ultimas-noticias","tag-agresor","tag-auto","tag-escapo","tag-esperando","tag-estaba","tag-muestra","tag-patente","tag-sin","tag-video"],"_links":{"self":[{"href":"https:\/\/13.com.ar\/index.php\/wp-json\/wp\/v2\/posts\/20860","targetHints":{"allow":["GET"]}}],"collection":[{"href":"https:\/\/13.com.ar\/index.php\/wp-json\/wp\/v2\/posts"}],"about":[{"href":"https:\/\/13.com.ar\/index.php\/wp-json\/wp\/v2\/types\/post"}],"author":[{"embeddable":true,"href":"https:\/\/13.com.ar\/index.php\/wp-json\/wp\/v2\/users\/1"}],"replies":[{"embeddable":true,"href":"https:\/\/13.com.ar\/index.php\/wp-json\/wp\/v2\/comments?post=20860"}],"version-history":[{"count":0,"href":"https:\/\/13.com.ar\/index.php\/wp-json\/wp\/v2\/posts\/20860\/revisions"}],"wp:featuredmedia":[{"embeddable":true,"href":"https:\/\/13.com.ar\/index.php\/wp-json\/wp\/v2\/media\/20861"}],"wp:attachment":[{"href":"https:\/\/13.com.ar\/index.php\/wp-json\/wp\/v2\/media?parent=20860"}],"wp:term":[{"taxonomy":"category","embeddable":true,"href":"https:\/\/13.com.ar\/index.php\/wp-json\/wp\/v2\/categories?post=20860"},{"taxonomy":"post_tag","embeddable":true,"href":"https:\/\/13.com.ar\/index.php\/wp-json\/wp\/v2\/tags?post=20860"}],"curies":[{"name":"wp","href":"https:\/\/api.w.org\/{rel}","templated":true}]}}