{"id":20858,"date":"2025-04-29T10:44:29","date_gmt":"2025-04-29T13:44:29","guid":{"rendered":"https:\/\/13.com.ar\/index.php\/pedro-sanchez-afirmo-que-no-vamos-a-descartar-ninguna-hipotesis-y-la-justicia-investiga-si-fue-un-sabotaje\/"},"modified":"2025-04-29T10:44:29","modified_gmt":"2025-04-29T13:44:29","slug":"pedro-sanchez-afirmo-que-no-vamos-a-descartar-ninguna-hipotesis-y-la-justicia-investiga-si-fue-un-sabotaje","status":"publish","type":"post","link":"https:\/\/13.com.ar\/index.php\/pedro-sanchez-afirmo-que-no-vamos-a-descartar-ninguna-hipotesis-y-la-justicia-investiga-si-fue-un-sabotaje\/","title":{"rendered":"Pedro S\u00e1nchez afirm\u00f3 que &#8220;no vamos a descartar ninguna hip\u00f3tesis&#8221; y la Justicia investiga si fue un sabotaje"},"content":{"rendered":"<p> <br \/>\n<\/p>\n<div id=\"cuerpo\">\n<div class=\"sc-80531b6b-0 chRIGJ container-text text-embed\" id=\"element-body-0\">\n<p>A las seis de la ma\u00f1ana de este martes, mientras en estaciones de trenes como la de Atocha, en Madrid, decenas de personas que hab\u00edan pasado la noche all\u00ed buscaban informaci\u00f3n para viajar, casi la totalidad de Espa\u00f1a hab\u00eda recuperado el suministro el\u00e9ctrico, seg\u00fan asegur\u00f3 el presidente Pedro S\u00e1nchez, a la una del mediod\u00eda.<\/p>\n<\/div>\n<div class=\"sc-80531b6b-0 chRIGJ container-text text-embed\" id=\"element-body-1\">\n<p>Y aunque Red El\u00e9ctrica Espa\u00f1ola descart\u00f3 que el apag\u00f3n que sufri\u00f3 todo el pa\u00eds<strong> durante casi doce horas <\/strong>el lunes haya sido provocado por un ciberataque, S\u00e1nchez se mostr\u00f3 prudente y <strong>no lo confirm\u00f3.<\/strong><\/p>\n<\/div>\n<div class=\"sc-80531b6b-0 chRIGJ container-text text-embed\" id=\"element-body-2\">\n<p>\u201cCon los an\u00e1lisis hasta este momento, podemos descartar un incidente de ciberseguridad en el punto de control de Red El\u00e9ctrica Espa\u00f1ola&#8221;, hab\u00eda afirmado su director de operaciones, Eduardo Prieto, minutos antes de la comparecencia del presidente del gobierno.<\/p>\n<\/div>\n<div class=\"sc-80531b6b-0 chRIGJ container-text text-embed\" id=\"element-body-3\">\n<p>\u201cRed El\u00e9ctrica ha hecho saber que descarta en la red de transportes cualquier ciberataque. Valoramos positivamente este aspecto, pero en todo caso la responsabilidad del gobierno de Espa\u00f1a <strong>es hacer un an\u00e1lisis independiente de qu\u00e9 es lo que ha sucedido<\/strong>\u201d, dijo Pedro S\u00e1nchez en la rueda de prensa que dio desde el Palacio de la Moncloa al finalizar su reuni\u00f3n de gabinete de los martes.<\/p>\n<\/div>\n<div class=\"sc-98b114a2-0 bkqiHH image-embed  image-embed \" id=\"element-body-4\"><picture class=\"sc-98b114a2-1 jRUlDm\"><source media=\"(min-width: 975px)\" width=\"720\" height=\"480\" \/><img alt=\"Pedro S\u00e1nchez en la rueda de prensa que dio desde el Palacio de la Moncloa. Foto: EFE\" loading=\"lazy\" width=\"720\" height=\"480\" decoding=\"async\" data-nimg=\"1\" style=\"color:transparent\" src=\"https:\/\/13.com.ar\/wp-content\/uploads\/2025\/04\/Pedro-Sanchez-afirmo-que-no-vamos-a-descartar-ninguna-hipotesis.jpg\"\/><span class=\"epigraphe\">Pedro S\u00e1nchez en la rueda de prensa que dio desde el Palacio de la Moncloa. Foto: EFE<\/span><span class=\"picture-open\"><button class=\"open-image\" aria-label=\"Open Image\"\/><\/span><\/picture><\/div>\n<div class=\"sc-80531b6b-0 chRIGJ container-text text-embed\" id=\"element-body-5\">\n<p>\u201cUna vez examinados esos registros de red el\u00e9ctrica y de todos los operadores privados,<strong> no vamos a descartar ninguna hip\u00f3tesis <\/strong>hasta que tengamos los resultados de estos an\u00e1lisis que, por supuesto, ya les adelanto, <strong>se har\u00e1n p\u00fablicos<\/strong>\u201d, dijo S\u00e1nchez a la prensa nacional e internacional que lo escuchaba.<\/p>\n<\/div>\n<p><h2>La justicia investiga si fue un sabotaje<\/h2>\n<\/p>\n<div class=\"sc-80531b6b-0 chRIGJ container-text text-embed\" id=\"element-body-7\">\n<p>Por otra parte, un juez de la Audiencia Nacional resolvi\u00f3 que<strong> investigar\u00e1 si el apag\u00f3n<\/strong> en la red el\u00e9ctrica que afect\u00f3 a toda Espa\u00f1a pudo ser <strong>el resultado de un acto de sabotaje inform\u00e1tico<\/strong> en infraestructuras cr\u00edticas espa\u00f1olas. De confirmarse esta posibilidad, <strong>podr\u00eda ser considerado un delito de terrorismo<\/strong>, seg\u00fan el C\u00f3digo Penal espa\u00f1ol.<\/p>\n<\/div>\n<div class=\"sc-80531b6b-0 chRIGJ container-text text-embed\" id=\"element-body-8\">\n<p>S\u00e1nchez s\u00ed asegur\u00f3 que \u201ca lo largo de esta noche (del lunes al martes), nuestro sistema ha ido reactivando sus centros de producci\u00f3n y a las seis de la ma\u00f1ana hab\u00eda recuperado m\u00e1s del 99,5 por ciento del total del suministro\u201d.<\/p>\n<\/div>\n<div class=\"sc-80531b6b-0 chRIGJ container-text text-embed\" id=\"element-body-9\">\n<p>A esa hora, en la estaci\u00f3n de Atocha, personal de la Cruz Roja intentaba recuperar las mantas amarillas y rojas que hab\u00eda distribuido entre los pasajeros varados que durmieron all\u00ed.<\/p>\n<\/div>\n<div class=\"sc-98b114a2-0 bkqiHH image-embed  image-embed \" id=\"element-body-10\"><picture class=\"sc-98b114a2-1 jRUlDm\"><source media=\"(min-width: 975px)\" width=\"720\" height=\"480\" \/><img alt=\"Decenoas de persona esperan que se restablezca el servicio trenes en la estaci\u00f3n Atocha. Foto: C\u00e9zaro Luca.\" loading=\"lazy\" width=\"720\" height=\"480\" decoding=\"async\" data-nimg=\"1\" style=\"color:transparent\" src=\"https:\/\/13.com.ar\/wp-content\/uploads\/2025\/04\/1745934269_330_Pedro-Sanchez-afirmo-que-no-vamos-a-descartar-ninguna-hipotesis.jpg\"\/><span class=\"epigraphe\">Decenoas de persona esperan que se restablezca el servicio trenes en la estaci\u00f3n Atocha. Foto: C\u00e9zaro Luca.<\/span><span class=\"picture-open\"><button class=\"open-image\" aria-label=\"Open Image\"\/><\/span><\/picture><\/div>\n<div class=\"sc-80531b6b-0 chRIGJ container-text text-embed\" id=\"element-body-11\">\n<p>La mayor\u00eda se amontonaba, como racimos, en torno a los tomas de electricidad que les permit\u00eda, de a turnos<strong>, cargar sus celulares<\/strong>, si es que contaban con se\u00f1al. \u201cLa telefon\u00eda m\u00f3vil, que ha sufrido momentos cr\u00edticos a lo largo del d\u00eda de hoy y tambi\u00e9n la fibra \u00f3ptica funcionan, afortunadamente, en el 90 por ciento ya del territorio\u201d, confirm\u00f3 el presidente.<\/p>\n<\/div>\n<div class=\"sc-80531b6b-0 chRIGJ container-text text-embed\" id=\"element-body-12\">\n<p>Durante su mensaje, S\u00e1nchez reconoci\u00f3 que los pasajeros de tren<strong> segu\u00edan siendo los m\u00e1s afectados<\/strong> por la imposibilidad de normalizar el servicio.<\/p>\n<\/div>\n<div class=\"sc-80531b6b-0 chRIGJ container-text text-embed\" id=\"element-body-13\">\n<p>\u201cLos principales obst\u00e1culos persisten, como ya saben ustedes, en el tr\u00e1fico ferroviario -admiti\u00f3 el presidente-. A lo largo de la noche de ayer (lunes) se auxiliaron a m\u00e1s de 35.000 pasajeros que hab\u00edan quedado atrapados en trenes, se liberaron v\u00edas, se recuperaron muchos trayectos de cercan\u00edas de media y de larga distancia, pero, evidentemente, a\u00fan hay varios puntos del pa\u00eds sin servicio.\u201d<\/p>\n<\/div>\n<p><h2>Responsabilidades<\/h2>\n<\/p>\n<div class=\"sc-80531b6b-0 chRIGJ container-text text-embed\" id=\"element-body-15\">\n<p>\u201cVamos a exigir las responsabilidades pertinentes a todos los operadores privados\u201d, repiti\u00f3 Pedro S\u00e1nchez.<\/p>\n<\/div>\n<div class=\"sc-98b114a2-0 bkqiHH image-embed  image-embed \" id=\"element-body-16\"><picture class=\"sc-98b114a2-1 jRUlDm\"><source media=\"(min-width: 975px)\" width=\"720\" height=\"480\" \/><img alt=\"Persona sesperan en corralitos armados por la polic\u00eda para evitar desbordes las paradas transporte p\u00fablico en Madrid. Foto: C\u00e9zaro Luca\" loading=\"lazy\" width=\"720\" height=\"480\" decoding=\"async\" data-nimg=\"1\" style=\"color:transparent\" src=\"https:\/\/13.com.ar\/wp-content\/uploads\/2025\/04\/1745934269_828_Pedro-Sanchez-afirmo-que-no-vamos-a-descartar-ninguna-hipotesis.jpg\"\/><span class=\"epigraphe\">Persona sesperan en corralitos armados por la polic\u00eda para evitar desbordes las paradas transporte p\u00fablico en Madrid. Foto: C\u00e9zaro Luca<\/span><span class=\"picture-open\"><button class=\"open-image\" aria-label=\"Open Image\"\/><\/span><\/picture><\/div>\n<div class=\"sc-80531b6b-0 chRIGJ container-text text-embed\" id=\"element-body-17\">\n<p>\u201cPara ello, el gobierno de Espa\u00f1a, en su Consejo de Seguridad Nacional, ha creado <strong>una comisi\u00f3n de investigaci\u00f3n <\/strong>liderada por el Ministerio de Transici\u00f3n Ecol\u00f3gica y Reto Demogr\u00e1fico, que contar\u00e1 con la aportaci\u00f3n de otros organismos en materia de ciberseguridad, pero tambi\u00e9n en relaci\u00f3n con la Comisi\u00f3n Nacional de los Mercados y de la Competencia&#8221;, detall\u00f3.<\/p>\n<\/div>\n<div class=\"sc-80531b6b-0 chRIGJ container-text text-embed\" id=\"element-body-18\">\n<p>&#8220;Y, adem\u00e1s, el Consejo de Seguridad Nacional ha acordado solicitar al Grupo Europeo de Coordinaci\u00f3n de Electricidad, que depende de la Comisi\u00f3n Europea, y a los reguladores independientes, que elaboren <strong>un informe independiente desde Bruselas<\/strong> para tener una fotograf\u00eda, si me permiten la expresi\u00f3n coloquial, mucho m\u00e1s <strong>certera y veros\u00edmil de lo que ha sucedido <\/strong>en estas horas cr\u00edticas que hemos sufrido en el d\u00eda de ayer (lunes) y en el d\u00eda de hoy (martes) de ciberseguridad\u201d.<\/p>\n<\/div>\n<p><h2>Liberar reservas<\/h2>\n<\/p>\n<div class=\"sc-80531b6b-0 chRIGJ container-text text-embed\" id=\"element-body-20\">\n<p>Sanchez anunci\u00f3 tambi\u00e9n que el Consejo de Ministros aprob\u00f3 este martes \u201cliberar tres d\u00edas de reservas estrat\u00e9gicas de productos petrol\u00edferos <strong>para los grupos electr\u00f3genos <\/strong>que puedan necesitarse en particular en los servicios esenciales, como puedan ser, por ejemplo, los servicios hospitalarios\u201d.<\/p>\n<\/div>\n<div class=\"sc-4306f4f9-0 bAPCpp\">\n<div class=\"inner-card-m\">\n<div class=\"related-content\">\n<p><span class=\"body-title\">Mir\u00e1 tambi\u00e9n<\/span><\/p>\n<h3>En Fotos: apag\u00f3n masivo en Espa\u00f1a, Francia y Portugal; caos y confusi\u00f3n en las calles, millones de usuarios afectados<\/h3>\n<source media=\"(min-width: 975px)\" width=\"340\" height=\"340\" \/><img alt=\"En Fotos: apag\u00f3n masivo en Espa\u00f1a, Francia y Portugal; caos y confusi\u00f3n en las calles, millones de usuarios afectados\" loading=\"lazy\" width=\"340\" height=\"340\" decoding=\"async\" data-nimg=\"1\" style=\"color:transparent\" src=\"https:\/\/13.com.ar\/wp-content\/uploads\/2025\/04\/Por-que-se-produjo-el-apagon-en-Espana-y-Portugal.jpg\"\/><\/div>\n<\/div>\n<\/div>\n<div class=\"sc-80531b6b-0 chRIGJ container-text text-embed\" id=\"element-body-22\">\n<p>Su intenci\u00f3n fue transmitir tranquilidad y <strong>ahuyentar cualquier fantasma que pueda atentar contra el turismo<\/strong>, de cara al fin de semana largo que varias regiones de Espa\u00f1a tendr\u00e1n este jueves -1 de mayo- y viernes.<\/p>\n<\/div>\n<div class=\"sc-80531b6b-0 chRIGJ container-text text-embed\" id=\"element-body-23\">\n<p>\u201cLos mercados financieros, es decir, las bolsas han amanecido estables y todo apunta a que un sector tan importante, sobre todo en estas fechas, que es el sector tur\u00edstico. El turismo que est\u00e1 proyectado para este puente (fin de semana largo) no se va a ver afectado\u201d, asegur\u00f3 el presidente del gobierno respecto del rubro que aporta el 13 por ciento al Producto Bruto Interno espa\u00f1ol.<\/p>\n<\/div>\n<p><h2>El rol de las centrales nucleares<\/h2>\n<\/p>\n<div class=\"sc-80531b6b-0 chRIGJ container-text text-embed\" id=\"element-body-25\">\n<p>\u201cLos ciudadanos deben saber que durante esta crisis, las centrales nucleares,<strong> lejos de ser una soluci\u00f3n,<\/strong> han sido un problema <strong>porque estaban apagadas<\/strong> y ha sido necesario desviar a ellas grandes cantidades de energ\u00eda para mantener sus n\u00facleos estables\u201d, explic\u00f3 S\u00e1nchez.<\/p>\n<\/div>\n<div class=\"sc-80531b6b-0 chRIGJ container-text text-embed\" id=\"element-body-26\">\n<p>Y aclar\u00f3 que, en estos momentos, hay dos de las siete centrales nucleares activadas \u201cy lo est\u00e1n, no porque se necesiten, sino porque su activaci\u00f3n ya estaba planeada\u201d, se\u00f1al\u00f3.<\/p>\n<\/div>\n<div class=\"sc-80531b6b-0 chRIGJ container-text text-embed\" id=\"element-body-27\">\n<p>Respecto de c\u00f3mo se est\u00e1 logrando que toda Espa\u00f1a vuelva a tener luz, el presidente detall\u00f3: \u201cLa recuperaci\u00f3n del suministro se ha logrado gracias a las interconexiones con Francia y con Marruecos y a los ciclos combinados de gas y a las centrales hidroel\u00e9ctricas\u201d.<\/p>\n<\/div>\n<p><h2>Como en los primeros d\u00edas del Covid<\/h2>\n<\/p>\n<div class=\"sc-80531b6b-0 chRIGJ container-text text-embed\" id=\"element-body-29\">\n<p>El apag\u00f3n record\u00f3 a los espa\u00f1oles c\u00f3mo se vivieron<strong> los d\u00edas de confinamiento durante la pandemia de Covid<\/strong>. Los supermercados no pararon de reponer las g\u00f3ndolas de agua mineral y de latas en conserva que la gente se llevaba de a decenas por temor a que la oscuridad provocara desabastecimiento.<\/p>\n<\/div>\n<div class=\"sc-80531b6b-0 chRIGJ container-text text-embed\" id=\"element-body-30\">\n<p>Esta ma\u00f1ana de martes, <strong>escase\u00f3 el pan reci\u00e9n horneado<\/strong>. Varias panader\u00edas y confiter\u00edas no pudieron ofrecerlo porque sus hornos no funcionaron durante la noche.<\/p>\n<\/div>\n<div class=\"sc-80531b6b-0 chRIGJ container-text text-embed\" id=\"element-body-31\">\n<p>Y, en numerosas comunidades aut\u00f3nomas,<strong> no hubo clases. <\/strong>La mayor\u00eda de las escuelas estuvieron abiertas para recibir a los estudiantes aunque la ausencia de los que no asistieron estuvo justificada.<\/p>\n<\/div>\n<div class=\"sc-80531b6b-0 chRIGJ container-text text-embed\" id=\"element-body-32\">\n<p>Como la ola que los hinchas dibujan en los estadios, hubo una escena que toda Espa\u00f1a fue repitiendo desde el lunes por la noche: los aplausos, gritos y algarab\u00eda <strong>cada vez que la luz volv\u00eda<\/strong> a un barrio.<\/p>\n<\/div>\n<\/div>\n<p><br \/>\n<br \/><a href=\"https:\/\/www.clarin.com\/mundo\/apagon-espana-pedro-sanchez-afirmo-vamos-descartar-hipotesis-justicia-investiga-sabotaje_0_ZnAhcgFJ9t.html\">Fuente Clarin.com <\/a><\/p>\n","protected":false},"excerpt":{"rendered":"<p>A las seis de la ma\u00f1ana de este martes, mientras en estaciones de trenes como la de Atocha, en Madrid, decenas de personas que hab\u00edan pasado la noche all\u00ed buscaban informaci\u00f3n para viajar, casi la totalidad de Espa\u00f1a hab\u00eda recuperado el suministro el\u00e9ctrico, seg\u00fan asegur\u00f3 el presidente Pedro S\u00e1nchez, a la una del mediod\u00eda. Y [&hellip;]<\/p>\n","protected":false},"author":1,"featured_media":20859,"comment_status":"open","ping_status":"open","sticky":false,"template":"","format":"standard","meta":{"footnotes":""},"categories":[2],"tags":[2992,16384,105,2194,8492,964,4334,302,5049,303,5959],"class_list":["post-20858","post","type-post","status-publish","format-standard","has-post-thumbnail","hentry","category-ultimas-noticias","tag-afirmo","tag-descartar","tag-fue","tag-hipotesis","tag-investiga","tag-justicia","tag-ninguna","tag-pedro","tag-sabotaje","tag-sanchez","tag-vamos"],"_links":{"self":[{"href":"https:\/\/13.com.ar\/index.php\/wp-json\/wp\/v2\/posts\/20858","targetHints":{"allow":["GET"]}}],"collection":[{"href":"https:\/\/13.com.ar\/index.php\/wp-json\/wp\/v2\/posts"}],"about":[{"href":"https:\/\/13.com.ar\/index.php\/wp-json\/wp\/v2\/types\/post"}],"author":[{"embeddable":true,"href":"https:\/\/13.com.ar\/index.php\/wp-json\/wp\/v2\/users\/1"}],"replies":[{"embeddable":true,"href":"https:\/\/13.com.ar\/index.php\/wp-json\/wp\/v2\/comments?post=20858"}],"version-history":[{"count":0,"href":"https:\/\/13.com.ar\/index.php\/wp-json\/wp\/v2\/posts\/20858\/revisions"}],"wp:featuredmedia":[{"embeddable":true,"href":"https:\/\/13.com.ar\/index.php\/wp-json\/wp\/v2\/media\/20859"}],"wp:attachment":[{"href":"https:\/\/13.com.ar\/index.php\/wp-json\/wp\/v2\/media?parent=20858"}],"wp:term":[{"taxonomy":"category","embeddable":true,"href":"https:\/\/13.com.ar\/index.php\/wp-json\/wp\/v2\/categories?post=20858"},{"taxonomy":"post_tag","embeddable":true,"href":"https:\/\/13.com.ar\/index.php\/wp-json\/wp\/v2\/tags?post=20858"}],"curies":[{"name":"wp","href":"https:\/\/api.w.org\/{rel}","templated":true}]}}