{"id":2063,"date":"2025-02-05T05:08:01","date_gmt":"2025-02-05T08:08:01","guid":{"rendered":"https:\/\/13.com.ar\/index.php\/como-afecta-la-depresion-al-cerebro-y-sus-neurotransmisores\/"},"modified":"2025-02-05T05:08:01","modified_gmt":"2025-02-05T08:08:01","slug":"como-afecta-la-depresion-al-cerebro-y-sus-neurotransmisores","status":"publish","type":"post","link":"https:\/\/13.com.ar\/index.php\/como-afecta-la-depresion-al-cerebro-y-sus-neurotransmisores\/","title":{"rendered":"C\u00f3mo afecta la depresi\u00f3n al cerebro y sus neurotransmisores"},"content":{"rendered":"<p> <br \/>\n<\/p>\n<div id=\"cuerpo\">\n<div class=\"sc-80531b6b-0 chRIGJ container-text text-embed\">\n<p>La<strong> depresi\u00f3n<\/strong> est\u00e1 considerada como una verdadera epidemia por la <em>Organizaci\u00f3n Mundial de la Salud (OMS)<\/em>. Es un trastorno mental bastante com\u00fan que debe diferenciarse de los cambios habituales de estados de \u00e1nimo y sentimientos.<\/p>\n<\/div>\n<div class=\"sc-80531b6b-0 chRIGJ container-text text-embed\">\n<p>La OMS informa que el <strong>5% de las personas adultas<\/strong>, en todo el mundo, experimenta depresi\u00f3n. Son alrededor de 280 millones de personas. El porcentaje aumenta levemente entre las mujeres y entre los mayores de 60 a\u00f1os.<\/p>\n<\/div>\n<div class=\"sc-80531b6b-0 chRIGJ container-text text-embed\">\n<p>Tambi\u00e9n destaca que un episodio depresivo (tristeza, irritabilidad o sensaci\u00f3n de vac\u00edo), a diferencia de los cambios en el \u00e1nimo, puede abarcar la mayor parte del d\u00eda y extenderse durante al menos dos semanas.<\/p>\n<\/div>\n<div class=\"sc-80531b6b-0 chRIGJ container-text text-embed\">\n<p>Este estado prolongado causa dificultades en todos los aspectos de la vida cotidiana y tiene efectos en el <strong>funcionamiento del cerebro<\/strong>.<\/p>\n<\/div>\n<p><h2>C\u00f3mo afecta la depresi\u00f3n al cerebro y sus neurotransmisores<\/h2>\n<\/p>\n<div class=\"sc-198be8ec-0 cynXbu image-embed  image-embed \"><picture class=\"sc-198be8ec-1 kOjRiQ\"><source media=\"(min-width: 975px)\" width=\"2000\" height=\"1500\" \/><img alt=\"Un episodio depresivo puede abarcar la mayor parte del d\u00eda y extenderse al menos dos semanas. Foto: Pexels.\" loading=\"lazy\" width=\"2000\" height=\"1500\" decoding=\"async\" data-nimg=\"1\" style=\"color:transparent\" src=\"https:\/\/13.com.ar\/wp-content\/uploads\/2025\/02\/Como-afecta-la-depresion-al-cerebro-y-sus-neurotransmisores.jpg\"\/><span class=\"epigraphe\">Un episodio depresivo puede abarcar la mayor parte del d\u00eda y extenderse al menos dos semanas. Foto: Pexels.<\/span><span class=\"bkg\"\/><span class=\"picture-open\"><button class=\"open-image\" aria-label=\"Open Image\"\/><\/span><\/picture><\/div>\n<div class=\"sc-80531b6b-0 chRIGJ container-text text-embed\">\n<p>La <em>OMS<\/em> agrega que los episodios depresivos pueden ser <strong>leves, moderados o graves<\/strong>. Esto depende de si ocurre una sola vez, dos m\u00e1s o si alternan con episodios man\u00edacos, como la euforia, la irritabilidad, la distracci\u00f3n y el comportamiento compulsivo.<\/p>\n<\/div>\n<div class=\"sc-80531b6b-0 chRIGJ container-text text-embed\">\n<p>Distintos hechos traum\u00e1ticos, como <strong>quedarse sin trabajo o perder a un ser querido<\/strong>, son causas comunes de depresi\u00f3n. \u201cA su vez, la depresi\u00f3n puede generar m\u00e1s estr\u00e9s y disfunci\u00f3n, y empeorar la situaci\u00f3n vital de la persona afectada y, por consiguiente, la propia depresi\u00f3n\u201d, explica la <em>OMS<\/em>.<\/p>\n<\/div>\n<div class=\"sc-4306f4f9-0 bAPCpp\">\n<div class=\"inner-card-m\">\n<div class=\"related-content\">\n<p><span class=\"body-title\">Mir\u00e1 tambi\u00e9n<\/span><\/p>\n<h3>La vitamina clave que puede mejorar tu estado de \u00e1nimo, seg\u00fan los expertos   <\/h3>\n<source media=\"(min-width: 975px)\" width=\"340\" height=\"340\" \/><img alt=\"La vitamina clave que puede mejorar tu estado de \u00e1nimo, seg\u00fan los expertos   \" loading=\"lazy\" width=\"340\" height=\"340\" decoding=\"async\" data-nimg=\"1\" style=\"color:transparent\" src=\"https:\/\/13.com.ar\/wp-content\/uploads\/2025\/02\/1738742881_620_Como-afecta-la-depresion-al-cerebro-y-sus-neurotransmisores.jpg\"\/><\/div>\n<\/div>\n<\/div>\n<div class=\"sc-80531b6b-0 chRIGJ container-text text-embed\">\n<p>Existen <strong>tratamientos eficaces <\/strong>contra la depresi\u00f3n, basados en terapia o con ayuda de medicamentos antidepresivos que, sin embargo, no son necesarios en casos leves. Los psic\u00f3logos pueden ense\u00f1ar nuevas maneras de pensar y de <strong>hacer frente a situaciones l\u00edmite<\/strong>.<\/p>\n<\/div>\n<div class=\"sc-80531b6b-0 chRIGJ container-text text-embed\">\n<p>El <strong>cuidado personal<\/strong>, en tanto, es un factor clave. En caso de surgir s\u00edntomas de depresi\u00f3n, recomiendan seguir haciendo actividades de las cuales se disfrutaba, mantener el contacto con amigos y familiares, practicar ejercicio de manera regular, evitar o disminuir el consumo de alcohol y drogas y mantener h\u00e1bitos alimenticios y de sue\u00f1o equilibrados.<\/p>\n<\/div>\n<div class=\"sc-198be8ec-0 cynXbu image-embed  image-embed \"><picture class=\"sc-198be8ec-1 kOjRiQ\"><source media=\"(min-width: 975px)\" width=\"2000\" height=\"1500\" \/><img alt=\"Con la depresi\u00f3n disminuye la densidad de la sustancia gris y se produce una atrofia y p\u00e9rdida de conexiones de las neuronas.\" loading=\"lazy\" width=\"2000\" height=\"1500\" decoding=\"async\" data-nimg=\"1\" style=\"color:transparent\" src=\"https:\/\/13.com.ar\/wp-content\/uploads\/2025\/02\/1738742881_829_Como-afecta-la-depresion-al-cerebro-y-sus-neurotransmisores.jpg\"\/><span class=\"epigraphe\">Con la depresi\u00f3n disminuye la densidad de la sustancia gris y se produce una atrofia y p\u00e9rdida de conexiones de las neuronas.<\/span><span class=\"bkg\"\/><span class=\"picture-open\"><button class=\"open-image\" aria-label=\"Open Image\"\/><\/span><\/picture><\/div>\n<div class=\"sc-80531b6b-0 chRIGJ container-text text-embed\">\n<p>En consonancia con la <em>OMS<\/em>, un art\u00edculo del sitio <em>Cuidate Plus<\/em> advierte que la depresi\u00f3n <strong>no es simplemente estar triste<\/strong> en una sociedad que obliga a estar feliz todo el tiempo. Adem\u00e1s de la tristeza, la depresi\u00f3n incluye ansiedad, falta de motivaci\u00f3n, desesperanza, insomnio, p\u00e9rdida de apetito, mareos, cefaleas, ideas de culpa y lentitud de pensamiento.<\/p>\n<\/div>\n<div class=\"sc-80531b6b-0 chRIGJ container-text text-embed\">\n<p>La depresi\u00f3n es una enfermedad del cerebro, agrega el sitio, porque la densidad de la sustancia gris, encargada de procesar informaci\u00f3n del cerebro, disminuye en el hipocampo, la am\u00edgdala y en la corteza prefrontal. Adem\u00e1s, se produce una atrofia y p\u00e9rdida de conexiones sin\u00e1pticas. En otras palabras, <strong>las neuronas podan sus conexiones<\/strong>.<\/p>\n<\/div>\n<div class=\"sc-4306f4f9-0 bAPCpp\">\n<div class=\"inner-card-m\">\n<div class=\"related-content\">\n<p><span class=\"body-title\">Mir\u00e1 tambi\u00e9n<\/span><\/p>\n<h3>Cu\u00e1les son los efectos de la espirulina en el cerebro<\/h3>\n<source media=\"(min-width: 975px)\" width=\"340\" height=\"340\" \/><img alt=\"Cu\u00e1les son los efectos de la espirulina en el cerebro\" loading=\"lazy\" width=\"340\" height=\"340\" decoding=\"async\" data-nimg=\"1\" style=\"color:transparent\" src=\"https:\/\/13.com.ar\/wp-content\/uploads\/2025\/02\/1738742881_244_Como-afecta-la-depresion-al-cerebro-y-sus-neurotransmisores.jpg\"\/><\/div>\n<\/div>\n<\/div>\n<div class=\"sc-80531b6b-0 chRIGJ container-text text-embed\">\n<p>Como a todo le damos un contenido emocional y esta deriva en un pensamiento o una conducta, cuando falta regulaci\u00f3n, el cerebro recibe un \u201cgolpe\u201d que puede estar causado por estr\u00e9s cr\u00f3nico, soledad, traumas infantiles, acontecimientos vitales o por el consumo de sustancias. Todo esto se traduce en una <strong>alteraci\u00f3n de la conducta y del pensamiento<\/strong>.<\/p>\n<\/div>\n<div class=\"sc-80531b6b-0 chRIGJ container-text text-embed\">\n<p>Los neurocient\u00edficos saben que la interacci\u00f3n de varios genes provoca la depresi\u00f3n. Pero tambi\u00e9n que el estr\u00e9s sostenido en el tiempo produce alteraciones hormonales. La m\u00e1s com\u00fan es la del cortisol, una <strong>hormona relacionada con el estr\u00e9s<\/strong>.<\/p>\n<\/div>\n<\/div>\n<p><br \/>\n<br \/><a href=\"https:\/\/www.clarin.com\/internacional\/afecta-depresion-cerebro-neurotransmisores_0_oRocSNR1uZ.html\">Fuente Clarin.com <\/a><\/p>\n","protected":false},"excerpt":{"rendered":"<p>La depresi\u00f3n est\u00e1 considerada como una verdadera epidemia por la Organizaci\u00f3n Mundial de la Salud (OMS). Es un trastorno mental bastante com\u00fan que debe diferenciarse de los cambios habituales de estados de \u00e1nimo y sentimientos. La OMS informa que el 5% de las personas adultas, en todo el mundo, experimenta depresi\u00f3n. Son alrededor de 280 [&hellip;]<\/p>\n","protected":false},"author":1,"featured_media":2064,"comment_status":"open","ping_status":"open","sticky":false,"template":"","format":"standard","meta":{"footnotes":""},"categories":[2],"tags":[3898,791,66,3899,3900,40],"class_list":["post-2063","post","type-post","status-publish","format-standard","has-post-thumbnail","hentry","category-ultimas-noticias","tag-afecta","tag-cerebro","tag-como","tag-depresion","tag-neurotransmisores","tag-sus"],"_links":{"self":[{"href":"https:\/\/13.com.ar\/index.php\/wp-json\/wp\/v2\/posts\/2063","targetHints":{"allow":["GET"]}}],"collection":[{"href":"https:\/\/13.com.ar\/index.php\/wp-json\/wp\/v2\/posts"}],"about":[{"href":"https:\/\/13.com.ar\/index.php\/wp-json\/wp\/v2\/types\/post"}],"author":[{"embeddable":true,"href":"https:\/\/13.com.ar\/index.php\/wp-json\/wp\/v2\/users\/1"}],"replies":[{"embeddable":true,"href":"https:\/\/13.com.ar\/index.php\/wp-json\/wp\/v2\/comments?post=2063"}],"version-history":[{"count":0,"href":"https:\/\/13.com.ar\/index.php\/wp-json\/wp\/v2\/posts\/2063\/revisions"}],"wp:featuredmedia":[{"embeddable":true,"href":"https:\/\/13.com.ar\/index.php\/wp-json\/wp\/v2\/media\/2064"}],"wp:attachment":[{"href":"https:\/\/13.com.ar\/index.php\/wp-json\/wp\/v2\/media?parent=2063"}],"wp:term":[{"taxonomy":"category","embeddable":true,"href":"https:\/\/13.com.ar\/index.php\/wp-json\/wp\/v2\/categories?post=2063"},{"taxonomy":"post_tag","embeddable":true,"href":"https:\/\/13.com.ar\/index.php\/wp-json\/wp\/v2\/tags?post=2063"}],"curies":[{"name":"wp","href":"https:\/\/api.w.org\/{rel}","templated":true}]}}