{"id":20534,"date":"2025-04-28T09:16:28","date_gmt":"2025-04-28T12:16:28","guid":{"rendered":"https:\/\/13.com.ar\/index.php\/segun-francisco-antes-de-morir-la-virgen-le-dijo-prepara-tu-tumba\/"},"modified":"2025-04-28T09:16:28","modified_gmt":"2025-04-28T12:16:28","slug":"segun-francisco-antes-de-morir-la-virgen-le-dijo-prepara-tu-tumba","status":"publish","type":"post","link":"https:\/\/13.com.ar\/index.php\/segun-francisco-antes-de-morir-la-virgen-le-dijo-prepara-tu-tumba\/","title":{"rendered":"Seg\u00fan Francisco, antes de morir la virgen le dijo: &#8220;Prepara tu tumba&#8221;"},"content":{"rendered":"<p> <br \/>\n<br \/><img decoding=\"async\" src=\"https:\/\/13.com.ar\/wp-content\/uploads\/2025\/04\/Segun-Francisco-antes-de-morir-la-virgen-le-dijo-Prepara.jpg\" \/><\/p>\n<div id=\"element-body-0\">\n<p>El papa Francisco dijo inicialmente <strong>no a la propuesta<\/strong> de realizar su entierro en la Bas\u00edlica Vaticana de Santa Mar\u00eda la Mayor., pero una semana despu\u00e9s <strong>cambi\u00f3 de opini\u00f3n.<\/strong><\/p>\n<\/div>\n<div id=\"element-body-1\">\n<p>Llam\u00f3 al comisario extraordinario de la bas\u00edlica, que hoy es tambi\u00e9n su coadjutor, el cardenal lituano Rolandas Makrickas, y le dijo: &#8220;<strong>Nuestra Se\u00f1ora me dijo, &#8216;prepara la tumba&#8217;<\/strong>, estoy muy feliz de que la virgen no se haya olvidado de m\u00ed&#8221;.<\/p>\n<\/div>\n<div id=\"element-body-2\">\n<p>&#13;<br \/>\nLa revelaci\u00f3n la hizo el propio Makrickas.<\/p>\n<\/div>\n<div id=\"element-body-4\">\n<p>&#13;<br \/>\n&#8220;Hab\u00edamos discutido sobre una posible tumba durante varias reuniones&#8221;, dijo Makrickas.<\/p>\n<\/div>\n<div id=\"element-body-5\">\n<p>&#8220;Le hab\u00eda propuesto que lo enterraran all\u00ed por su devoci\u00f3n a la Salus Populi Romani, el icono mariano que se conserva en la bas\u00edlica, pero inicialmente se neg\u00f3 porque los Papas <strong>suelen ser enterrados en las Grutas Vaticanas<\/strong>&#8220;, agreg\u00f3.<\/p>\n<\/div>\n<div id=\"element-body-6\">\n<p>Luego lo pens\u00f3, despu\u00e9s de la &#8220;sugerencia&#8221; de la propia Virgen.<\/p>\n<\/div>\n<div id=\"element-body-9\">\n<p>Hace apenas dos semanas, el papa Francisco <strong>visit\u00f3 Santa Mar\u00eda la Mayor en privado, <\/strong>aunque fue sorprendido por la prensa.<\/p>\n<\/div>\n<div id=\"element-body-11\">\n<p>Parec\u00eda una de sus muchas visitas, un homenaje como otro cualquiera a Salus, la Virgen tan querida por \u00e9l, a la que hab\u00eda rendido homenaje <strong>126 veces<\/strong> y siempre con ocasi\u00f3n de sus viajes, y en cambio quiz\u00e1 Francisco ten\u00eda ya <strong>alguna oscura premonici\u00f3n.<\/strong><\/p>\n<\/div>\n<div id=\"element-body-12\">\n<p>El difunto Papa, muy devoto de la santa, hab\u00eda dicho varias veces que cuando le rezaba casi siempre recib\u00eda como se\u00f1al <strong>una rosa blanca<\/strong>. Esta flor tambi\u00e9n estaba en la capilla del Policl\u00ednico Gemelli desde donde se difundi\u00f3 la primera fotograf\u00eda del Papa hospitalizado. <\/p>\n<\/div>\n<p><br \/>\n<br \/><a href=\"https:\/\/www.clarin.com\/viste\/francisco-morir-virgen-dijo-prepara-tumba_0_8CxhhloBZy.html\">Fuente Clarin.com <\/a><\/p>\n","protected":false},"excerpt":{"rendered":"<p>El papa Francisco dijo inicialmente no a la propuesta de realizar su entierro en la Bas\u00edlica Vaticana de Santa Mar\u00eda la Mayor., pero una semana despu\u00e9s cambi\u00f3 de opini\u00f3n. Llam\u00f3 al comisario extraordinario de la bas\u00edlica, que hoy es tambi\u00e9n su coadjutor, el cardenal lituano Rolandas Makrickas, y le dijo: &#8220;Nuestra Se\u00f1ora me dijo, &#8216;prepara [&hellip;]<\/p>\n","protected":false},"author":1,"featured_media":20535,"comment_status":"open","ping_status":"open","sticky":false,"template":"","format":"standard","meta":{"footnotes":""},"categories":[2],"tags":[733,1572,917,5262,4480,227,2275,13210],"class_list":["post-20534","post","type-post","status-publish","format-standard","has-post-thumbnail","hentry","category-ultimas-noticias","tag-antes","tag-dijo","tag-francisco","tag-morir","tag-prepara","tag-segun","tag-tumba","tag-virgen"],"_links":{"self":[{"href":"https:\/\/13.com.ar\/index.php\/wp-json\/wp\/v2\/posts\/20534","targetHints":{"allow":["GET"]}}],"collection":[{"href":"https:\/\/13.com.ar\/index.php\/wp-json\/wp\/v2\/posts"}],"about":[{"href":"https:\/\/13.com.ar\/index.php\/wp-json\/wp\/v2\/types\/post"}],"author":[{"embeddable":true,"href":"https:\/\/13.com.ar\/index.php\/wp-json\/wp\/v2\/users\/1"}],"replies":[{"embeddable":true,"href":"https:\/\/13.com.ar\/index.php\/wp-json\/wp\/v2\/comments?post=20534"}],"version-history":[{"count":0,"href":"https:\/\/13.com.ar\/index.php\/wp-json\/wp\/v2\/posts\/20534\/revisions"}],"wp:featuredmedia":[{"embeddable":true,"href":"https:\/\/13.com.ar\/index.php\/wp-json\/wp\/v2\/media\/20535"}],"wp:attachment":[{"href":"https:\/\/13.com.ar\/index.php\/wp-json\/wp\/v2\/media?parent=20534"}],"wp:term":[{"taxonomy":"category","embeddable":true,"href":"https:\/\/13.com.ar\/index.php\/wp-json\/wp\/v2\/categories?post=20534"},{"taxonomy":"post_tag","embeddable":true,"href":"https:\/\/13.com.ar\/index.php\/wp-json\/wp\/v2\/tags?post=20534"}],"curies":[{"name":"wp","href":"https:\/\/api.w.org\/{rel}","templated":true}]}}