{"id":20530,"date":"2025-04-28T08:52:39","date_gmt":"2025-04-28T11:52:39","guid":{"rendered":"https:\/\/13.com.ar\/index.php\/cristina-apunto-contra-la-directora-gerente-del-fmi-y-le-recrimino-que-celebrara-un-cambio-que-nos-arruino\/"},"modified":"2025-04-28T08:52:39","modified_gmt":"2025-04-28T11:52:39","slug":"cristina-apunto-contra-la-directora-gerente-del-fmi-y-le-recrimino-que-celebrara-un-cambio-que-nos-arruino","status":"publish","type":"post","link":"https:\/\/13.com.ar\/index.php\/cristina-apunto-contra-la-directora-gerente-del-fmi-y-le-recrimino-que-celebrara-un-cambio-que-nos-arruino\/","title":{"rendered":"Cristina apunt\u00f3 contra la directora gerente del FMI y le recrimin\u00f3 que celebrara &#8220;un cambio que nos arruin\u00f3&#8221;"},"content":{"rendered":"<p> <br \/>\n<br \/><img decoding=\"async\" src=\"https:\/\/13.com.ar\/wp-content\/uploads\/2025\/04\/Cristina-apunto-contra-la-directora-gerente-del-FMI-y-le.jpg\" \/><\/p>\n<div id=\"element-body-0\">\n<p>Cristina Kirchner volvi\u00f3 este lunes a publicar un mensaje a trav\u00e9s de redes sociales con su cl\u00e1sico &#8220;che Milei&#8221;, pero esta vez <strong>le apunt\u00f3 a la directora gerente del Fondo Monetario Internacional<\/strong>, Kristalina Georgieva.<\/p>\n<\/div>\n<div id=\"element-body-1\">\n<p><strong>&#8220;Che Kristalina&#8221;<\/strong>, comienza su mensaje en su cuenta de X, y cuestiona las declaraciones de la presidenta del FMI a apoyar al Gobierno libertario en octubre, al asegurar que espera que la Argentina no se salga del cambio<\/p>\n<\/div>\n<div id=\"element-body-2\">\n<p>&#8220;\u00bfSab\u00e9s qu\u00e9 pasa, Kristalina? AC\u00c1 YA ESCUCHAMOS ESA PALABRA: \u201cCAMBIO\u201d. En 2015, gan\u00f3 Macri con ese eslogan Y CON LA PROMESA DE QUE NADIE IBA A PERDER NADA DE LO QUE YA TEN\u00cdA porque s\u00f3lo se iba a &#8216;cambiar&#8217; lo que estaba mal. Sin embargo, lo que vino fue ajuste, endeudamiento r\u00e9cord (con ustedes solos nom\u00e1s, 45.000 millones de d\u00f3lares), fuga de capitales, tarifazos, ca\u00edda del salario, cierre de f\u00e1bricas y p\u00e9rdida de soberan\u00eda&#8221;, escribi\u00f3 este lunes por la ma\u00f1ana.<\/p>\n<\/div>\n<div id=\"element-body-3\">\n<p>&#8220;EL \u201cCAMBIO\u201d QUE USTEDES CELEBRAN, NOS ARRUIN\u00d3. Y AHORA VOLVI\u00d3, EN VERSI\u00d3N RECARGADA, DE LA MANO DE MILEI. S\u00ed, ya lo creo que volvi\u00f3 el \u201ccambio\u201d\u2026 \u00a1El que les conviene a ustedes, Kristalina!&#8221;, sigui\u00f3, haciendo uso de may\u00fasculas para resaltar frases completas como suele hacer en sus \u00faltimos posteos.<\/p>\n<\/div>\n<div id=\"element-body-4\">\n<blockquote class=\"twitter-tweet\">\n<p lang=\"es\" dir=\"ltr\">CHE KRISTALINA\u2026 <\/p>\n<p>La semana pasada los argentinos est\u00e1bamos de luto por la partida del querido Papa Francisco, nuestro compatriota. Y, la verdad, no daba para estar pendientes de cada insolencia que se diga desde afuera\u2026 Pero TAMPOCO TE LA VOY A DEJAR PASAR.<\/p>\n<p>DIJISTE -y lo\u2026 <a rel=\"nofollow\" target=\"_blank\" href=\"https:\/\/t.co\/hSPyv8gIV9\">pic.twitter.com\/hSPyv8gIV9<\/a><\/p>\n<p>\u2014 Cristina Kirchner (@CFKArgentina) <a rel=\"nofollow\" target=\"_blank\" href=\"https:\/\/twitter.com\/CFKArgentina\/status\/1916809672025141559?ref_src=twsrc%5Etfw\">April 28, 2025<\/a><\/p><\/blockquote>\n<\/div>\n<p><script async src=\"\/\/platform.twitter.com\/widgets.js\" charset=\"utf-8\"><\/script><br \/>\n<br \/><br \/>\n<br \/><a href=\"https:\/\/www.clarin.com\/politica\/che-kristalina-cristina-apunto-directora-gerente-fmi-recrimino-celebrara-cambio-arruino_0_Eynk2JBSNu.html\">Fuente Clarin.com <\/a><\/p>\n","protected":false},"excerpt":{"rendered":"<p>Cristina Kirchner volvi\u00f3 este lunes a publicar un mensaje a trav\u00e9s de redes sociales con su cl\u00e1sico &#8220;che Milei&#8221;, pero esta vez le apunt\u00f3 a la directora gerente del Fondo Monetario Internacional, Kristalina Georgieva. &#8220;Che Kristalina&#8221;, comienza su mensaje en su cuenta de X, y cuestiona las declaraciones de la presidenta del FMI a apoyar [&hellip;]<\/p>\n","protected":false},"author":1,"featured_media":20531,"comment_status":"open","ping_status":"open","sticky":false,"template":"","format":"standard","meta":{"footnotes":""},"categories":[2],"tags":[1138,2856,809,16258,835,497,100,11231,323,8284,1248,16257],"class_list":["post-20530","post","type-post","status-publish","format-standard","has-post-thumbnail","hentry","category-ultimas-noticias","tag-apunto","tag-arruino","tag-cambio","tag-celebrara","tag-contra","tag-cristina","tag-del","tag-directora","tag-fmi","tag-gerente","tag-nos","tag-recrimino"],"_links":{"self":[{"href":"https:\/\/13.com.ar\/index.php\/wp-json\/wp\/v2\/posts\/20530","targetHints":{"allow":["GET"]}}],"collection":[{"href":"https:\/\/13.com.ar\/index.php\/wp-json\/wp\/v2\/posts"}],"about":[{"href":"https:\/\/13.com.ar\/index.php\/wp-json\/wp\/v2\/types\/post"}],"author":[{"embeddable":true,"href":"https:\/\/13.com.ar\/index.php\/wp-json\/wp\/v2\/users\/1"}],"replies":[{"embeddable":true,"href":"https:\/\/13.com.ar\/index.php\/wp-json\/wp\/v2\/comments?post=20530"}],"version-history":[{"count":0,"href":"https:\/\/13.com.ar\/index.php\/wp-json\/wp\/v2\/posts\/20530\/revisions"}],"wp:featuredmedia":[{"embeddable":true,"href":"https:\/\/13.com.ar\/index.php\/wp-json\/wp\/v2\/media\/20531"}],"wp:attachment":[{"href":"https:\/\/13.com.ar\/index.php\/wp-json\/wp\/v2\/media?parent=20530"}],"wp:term":[{"taxonomy":"category","embeddable":true,"href":"https:\/\/13.com.ar\/index.php\/wp-json\/wp\/v2\/categories?post=20530"},{"taxonomy":"post_tag","embeddable":true,"href":"https:\/\/13.com.ar\/index.php\/wp-json\/wp\/v2\/tags?post=20530"}],"curies":[{"name":"wp","href":"https:\/\/api.w.org\/{rel}","templated":true}]}}