{"id":20526,"date":"2025-04-28T08:43:28","date_gmt":"2025-04-28T11:43:28","guid":{"rendered":"https:\/\/13.com.ar\/index.php\/afecta-a-las-principales-ciudades-y-se-extiende-tambien-a-portugal-y-francia\/"},"modified":"2025-04-28T08:43:28","modified_gmt":"2025-04-28T11:43:28","slug":"afecta-a-las-principales-ciudades-y-se-extiende-tambien-a-portugal-y-francia","status":"publish","type":"post","link":"https:\/\/13.com.ar\/index.php\/afecta-a-las-principales-ciudades-y-se-extiende-tambien-a-portugal-y-francia\/","title":{"rendered":"afecta a las principales ciudades y se extiende tambi\u00e9n a Portugal y Francia"},"content":{"rendered":"<p> <br \/>\n<br \/><img decoding=\"async\" src=\"https:\/\/13.com.ar\/wp-content\/uploads\/2025\/04\/afecta-a-las-principales-ciudades-y-se-extiende-tambien-a.jpg\" \/><\/p>\n<div id=\"element-body-0\">\n<p>Un <strong>apag\u00f3n masivo dej\u00f3 sin luz<\/strong> a muchas de las principales ciudades de <strong>Espa\u00f1a<\/strong> y afecta tambi\u00e9n regiones de <strong>Portugal y Francia<\/strong>. Seg\u00fan el reporte de medios europeos, millones de usuarios se quedaron sin luz cerca de las 12.30 de este lunes (7.30 de la Argentina), por una falla que a\u00fan no fue reportada.<\/p>\n<\/div>\n<div id=\"element-body-1\">\n<p>Entre las ciudades afectadas por la falta de servicio el\u00e9ctrico se encuentran <strong>Madrid, Barcelona, M\u00e1laga, Sevilla y Murcia<\/strong>. La situaci\u00f3n se volvi\u00f3 cr\u00edtica en el transporte: el apag\u00f3n afecta los aeropuertos, dejaron de funcionar los sem\u00e1foros y se paralizaron los servicios de trenes y el metro.<\/p>\n<\/div>\n<div id=\"element-body-2\">\n<p>La ca\u00edda de suministro el\u00e9ctrico gener\u00f3 <strong>graves problemas en las comunicaciones<\/strong> y tambi\u00e9n provoc\u00f3 que <strong>se suspendieran muchas de las actividades que se estaban realizando este lunes<\/strong>. Entre ellas, por ejemplo, se suspendieron los partidos en juego de la Caja M\u00e1gica, en la s\u00e9ptima jornada del Masters 1000 de Madrid.<\/p>\n<\/div>\n<div id=\"element-body-3\">\n<p>Desde la compa\u00f1\u00eda Red El\u00e9ctrica se inform\u00f3 a las 12.56 de este lunes que se activaron &#8220;planes de reposici\u00f3n del suministro el\u00e9ctrico en colaboraci\u00f3n con las empresas del sector tras el cero ocurrido en el sistema peninsular&#8221; y detall\u00f3 que &#8220;<strong>se est\u00e1n analizando las causas y se est\u00e1n dedicando todos los recursos para solventarlo&#8221;<\/strong>.<\/p>\n<\/div>\n<div id=\"element-body-4\">\n<p>Seg\u00fan el gr\u00e1fico de consumo de la compa\u00f1\u00eda, que se actualiza en tiempo real, en torno a las 12.30 horas, cuando el consumo rondaba los 25.184 megavatios, <strong>se desplom\u00f3 repentinamente hasta los 12.425 megavatios<\/strong>.<\/p>\n<\/div>\n<div id=\"element-body-5\">\n<p>En Portugal, en tanto, el fallo de electricidad afect\u00f3 varias zonas del pa\u00eds, seg\u00fan informa la agencia Lusa. El problema, cuyas causas se desconocen, a\u00fan se mantiene y la electricidad no se ha recuperado a\u00fan, por lo que la gente ha salido a las calles para tratar de informarse de lo que ocurre, seg\u00fan pudo constara la agencia EFE en Lisboa.<\/p>\n<\/div>\n<p><br \/>\n<br \/><a href=\"https:\/\/www.clarin.com\/mundo\/gran-apagon-afecta-espana-extiende-portugal-francia_0_U3tIstnetb.html\">Fuente Clarin.com <\/a><\/p>\n","protected":false},"excerpt":{"rendered":"<p>Un apag\u00f3n masivo dej\u00f3 sin luz a muchas de las principales ciudades de Espa\u00f1a y afecta tambi\u00e9n regiones de Portugal y Francia. Seg\u00fan el reporte de medios europeos, millones de usuarios se quedaron sin luz cerca de las 12.30 de este lunes (7.30 de la Argentina), por una falla que a\u00fan no fue reportada. Entre [&hellip;]<\/p>\n","protected":false},"author":1,"featured_media":20527,"comment_status":"open","ping_status":"open","sticky":false,"template":"","format":"standard","meta":{"footnotes":""},"categories":[2],"tags":[3898,4551,11182,2281,48,6643,2428,440],"class_list":["post-20526","post","type-post","status-publish","format-standard","has-post-thumbnail","hentry","category-ultimas-noticias","tag-afecta","tag-ciudades","tag-extiende","tag-francia","tag-las","tag-portugal","tag-principales","tag-tambien"],"_links":{"self":[{"href":"https:\/\/13.com.ar\/index.php\/wp-json\/wp\/v2\/posts\/20526","targetHints":{"allow":["GET"]}}],"collection":[{"href":"https:\/\/13.com.ar\/index.php\/wp-json\/wp\/v2\/posts"}],"about":[{"href":"https:\/\/13.com.ar\/index.php\/wp-json\/wp\/v2\/types\/post"}],"author":[{"embeddable":true,"href":"https:\/\/13.com.ar\/index.php\/wp-json\/wp\/v2\/users\/1"}],"replies":[{"embeddable":true,"href":"https:\/\/13.com.ar\/index.php\/wp-json\/wp\/v2\/comments?post=20526"}],"version-history":[{"count":0,"href":"https:\/\/13.com.ar\/index.php\/wp-json\/wp\/v2\/posts\/20526\/revisions"}],"wp:featuredmedia":[{"embeddable":true,"href":"https:\/\/13.com.ar\/index.php\/wp-json\/wp\/v2\/media\/20527"}],"wp:attachment":[{"href":"https:\/\/13.com.ar\/index.php\/wp-json\/wp\/v2\/media?parent=20526"}],"wp:term":[{"taxonomy":"category","embeddable":true,"href":"https:\/\/13.com.ar\/index.php\/wp-json\/wp\/v2\/categories?post=20526"},{"taxonomy":"post_tag","embeddable":true,"href":"https:\/\/13.com.ar\/index.php\/wp-json\/wp\/v2\/tags?post=20526"}],"curies":[{"name":"wp","href":"https:\/\/api.w.org\/{rel}","templated":true}]}}