{"id":20520,"date":"2025-04-28T08:07:28","date_gmt":"2025-04-28T11:07:28","guid":{"rendered":"https:\/\/13.com.ar\/index.php\/argentina-hoy-viene-creciendo-a-una-velocidad-del-10-afirmo-el-presidente-y-reitero-que-la-inflacion-dejara-de-ser-un-problema-en-2026\/"},"modified":"2025-04-28T08:07:28","modified_gmt":"2025-04-28T11:07:28","slug":"argentina-hoy-viene-creciendo-a-una-velocidad-del-10-afirmo-el-presidente-y-reitero-que-la-inflacion-dejara-de-ser-un-problema-en-2026","status":"publish","type":"post","link":"https:\/\/13.com.ar\/index.php\/argentina-hoy-viene-creciendo-a-una-velocidad-del-10-afirmo-el-presidente-y-reitero-que-la-inflacion-dejara-de-ser-un-problema-en-2026\/","title":{"rendered":"&#8220;Argentina hoy viene creciendo a una velocidad del 10%&#8221;, afirm\u00f3 el Presidente y reiter\u00f3 que la inflaci\u00f3n dejar\u00e1 de ser un problema en 2026"},"content":{"rendered":"<p> <br \/>\n<br \/><img decoding=\"async\" src=\"https:\/\/13.com.ar\/wp-content\/uploads\/2025\/04\/Argentina-hoy-viene-creciendo-a-una-velocidad-del-10-afirmo.jpg\" \/><\/p>\n<p><h2>Javier Milei dijo que la Argentina crece a una velocidad del 10% y vaticino el fin de la inflaci\u00f3n en 2026<\/h2>\n<\/p>\n<div>\n<p>En medio del acto que organiz\u00f3 para condecorar al economista Jes\u00fas Huerta de Soto, el presidente Javier Milei dio un discurso (cerrado a la prensa y sin transmisi\u00f3n oficial) en el que sostuvo que la Argentina crece a una velocidad del 10% y reiter\u00f3 su pron\u00f3stico de que en 2026 la inflaci\u00f3n dejar\u00e1 de ser un problema.<\/p>\n<\/div>\n<div>\n<p>&#8220;Cuando ustedes miran los datos diciembre contra diciembre, en t\u00e9rminos desestacionalizados en el EMAE, que es el Estimador Mensual de la Actividad Econ\u00f3mica, o sea una proxy del PBI, creci\u00f3 6%. El \u00faltimo dato disponible es del 5,7%, pero el desestacionalizado es 0,8. Es decir: Argentina hoy viene creciendo a una velocidad del 10%&#8221; afirm\u00f3.<\/p>\n<\/div>\n<div>\n<p>Adem\u00e1s, al hablar del plan de estabilizaci\u00f3n y ajuste que viene aplicando desde su llegada a la Casa Rosada, sostuvo que &#8220;es de esperar que para mitad del a\u00f1o que viene la inflaci\u00f3n haya dejado de ser un problema en Argentina&#8221;.<\/p>\n<\/div>\n<p><br \/>\n<br \/><a href=\"https:\/\/www.clarin.com\/politica\/javier-milei-medidas-vivo-argentina-hoy-viene-creciendo-velocidad-10-afirmo-presidente-reitero-inflacion-dejara-problema-2026_0_uQze8Q12lw.html\">Fuente Clarin.com <\/a><\/p>\n","protected":false},"excerpt":{"rendered":"<p>Javier Milei dijo que la Argentina crece a una velocidad del 10% y vaticino el fin de la inflaci\u00f3n en 2026 En medio del acto que organiz\u00f3 para condecorar al economista Jes\u00fas Huerta de Soto, el presidente Javier Milei dio un discurso (cerrado a la prensa y sin transmisi\u00f3n oficial) en el que sostuvo que [&hellip;]<\/p>\n","protected":false},"author":1,"featured_media":20521,"comment_status":"open","ping_status":"open","sticky":false,"template":"","format":"standard","meta":{"footnotes":""},"categories":[2],"tags":[2992,288,16253,13179,100,147,1544,135,242,16254,1234,73,3774,436],"class_list":["post-20520","post","type-post","status-publish","format-standard","has-post-thumbnail","hentry","category-ultimas-noticias","tag-afirmo","tag-argentina","tag-creciendo","tag-dejara","tag-del","tag-hoy","tag-inflacion","tag-presidente","tag-problema","tag-reitero","tag-ser","tag-una","tag-velocidad","tag-viene"],"_links":{"self":[{"href":"https:\/\/13.com.ar\/index.php\/wp-json\/wp\/v2\/posts\/20520","targetHints":{"allow":["GET"]}}],"collection":[{"href":"https:\/\/13.com.ar\/index.php\/wp-json\/wp\/v2\/posts"}],"about":[{"href":"https:\/\/13.com.ar\/index.php\/wp-json\/wp\/v2\/types\/post"}],"author":[{"embeddable":true,"href":"https:\/\/13.com.ar\/index.php\/wp-json\/wp\/v2\/users\/1"}],"replies":[{"embeddable":true,"href":"https:\/\/13.com.ar\/index.php\/wp-json\/wp\/v2\/comments?post=20520"}],"version-history":[{"count":0,"href":"https:\/\/13.com.ar\/index.php\/wp-json\/wp\/v2\/posts\/20520\/revisions"}],"wp:featuredmedia":[{"embeddable":true,"href":"https:\/\/13.com.ar\/index.php\/wp-json\/wp\/v2\/media\/20521"}],"wp:attachment":[{"href":"https:\/\/13.com.ar\/index.php\/wp-json\/wp\/v2\/media?parent=20520"}],"wp:term":[{"taxonomy":"category","embeddable":true,"href":"https:\/\/13.com.ar\/index.php\/wp-json\/wp\/v2\/categories?post=20520"},{"taxonomy":"post_tag","embeddable":true,"href":"https:\/\/13.com.ar\/index.php\/wp-json\/wp\/v2\/tags?post=20520"}],"curies":[{"name":"wp","href":"https:\/\/api.w.org\/{rel}","templated":true}]}}