{"id":20513,"date":"2025-04-28T06:43:28","date_gmt":"2025-04-28T09:43:28","guid":{"rendered":"https:\/\/13.com.ar\/index.php\/el-peronismo-acelera-para-habilitar-las-reelecciones-indefinidas-para-los-legisladores-y-concejales-en-provincia\/"},"modified":"2025-04-28T06:43:28","modified_gmt":"2025-04-28T09:43:28","slug":"el-peronismo-acelera-para-habilitar-las-reelecciones-indefinidas-para-los-legisladores-y-concejales-en-provincia","status":"publish","type":"post","link":"https:\/\/13.com.ar\/index.php\/el-peronismo-acelera-para-habilitar-las-reelecciones-indefinidas-para-los-legisladores-y-concejales-en-provincia\/","title":{"rendered":"El peronismo acelera para habilitar las reelecciones indefinidas para los legisladores y concejales en Provincia"},"content":{"rendered":"<p> <br \/>\n<br \/><img decoding=\"async\" src=\"https:\/\/13.com.ar\/wp-content\/uploads\/2025\/04\/El-peronismo-acelera-para-habilitar-las-reelecciones-indefinidas-para-los.jpg\" \/><\/p>\n<div id=\"element-body-0\">\n<p>Avanzado el per\u00edodo parlamentario por tratarse de un a\u00f1o electoral, el peronismo pondr\u00e1 este mi\u00e9rcoles -el \u00faltimo d\u00eda de abril- en tratamiento en el Senado bonaerense el <strong>proyecto para habilitar las reelecciones indefinidas <\/strong>para senadores y diputados provinciales, concejales municipales y consejeros escolares. En esa iniciativa los intendentes quedaron afuera, pese a la inquietud y la presi\u00f3n para tambi\u00e9n despojarse de ese l\u00edmite de cara a 2027.<\/p>\n<\/div>\n<div id=\"element-body-1\">\n<p>El proyecto fue presentado por el senador Luis Vivona, alineado con Cristina Kirchner, con el respaldo de otros legisladores que responden a la titular del PJ como Teresa Garc\u00eda, Emmanuel Gonz\u00e1lez Santalla y Gustavo Soos. En caso de prosperar, ya en este turno electoral se levantar\u00e1 la prohibici\u00f3n de volver a presentarse para los que acumulaban m\u00e1s de un mandato.<\/p>\n<\/div>\n<div id=\"element-body-2\">\n<p>Ver\u00f3nica Magario, titular del Senado, gir\u00f3 la iniciativa a la comisi\u00f3n de Asuntos Constitucionales. Su presidente, Soos -vinculado al intendente de Merlo, Gustavo Men\u00e9ndez, y uno de los que la firm\u00f3-, convoc\u00f3 a una reuni\u00f3n este mi\u00e9rcoles. Todav\u00eda no difundi\u00f3 el temario pero en la Legislatura descuentan que incluir\u00e1 el proyecto de Vivona.<\/p>\n<\/div>\n<div id=\"element-body-3\">\n<p>A diferencia de las prolongadas disputas en torno a las fechas de las elecciones y la presentaci\u00f3n de las listas, en este caso <strong>Axel Kicillof y el kirchnerismo coincidir\u00edan en el aval a quitar la prohibici\u00f3n<\/strong> a las reelecciones indefinidas. El gobernador tambi\u00e9n est\u00e1 de acuerdo con ese esquema para los intendentes, aunque no envi\u00f3 un proyecto a la Legislatura. <strong>\u201cNi lo har\u00e1\u201d<\/strong>, adelant\u00f3 un integrante de su Gabinete.<\/p>\n<\/div>\n<div id=\"element-body-4\">\n<p>En todo caso la tensi\u00f3n y los recelos pasan por los<strong> pases de factura y el costo pol\u00edtico <\/strong>de impulsar la medida. Entre las m\u00faltiples lecturas por no estar incluidos los jefes comunales en el debate de este mi\u00e9rcoles, en la sede de la Gobernaci\u00f3n lo atribuyeron a una<strong> jugada de La C\u00e1mpora contra los intendentes<\/strong> que apoyaron a Kicillof en su decisi\u00f3n de adelantar la elecci\u00f3n provincial.<\/p>\n<\/div>\n<div id=\"element-body-5\">\n<p>Otra interpretaci\u00f3n gir\u00f3 en torno a una estrategia para arrancar con la eliminaci\u00f3n de la barrera para los legisladores y concejales, los m\u00e1s urgidos porque en poco m\u00e1s de cuatro meses tendr\u00e1n la elecci\u00f3n, y que la sanci\u00f3n funcione como un <strong>primer paso para luego liberarles el camino a los jefes comunales <\/strong>en 2026, en la previa al a\u00f1o en el que buscar\u00e1n sus nuevas reelecciones.<\/p>\n<\/div>\n<div id=\"element-body-6\">\n<p>La ley para impedir m\u00e1s de dos mandatos fue sancionada durante la gobernaci\u00f3n de Mar\u00eda Eugenia Vidal, con el respaldo del Frente Renovador de Sergio Massa. Ahora esos dos espacios adelantaron su rechazo a la derogaci\u00f3n de la normativa. <strong>\u201cNosotros ya hicimos nuestro planteo en contra de las re-reelecciones\u201d<\/strong>, asegur\u00f3 Cristian Ritondo, presidente del PRO bonaerense.<\/p>\n<\/div>\n<div id=\"element-body-7\">\n<p><strong>\u201cM\u00e1s all\u00e1 de nuestra posici\u00f3n, tienen el n\u00famero para dictaminar. Pero s\u00f3lo lo tratan para legisladores y concejales, porque tienen claro que para los intendentes no pasa\u201d<\/strong>, diferenciaron cerca de Massa. En el caso de los jefes comunales hubo tanteos para avanzar este a\u00f1o, pero esperar\u00edan al pr\u00f3ximo per\u00edodo legislativo. Con el proyecto de Vivona el peronismo procurar\u00e1 acelerar el tratamiento, lo que qued\u00f3 de manifiesto al tener a Legislaci\u00f3n General como \u00fanico giro para el debate (no se discutir\u00e1 en la de Reforma Pol\u00edtica), cuando por lo general se designa a m\u00e1s de una comisi\u00f3n.<\/p>\n<\/div>\n<p><br \/>\n<br \/><a href=\"https:\/\/www.clarin.com\/politica\/peronismo-acelera-habilitar-reelecciones-indefinidas-legisladores-concejales-provincia_0_4b4ilaEqwm.html\">Fuente Clarin.com <\/a><\/p>\n","protected":false},"excerpt":{"rendered":"<p>Avanzado el per\u00edodo parlamentario por tratarse de un a\u00f1o electoral, el peronismo pondr\u00e1 este mi\u00e9rcoles -el \u00faltimo d\u00eda de abril- en tratamiento en el Senado bonaerense el proyecto para habilitar las reelecciones indefinidas para senadores y diputados provinciales, concejales municipales y consejeros escolares. En esa iniciativa los intendentes quedaron afuera, pese a la inquietud y [&hellip;]<\/p>\n","protected":false},"author":1,"featured_media":20514,"comment_status":"open","ping_status":"open","sticky":false,"template":"","format":"standard","meta":{"footnotes":""},"categories":[2],"tags":[3422,16250,15562,16249,48,1112,28,16,1455,490,14818],"class_list":["post-20513","post","type-post","status-publish","format-standard","has-post-thumbnail","hentry","category-ultimas-noticias","tag-acelera","tag-concejales","tag-habilitar","tag-indefinidas","tag-las","tag-legisladores","tag-los","tag-para","tag-peronismo","tag-provincia","tag-reelecciones"],"_links":{"self":[{"href":"https:\/\/13.com.ar\/index.php\/wp-json\/wp\/v2\/posts\/20513","targetHints":{"allow":["GET"]}}],"collection":[{"href":"https:\/\/13.com.ar\/index.php\/wp-json\/wp\/v2\/posts"}],"about":[{"href":"https:\/\/13.com.ar\/index.php\/wp-json\/wp\/v2\/types\/post"}],"author":[{"embeddable":true,"href":"https:\/\/13.com.ar\/index.php\/wp-json\/wp\/v2\/users\/1"}],"replies":[{"embeddable":true,"href":"https:\/\/13.com.ar\/index.php\/wp-json\/wp\/v2\/comments?post=20513"}],"version-history":[{"count":0,"href":"https:\/\/13.com.ar\/index.php\/wp-json\/wp\/v2\/posts\/20513\/revisions"}],"wp:featuredmedia":[{"embeddable":true,"href":"https:\/\/13.com.ar\/index.php\/wp-json\/wp\/v2\/media\/20514"}],"wp:attachment":[{"href":"https:\/\/13.com.ar\/index.php\/wp-json\/wp\/v2\/media?parent=20513"}],"wp:term":[{"taxonomy":"category","embeddable":true,"href":"https:\/\/13.com.ar\/index.php\/wp-json\/wp\/v2\/categories?post=20513"},{"taxonomy":"post_tag","embeddable":true,"href":"https:\/\/13.com.ar\/index.php\/wp-json\/wp\/v2\/tags?post=20513"}],"curies":[{"name":"wp","href":"https:\/\/api.w.org\/{rel}","templated":true}]}}