{"id":20511,"date":"2025-04-28T06:40:36","date_gmt":"2025-04-28T09:40:36","guid":{"rendered":"https:\/\/13.com.ar\/index.php\/la-libertad-avanza-arriba-y-datos-clave-para-cristina-y-milei\/"},"modified":"2025-04-28T06:40:36","modified_gmt":"2025-04-28T09:40:36","slug":"la-libertad-avanza-arriba-y-datos-clave-para-cristina-y-milei","status":"publish","type":"post","link":"https:\/\/13.com.ar\/index.php\/la-libertad-avanza-arriba-y-datos-clave-para-cristina-y-milei\/","title":{"rendered":"La Libertad Avanza arriba y datos clave para Cristina y Milei"},"content":{"rendered":"<p> <br \/>\n<br \/><img decoding=\"async\" src=\"https:\/\/13.com.ar\/wp-content\/uploads\/2025\/04\/La-Libertad-Avanza-arriba-y-datos-clave-para-Cristina-y.jpg\" \/><\/p>\n<div id=\"element-body-0\">\n<p>Una<strong> nueva encuesta electoral <\/strong>en la <strong>provincia de Buenos Aires <\/strong>dej\u00f3 una<strong> excelente noticia<\/strong> para el <strong>Gobierno nacional<\/strong>, pero tambi\u00e9n un <strong>mensaje claro<\/strong> para<strong> oficialismo y oposici\u00f3n<\/strong>. \u00bfDe qu\u00e9 se trata? El estudio que adelanta <strong>Clar\u00edn<\/strong> este lunes ubica a<strong> La Libertad Avanza arriba<\/strong> en una tabla de <strong>intenci\u00f3n de voto<\/strong>, pero tambi\u00e9n sugiere que al peronismo y la centroderecha les conviene unirse para competir.<\/p>\n<\/div>\n<div id=\"element-body-1\">\n<p>El trabajo es de <strong><em>Sentimientos P\u00fablicos<\/em><\/strong>, la consultora que tiene como cara visible a<strong> Hern\u00e1n Vanoli<\/strong>, polit\u00f3logo recibido en la UBA, escritor e investigador. La firma hizo un relevamiento de<strong> 1.100 casos bonaerenses<\/strong>, con 3% de margen de error.<\/p>\n<\/div>\n<div id=\"element-body-2\">\n<p>El estudio tiene como eje central analizar el <strong>fen\u00f3meno de la inseguridad<\/strong> en la principal provincia del pa\u00eds (concentra cerca del 37% de los votantes). Pero termina con un <strong>interesante cuadro electoral<\/strong>.<\/p>\n<\/div>\n<div id=\"element-body-4\">\n<p>El an\u00e1lisis de la inseguridad se divide en <strong>cuatro cap\u00edtulos<\/strong>. Estos son los <strong>datos m\u00e1s destacados<\/strong> de cada uno: <\/p>\n<\/div>\n<div id=\"element-body-5\">\n<p>1) &#8220;El miedo se siente en el cuerpo y sucede en la calle. EN PBA hay una<strong> percepci\u00f3n de deterioro con respecto a la seguridad<\/strong>. Los pobres y el segmento de 29 a 43 a\u00f1os son los que m\u00e1s perciben un deterioro. La inseguridad es un flagelo centralmente sufrido por el pueblo trabajador&#8221;.<\/p>\n<\/div>\n<div id=\"element-body-6\">\n<p>2) &#8220;Los <strong>robos en las calles (35%) y a las casas (21%) son los peligros m\u00e1s temidos <\/strong>por los bonaerenses. La v\u00eda p\u00fablica es el lugar donde m\u00e1s se padece la inseguridad: un 55% tiene miedo en la calle. Y para uno de cada tres, es &#8216;en todo momento en que estoy en la calle'&#8221;.<\/p>\n<\/div>\n<div id=\"element-body-7\">\n<p>3) &#8220;Por miedo, <strong>6 de cada 10 bonaerenses dejaron de responder llamadas de desconocidos<\/strong>. Y 4 de cada 10 dejaron de salir hasta tarde o de ir a comer afuera de noche. Un cuarto, no fue a alg\u00fan evento por temor. En todos los casos, las mujeres dejaron de hacer m\u00e1s cosas que los hombres&#8221;.<\/p>\n<\/div>\n<div id=\"element-body-8\">\n<p>4) &#8220;El <strong>37% sufri\u00f3 un episodio de inseguridad en los \u00faltimos seis meses o conoce a alguien que lo padeci\u00f3<\/strong>. Y s\u00f3lo el 34% cree que la polic\u00eda es c\u00f3mplice de los delincuentes&#8221;.<\/p>\n<\/div>\n<div id=\"element-body-9\">\n<p><strong>5) &#8220;El 85% est\u00e1 de acuerdo con que &#8216;para terminar con la inseguridad el primer paso es mayor n\u00famero de patrulleros y de polic\u00edas en las calles&#8217;. El 86%, con que &#8216;hasta que los jueces dejen de ponerse del lado de los delincuentes, la inseguridad no va a ser controlada'&#8221;.<\/strong><\/p>\n<\/div>\n<div id=\"element-body-10\">\n<p>6) &#8220;Adem\u00e1s, el <strong>63% pide bajar la edad de imputabilidad <\/strong>y el 57% concuerda con que &#8216;la polic\u00eda debe tener m\u00e1s libertad para abrir fuego contra los delincuentes'&#8221;.<\/p>\n<\/div>\n<div id=\"element-body-11\">\n<p><strong>7) &#8220;Por \u00faltimo, respecto a los &#8216;principales responsables pol\u00edticos de la inseguridad en la Provincia&#8217;, el 42% se\u00f1ala al gobernador Axel Kicillof, el 28% al presidente Javier Milei y el 16% a la ministra de Seguridad de la Naci\u00f3n Patricia Bullrich&#8221;.<\/strong><\/p>\n<\/div>\n<div id=\"element-body-13\">\n<p>Sobre el final, viene el <strong>cuadro de intenci\u00f3n de voto<\/strong>. Que no especifica si se pregunta para la elecci\u00f3n local del 7 de septiembre o la nacional del 26 de octubre, que tambi\u00e9n tendr\u00e1 su pelea en la provincia de Buenos Aires. <\/p>\n<\/div>\n<div id=\"element-body-14\">\n<p>Como sea, el resultado es muy interesante. De arranque, llama la atenci\u00f3n que <strong>La Libertad Avanza lidera<\/strong> con amplia ventaja: <strong>31%<\/strong> de intenci\u00f3n de voto y <strong>10 puntos de distancia<\/strong> sobre el segundo.<\/p>\n<\/div>\n<div id=\"element-body-16\">\n<p>Cuando se mira el resto se entiende: la encuesta pone por separado a las dos variantes m\u00e1s fuertes del peronismo. El <strong>peronismo kicillofista<\/strong>, que suma <strong>21%<\/strong>; y el <strong>peronismo kirchnerista<\/strong>, que llega a <strong>17%<\/strong>. <\/p>\n<\/div>\n<div id=\"element-body-17\">\n<p>Si se suman, dan 38%, que es el mismo porcentaje al que llega la centroderecha si a los 31 puntos de La Libertad Avanza se les agregan los 7% de Juntos por el Cambio, que ya no existe como tal pero se supone que capta aqu\u00ed el voto del PRO. <\/p>\n<\/div>\n<div id=\"element-body-18\">\n<p><strong>Y ese es un mensaje claro tanto para Cristina Kirchner y Javier Milei, como para Axel Kicillof y Mauricio Macri. A todos parece convenirles una alianza. Si es que su objetivo, claro, es vencer a la contraparte de la grieta&#8230;<\/strong><\/p>\n<\/div>\n<div id=\"element-body-19\">\n<p>Volviendo a la tabla electoral, debajo completan: radicalismo 3%, izquierda 3%, blanco\/nulo 3%, otro 1%, m\u00e1s 14% de indecisos.<\/p>\n<\/div>\n<p><br \/>\n<br \/><a href=\"https:\/\/www.clarin.com\/politica\/nueva-encuesta-electoral-provincia-libertad-avanza-arriba-datos-clave-cristina-milei_0_v0mnsPKX9u.html\">Fuente Clarin.com <\/a><\/p>\n","protected":false},"excerpt":{"rendered":"<p>Una nueva encuesta electoral en la provincia de Buenos Aires dej\u00f3 una excelente noticia para el Gobierno nacional, pero tambi\u00e9n un mensaje claro para oficialismo y oposici\u00f3n. \u00bfDe qu\u00e9 se trata? El estudio que adelanta Clar\u00edn este lunes ubica a La Libertad Avanza arriba en una tabla de intenci\u00f3n de voto, pero tambi\u00e9n sugiere que [&hellip;]<\/p>\n","protected":false},"author":1,"featured_media":20512,"comment_status":"open","ping_status":"open","sticky":false,"template":"","format":"standard","meta":{"footnotes":""},"categories":[2],"tags":[2949,253,272,497,3542,1792,77,16],"class_list":["post-20511","post","type-post","status-publish","format-standard","has-post-thumbnail","hentry","category-ultimas-noticias","tag-arriba","tag-avanza","tag-clave","tag-cristina","tag-datos","tag-libertad","tag-milei","tag-para"],"_links":{"self":[{"href":"https:\/\/13.com.ar\/index.php\/wp-json\/wp\/v2\/posts\/20511","targetHints":{"allow":["GET"]}}],"collection":[{"href":"https:\/\/13.com.ar\/index.php\/wp-json\/wp\/v2\/posts"}],"about":[{"href":"https:\/\/13.com.ar\/index.php\/wp-json\/wp\/v2\/types\/post"}],"author":[{"embeddable":true,"href":"https:\/\/13.com.ar\/index.php\/wp-json\/wp\/v2\/users\/1"}],"replies":[{"embeddable":true,"href":"https:\/\/13.com.ar\/index.php\/wp-json\/wp\/v2\/comments?post=20511"}],"version-history":[{"count":0,"href":"https:\/\/13.com.ar\/index.php\/wp-json\/wp\/v2\/posts\/20511\/revisions"}],"wp:featuredmedia":[{"embeddable":true,"href":"https:\/\/13.com.ar\/index.php\/wp-json\/wp\/v2\/media\/20512"}],"wp:attachment":[{"href":"https:\/\/13.com.ar\/index.php\/wp-json\/wp\/v2\/media?parent=20511"}],"wp:term":[{"taxonomy":"category","embeddable":true,"href":"https:\/\/13.com.ar\/index.php\/wp-json\/wp\/v2\/categories?post=20511"},{"taxonomy":"post_tag","embeddable":true,"href":"https:\/\/13.com.ar\/index.php\/wp-json\/wp\/v2\/tags?post=20511"}],"curies":[{"name":"wp","href":"https:\/\/api.w.org\/{rel}","templated":true}]}}