{"id":20509,"date":"2025-04-28T06:37:50","date_gmt":"2025-04-28T09:37:50","guid":{"rendered":"https:\/\/13.com.ar\/index.php\/se-fugo-de-la-carcel-en-uruguay-mato-a-sus-dos-socios-narco-en-recoleta-y-pilar-y-vivia-entre-el-gimnasio-y-cocodrilo\/"},"modified":"2025-04-28T06:37:50","modified_gmt":"2025-04-28T09:37:50","slug":"se-fugo-de-la-carcel-en-uruguay-mato-a-sus-dos-socios-narco-en-recoleta-y-pilar-y-vivia-entre-el-gimnasio-y-cocodrilo","status":"publish","type":"post","link":"https:\/\/13.com.ar\/index.php\/se-fugo-de-la-carcel-en-uruguay-mato-a-sus-dos-socios-narco-en-recoleta-y-pilar-y-vivia-entre-el-gimnasio-y-cocodrilo\/","title":{"rendered":"Se fug\u00f3 de la c\u00e1rcel en Uruguay, mat\u00f3 a sus dos socios narco en Recoleta y Pilar y viv\u00eda entre el gimnasio y Cocodrilo"},"content":{"rendered":"<p> <br \/>\n<\/p>\n<div id=\"cuerpo\">\n<div class=\"sc-80531b6b-0 chRIGJ container-text text-embed\" id=\"element-body-0\">\n<p>Iba todos los d\u00edas al gimnasio y se hab\u00eda hecho un grupo de amigos en el Megatlon de Pilar. Manejaba un BMW M235i (valuado en 100 mil d\u00f3lares uno 0 km) y le gustaba la noche porte\u00f1a, m\u00e1s aun cuando pod\u00eda rumbear para Recoleta y pasarla en Cocodrilo. As\u00ed viv\u00eda hasta hace muy poco el uruguayo Nicol\u00e1s Caraballo Escobar (30). Pero ya no.<\/p>\n<\/div>\n<div class=\"sc-80531b6b-0 chRIGJ container-text text-embed\" id=\"element-body-1\">\n<p>Tras descubrir que hab\u00eda entrado a nuestro pa\u00eds en 2023 con una identidad falsa, el juez federal de Campana Adri\u00e1n Gonz\u00e1lez Charvay orden\u00f3 su captura nacional e internacional acusado de dos asesinatos narco ocurridos en 2024 con apenas dos meses de diferencia: el de Marcelo Gonz\u00e1lez Algerini (36) \u2013fusilado en Derqui, Pilar, el 12 de octubre\u2013 y el de Fabi\u00e1n Sturm Jard\u00f3n (42), emboscado cuando estaba a punto de entrar a su edificio de Paraguay al 2900, en Recoleta, el 13 de diciembre.<strong> Los dos eran sus ex socios, los dos uruguayos.<\/strong><\/p>\n<\/div>\n<div class=\"sc-80531b6b-0 chRIGJ container-text text-embed\" id=\"element-body-2\">\n<p>Ambos homicidios fueron al mejor estilo sicarial, y no por casualidad. V\u00edctimas y victimario estaban metidos en la <strong>venta de coca\u00edna<\/strong> e incluso Caraballo Escobar hab\u00eda sido importado a la Argentina para trabajar como<strong> asesino a sueldo<\/strong> de una banda narco.<\/p>\n<\/div>\n<div class=\"sc-80531b6b-0 chRIGJ container-text text-embed\" id=\"element-body-3\">\n<p>Seg\u00fan su prontuario, matar era algo natural para \u00e9l. Por un crimen estaba preso en la Unidad 4 de Montevideo, de donde se fug\u00f3 la tarde del martes 23 de agosto de 2022: sali\u00f3 de la c\u00e1rcel sin que nadie lo notara escondido en un volquete, luego de ubicarse en el puesto estrat\u00e9gico de &#8220;limpieza&#8221; en el m\u00f3dulo 8 del penal. Se fue sin disparar un tiro, a plena luz del d\u00eda y en las narices de los guardias. Fue un esc\u00e1ndalo.<\/p>\n<\/div>\n<div class=\"sc-80531b6b-0 chRIGJ container-text text-embed\" id=\"element-body-4\">\n<p>Nicol\u00e1s Caraballo Escobar, por entonces de 28 a\u00f1os, ten\u00eda prisi\u00f3n preventiva como coautor del crimen de una cartonera\/cuidacoches. La mujer qued\u00f3 en medio de un tiroteo entre bandas narco rivales en noviembre de 2021. Caraballo Escobar ya hab\u00eda conocido el encierro con cargos menores: tenencia de drogas, tenencia de armas, rapi\u00f1a.<\/p>\n<\/div>\n<div class=\"sc-98b114a2-0 bkqiHH image-embed  image-embed \" id=\"element-body-5\"><picture class=\"sc-98b114a2-1 jRUlDm\"><source media=\"(min-width: 975px)\" width=\"720\" height=\"480\" \/><img alt=\"El sicario pr\u00f3fugo era habitu\u00e9 de Cocodrilo, en Recoleta.\" loading=\"lazy\" width=\"720\" height=\"480\" decoding=\"async\" data-nimg=\"1\" style=\"color:transparent\" src=\"https:\/\/13.com.ar\/wp-content\/uploads\/2025\/04\/Se-fugo-de-la-carcel-en-Uruguay-mato-a-sus.jpg\"\/><span class=\"epigraphe\">El sicario pr\u00f3fugo era habitu\u00e9 de Cocodrilo, en Recoleta.<\/span><span class=\"picture-open\"><button class=\"open-image\" aria-label=\"Open Image\"\/><\/span><\/picture><\/div>\n<div class=\"sc-80531b6b-0 chRIGJ container-text text-embed\" id=\"element-body-6\">\n<p>Tras la fuga, se escondi\u00f3 primero en Brasil y entr\u00f3 a la Argentina en 2023 como Joaqu\u00edn Amoros Sanguinetti, identidad que pertenece a un uruguayo preso en su pa\u00eds.<\/p>\n<\/div>\n<div class=\"sc-80531b6b-0 chRIGJ container-text text-embed\" id=\"element-body-7\">\n<p>La reconstrucci\u00f3n de su vida, hecha al detalle por la Divisi\u00f3n Homicidios de la Polic\u00eda Federal, sostiene que a la Argentina lleg\u00f3 sin un peso pero con un contacto que le present\u00f3 a Fabi\u00e1n Sturm Jard\u00f3n. Fue este \u00faltimo el que lo llev\u00f3 para Pilar. Se hicieron amigos y socios. A la dupla se sum\u00f3 luego Gonz\u00e1lez Algerini.<\/p>\n<\/div>\n<div class=\"sc-80531b6b-0 chRIGJ container-text text-embed\" id=\"element-body-8\">\n<p>Pero todo termin\u00f3 en una guerra de venganzas cruzadas.<\/p>\n<\/div>\n<div class=\"sc-98b114a2-0 bkqiHH image-embed  image-embed \" id=\"element-body-9\"><picture class=\"sc-98b114a2-1 jRUlDm\"><source media=\"(min-width: 975px)\" width=\"720\" height=\"480\" \/><img alt=\"Nicol\u00e1s Caraballo Escobar, se fug\u00f3 en 2022 de un penal de Montevideo\" loading=\"lazy\" width=\"720\" height=\"480\" decoding=\"async\" data-nimg=\"1\" style=\"color:transparent\" src=\"https:\/\/13.com.ar\/wp-content\/uploads\/2025\/04\/1745833069_666_Se-fugo-de-la-carcel-en-Uruguay-mato-a-sus.jpg\"\/><span class=\"epigraphe\">Nicol\u00e1s Caraballo Escobar, se fug\u00f3 en 2022 de un penal de Montevideo<\/span><span class=\"picture-open\"><button class=\"open-image\" aria-label=\"Open Image\"\/><\/span><\/picture><\/div>\n<p><h2>Los cr\u00edmenes<\/h2>\n<\/p>\n<div class=\"sc-80531b6b-0 chRIGJ container-text text-embed\" id=\"element-body-11\">\n<p>El primero de los tres episodios que investiga la Procunar, el fiscal Sebasti\u00e1n Bringas y el juez federal Gonz\u00e1lez Charvay ocurri\u00f3 la noche del 25 de septiembre de 2024 en Pilar: poco despu\u00e9s de las 22, el m\u00f3vil 55521 del Comando de Patrullas de Pilar fue enviado a Las Camelias al 2300 porque los vecinos hab\u00edan reportado disparos.<\/p>\n<\/div>\n<div class=\"sc-80531b6b-0 chRIGJ container-text text-embed\" id=\"element-body-12\">\n<p>Cuando los polic\u00edas llegaron al lugar se encontraron con un hombre que se identific\u00f3 con su pasaporte uruguayo a nombre de Joaqu\u00edn Andr\u00e9s Amoros Sanguinetti, de 27 a\u00f1os (en realidad era Nicol\u00e1s Caraballo Escobar). Pese a no tener ocupaci\u00f3n declarada, el joven viv\u00eda en una linda casa a la que acababa de llegar en su auto, un flamante BMW modelo M235i.<\/p>\n<\/div>\n<div class=\"sc-98b114a2-0 bkqiHH image-embed  image-embed \" id=\"element-body-13\"><picture class=\"sc-98b114a2-1 jRUlDm\"><source media=\"(min-width: 975px)\" width=\"720\" height=\"480\" \/><img alt=\"Foto ilustrativa: el BMW M235i, un auto de lujo como el que manejaba Caraballo Escobar.\" loading=\"lazy\" width=\"720\" height=\"480\" decoding=\"async\" data-nimg=\"1\" style=\"color:transparent\" src=\"https:\/\/13.com.ar\/wp-content\/uploads\/2025\/04\/1745833069_235_Se-fugo-de-la-carcel-en-Uruguay-mato-a-sus.jpg\"\/><span class=\"epigraphe\">Foto ilustrativa: el BMW M235i, un auto de lujo como el que manejaba Caraballo Escobar.<\/span><span class=\"picture-open\"><button class=\"open-image\" aria-label=\"Open Image\"\/><\/span><\/picture><\/div>\n<div class=\"sc-80531b6b-0 chRIGJ container-text text-embed\" id=\"element-body-14\">\n<p>Amoros Sanguinetti (l\u00e9ase Caraballo Escobar) detuvo su BMW y, de la nada, le apareci\u00f3 una <strong>camioneta negra sin patente<\/strong>. \u00c9l declar\u00f3 que le quisieron robar el auto, pero la Justicia est\u00e1 segura de que lo quisieron matar. Cuando empez\u00f3 a correr le dispararon 17 veces. El video de las c\u00e1maras de seguridad habla por si mismo.<\/p>\n<\/div>\n<div class=\"sc-80531b6b-0 chRIGJ container-text text-embed\" id=\"element-body-15\">\n<p>Lo que ahora cree la Justicia es que los atacantes fueron Sturm Jard\u00f3n y Gonz\u00e1lez Algerini (36), que hab\u00edan entrado a su casa media hora antes para <strong>robar plata o droga<\/strong>. La idea era robarlo y matarlo para que la mexicaneada no saltara. Al quedar vivo, Caraballo Escobar se dio cuenta lo que habian hecho sus &#8220;amigos&#8221; y decidi\u00f3 vengarse.<\/p>\n<\/div>\n<div class=\"sc-c2c2a3c6-0 ecgiEX border-video video-embed horizontal border-video video-embed horizontal\" id=\"element-body-16\">\n<div class=\"sc-c2c2a3c6-1 kQhBlc videoText videoText\">\n<h2>Video<\/h2>\n<p>La investigaci\u00f3n el crimen de Fabi\u00e1n Sturm Jard\u00f3n.<\/p>\n<\/div>\n<\/div>\n<div class=\"sc-80531b6b-0 chRIGJ container-text text-embed\" id=\"element-body-17\">\n<p>La tardecita del s\u00e1bado 12 de octubre 2024, el uruguayo Marcelo Gonz\u00e1lez Algerini par\u00f3 en un kiosco de San Cayetano al 800 en el barrio Monterrey de Derqui. Iba manejando su camioneta Chevrolet Tracker y a su lado iba sentado Te\u00f3filo Am\u00e9rico Sturm Gonz\u00e1lez (80), padre de su amigo y socio, Fabi\u00e1n Sturm Jard\u00f3n.<\/p>\n<\/div>\n<div class=\"sc-80531b6b-0 chRIGJ container-text text-embed\" id=\"element-body-18\">\n<p>No bien Te\u00f3filo se baj\u00f3 de la camioneta para comprar algo, apareci\u00f3 un<strong> Jeep Renegade<\/strong>. En ese Jeep, abandonado luego en La Lonja, iba el falso Joaqu\u00edn Andr\u00e9s Amoros Sanguinetti, quien se puso a la par de la Tracker y le dispar\u00f3 a Gonz\u00e1lez Algerini <strong>10 balazos a quemarropa<\/strong>. Cuatro fueron los mortales.<\/p>\n<\/div>\n<div class=\"sc-80531b6b-0 chRIGJ container-text text-embed\" id=\"element-body-19\">\n<p>Cuando a las pocas horas la Polic\u00eda allan\u00f3 la casa de Algerini en el barrio semi cerrado Finca San Agust\u00edn, encontr\u00f3 una <strong>prensa hidr\u00e1ulica, una balanza electr\u00f3nica, bowls y elementos con restos de coca\u00edna<\/strong>. Se dice que Sturm lleg\u00f3 antes y rescat\u00f3 tres kilos de coca\u00edna. En ese operativo tambi\u00e9n se secuestraron <strong>694.011 d\u00f3lares<\/strong>, pero estos nunca llegaron al juzgado: la Polic\u00eda aleg\u00f3 que era un <strong>error de tipeo y mand\u00f3 solo 69 d\u00f3lares<\/strong>. Por este incidente se inici\u00f3 una causa aparte.<\/p>\n<\/div>\n<div class=\"sc-98b114a2-0 bkqiHH image-embed  image-embed \" id=\"element-body-20\"><picture class=\"sc-98b114a2-1 jRUlDm\"><source media=\"(min-width: 975px)\" width=\"720\" height=\"480\" \/><img alt=\"Los uruguayos Marcelo Gonz\u00e1lez Algerini (36) y Fabi\u00e1n Sturm Jard\u00f3n (42) eran socios. Los mataron con la misma pistola, en Pilar y en Recoleta, con dos meses de diferencia.\" loading=\"lazy\" width=\"720\" height=\"480\" decoding=\"async\" data-nimg=\"1\" style=\"color:transparent\" src=\"https:\/\/13.com.ar\/wp-content\/uploads\/2025\/04\/1745833070_266_Se-fugo-de-la-carcel-en-Uruguay-mato-a-sus.jpg\"\/><span class=\"epigraphe\">Los uruguayos Marcelo Gonz\u00e1lez Algerini (36) y Fabi\u00e1n Sturm Jard\u00f3n (42) eran socios. Los mataron con la misma pistola, en Pilar y en Recoleta, con dos meses de diferencia.<\/span><span class=\"picture-open\"><button class=\"open-image\" aria-label=\"Open Image\"\/><\/span><\/picture><\/div>\n<div class=\"sc-80531b6b-0 chRIGJ container-text text-embed\" id=\"element-body-21\">\n<p>En el caso declar\u00f3 r\u00e1pidamente la novia de Gonz\u00e1lez Algerini. Dijo que su pareja y Sturm Jard\u00f3n eran los que hab\u00edan atacado en septiembre a su compatriota (el del BMW y la identidad falsa) y que Sturm y su novio eran socios.<\/p>\n<\/div>\n<div class=\"sc-80531b6b-0 chRIGJ container-text text-embed\" id=\"element-body-22\">\n<p>Como si a la historia le faltaran ingredientes, la Procunar intervino en este caso porque el muerto, es decir Marcelo Gonz\u00e1lez Algerini, estaba siendo buscado por la Justicia Federal de Lomas de Zamora acusado de pertenecer a la banda que en junio hab\u00eda sido detenida con un gran cargamento de droga.<\/p>\n<\/div>\n<div class=\"sc-80531b6b-0 chRIGJ container-text text-embed\" id=\"element-body-23\">\n<p>Los narcos estaban alojados desde hac\u00eda meses en un complejo de caba\u00f1as en la pintoresca pero remota localidad de Caviahue, en el oeste de Neuqu\u00e9n, muy cerca del l\u00edmite con Chile. No lo sab\u00edan, pero los investigadores les ven\u00edan siguiendo el rastro. En un megaoperativo los allanaron y les encontraron <strong>783 kilos de coca\u00edna lista para traficar<\/strong>, valuada en 15 millones de d\u00f3lares.<\/p>\n<\/div>\n<p><h2>El \u00faltimo muerto<\/h2>\n<\/p>\n<div class=\"sc-80531b6b-0 chRIGJ container-text text-embed\" id=\"element-body-25\">\n<p>Fabian Sturm Jard\u00f3n ten\u00eda miedo de que lo mataran. Por eso se escond\u00eda en un departamento de Recoleta. En un momento se pens\u00f3 que tanto \u00e9l como su padre Te\u00f3filo, estaban implicados en la muerte de Gonz\u00e1lez Algerini. Fabi\u00e1n lleg\u00f3 a tener orden de captura por el crimen de su socio y su padre estuvo detenido pero recientemente lo sobreseyeron.<\/p>\n<\/div>\n<div class=\"sc-80531b6b-0 chRIGJ container-text text-embed\" id=\"element-body-26\">\n<p>Ahora la principal teor\u00eda del crimen de Sturm apunta a un ajuste de cuentas por aquel primer ataque de Pilar contra un hombre que durante meses fue un fantasma y ahora, con nombre y apellido, es buscado por Interpol.<\/p>\n<\/div>\n<div class=\"sc-80531b6b-0 chRIGJ container-text text-embed\" id=\"element-body-27\">\n<p> La muerte de Sturm Jard\u00f3n desde el principio tuvo caracter\u00edsticas mafiosas: El asesino \u2013que llevaba una peluca y un arma con un dispositivo tipo silenciador\u2013 lo estaba esperando dentro de un Volkswagen Suran que hab\u00eda estacionado horas antes en Paraguay al 2900 justo en la vereda del departamento que hab\u00eda alquilado su victima para esconderse. Claramente fue una emboscada.<\/p>\n<\/div>\n<div class=\"sc-80531b6b-0 chRIGJ container-text text-embed\" id=\"element-body-28\">\n<p>Cuando lo vio bajar de su Renault Logan, el asesino sali\u00f3 del Suran, fue directamente hacia \u00e9l y le dispar\u00f3 tres tiros por la espalda. Luego le sac\u00f3 la ri\u00f1onera y se fue caminando, dejando el auto ah\u00ed. Por la tarde se confirm\u00f3 que el Suran era robado. Casi inmediatamente del an\u00e1lisis de las c\u00e1maras se determin\u00f3 que tambi\u00e9n particip\u00f3 un auto de apoyo, un Fiat Cronos rojo que fue encontrado a pocas cuadras, en el barrio del Abasto.<\/p>\n<\/div>\n<div class=\"sc-c2c2a3c6-0 ecgiEX border-video video-embed horizontal border-video video-embed horizontal\" id=\"element-body-29\">\n<div class=\"sc-c2c2a3c6-1 kQhBlc videoText videoText\">\n<h2>Video<\/h2>\n<p>Crimen en Recoleta. As\u00ed mataron a un hombre de cinco balazos<\/p>\n<\/div>\n<\/div>\n<div class=\"sc-80531b6b-0 chRIGJ container-text text-embed\" id=\"element-body-30\">\n<p>En el auto se secuestraron guantes, la pistola 9 mil\u00edmetros con silenciador y una bolsa id\u00e9ntica a la que llevaba el asesino en su mano izquierda.<\/p>\n<\/div>\n<\/div>\n<p><br \/>\n<br \/><a href=\"https:\/\/www.clarin.com\/policiales\/fugo-carcel-uruguay-mato-socios-narco-recoleta-pilar-vivia-gimnasio-cocodrilo_0_fvSomy3NGg.html\">Fuente Clarin.com <\/a><\/p>\n","protected":false},"excerpt":{"rendered":"<p>Iba todos los d\u00edas al gimnasio y se hab\u00eda hecho un grupo de amigos en el Megatlon de Pilar. Manejaba un BMW M235i (valuado en 100 mil d\u00f3lares uno 0 km) y le gustaba la noche porte\u00f1a, m\u00e1s aun cuando pod\u00eda rumbear para Recoleta y pasarla en Cocodrilo. As\u00ed viv\u00eda hasta hace muy poco el [&hellip;]<\/p>\n","protected":false},"author":1,"featured_media":20510,"comment_status":"open","ping_status":"open","sticky":false,"template":"","format":"standard","meta":{"footnotes":""},"categories":[2],"tags":[1411,7703,59,351,5692,2945,1384,1326,1155,1603,6683,40,2436,16248],"class_list":["post-20509","post","type-post","status-publish","format-standard","has-post-thumbnail","hentry","category-ultimas-noticias","tag-carcel","tag-cocodrilo","tag-dos","tag-entre","tag-fugo","tag-gimnasio","tag-mato","tag-narco","tag-pilar","tag-recoleta","tag-socios","tag-sus","tag-uruguay","tag-vivia"],"_links":{"self":[{"href":"https:\/\/13.com.ar\/index.php\/wp-json\/wp\/v2\/posts\/20509","targetHints":{"allow":["GET"]}}],"collection":[{"href":"https:\/\/13.com.ar\/index.php\/wp-json\/wp\/v2\/posts"}],"about":[{"href":"https:\/\/13.com.ar\/index.php\/wp-json\/wp\/v2\/types\/post"}],"author":[{"embeddable":true,"href":"https:\/\/13.com.ar\/index.php\/wp-json\/wp\/v2\/users\/1"}],"replies":[{"embeddable":true,"href":"https:\/\/13.com.ar\/index.php\/wp-json\/wp\/v2\/comments?post=20509"}],"version-history":[{"count":0,"href":"https:\/\/13.com.ar\/index.php\/wp-json\/wp\/v2\/posts\/20509\/revisions"}],"wp:featuredmedia":[{"embeddable":true,"href":"https:\/\/13.com.ar\/index.php\/wp-json\/wp\/v2\/media\/20510"}],"wp:attachment":[{"href":"https:\/\/13.com.ar\/index.php\/wp-json\/wp\/v2\/media?parent=20509"}],"wp:term":[{"taxonomy":"category","embeddable":true,"href":"https:\/\/13.com.ar\/index.php\/wp-json\/wp\/v2\/categories?post=20509"},{"taxonomy":"post_tag","embeddable":true,"href":"https:\/\/13.com.ar\/index.php\/wp-json\/wp\/v2\/tags?post=20509"}],"curies":[{"name":"wp","href":"https:\/\/api.w.org\/{rel}","templated":true}]}}