{"id":20507,"date":"2025-04-28T06:34:35","date_gmt":"2025-04-28T09:34:35","guid":{"rendered":"https:\/\/13.com.ar\/index.php\/la-historia-de-la-escuela-argentina-en-armenia-fundada-en-tiempos-de-menem-y-que-ahora-lleva-la-foto-de-milei\/"},"modified":"2025-04-28T06:34:35","modified_gmt":"2025-04-28T09:34:35","slug":"la-historia-de-la-escuela-argentina-en-armenia-fundada-en-tiempos-de-menem-y-que-ahora-lleva-la-foto-de-milei","status":"publish","type":"post","link":"https:\/\/13.com.ar\/index.php\/la-historia-de-la-escuela-argentina-en-armenia-fundada-en-tiempos-de-menem-y-que-ahora-lleva-la-foto-de-milei\/","title":{"rendered":"La historia de la escuela argentina en Armenia, fundada en tiempos de Menem y que ahora lleva la foto de Milei"},"content":{"rendered":"<p> <br \/>\n<br \/><img decoding=\"async\" src=\"https:\/\/13.com.ar\/wp-content\/uploads\/2025\/04\/La-historia-de-la-escuela-argentina-en-Armenia-fundada-en.jpg\" \/><\/p>\n<div id=\"element-body-0\">\n<p>Aram tiene 10 a\u00f1os y se divierte lanzando, con claridad, un &#8220;<em>Hola, \u00bfc\u00f3mo est\u00e1s? \u00bfC\u00f3mo te llamas?<\/em>&#8221; Minutos despu\u00e9s se lo oye m\u00e1s fluido hablando ruso e ingl\u00e9s.<\/p>\n<\/div>\n<div id=\"element-body-1\">\n<p>No hay dudas de que tiene facilidad para los idiomas. Pero el ni\u00f1o es tambi\u00e9n un s\u00edmbolo de lo que transmite la<strong> escuela Rep\u00fablica Argentina de Erev\u00e1n<\/strong>, un establecimiento importante de primario y secundario ubicado en el coraz\u00f3n de esta capital, que se fund\u00f3 bajo el Gobierno de Carlos Menem, en 1993, donde la colectividad armenia tuvo un rol importante y hoy tiene <strong>en una pared destacada la foto de la m\u00e1xima autoridad argentina, es decir, Javier Milei<\/strong> con su banda presidencial, adem\u00e1s de una bandera argentina al lado de la Armenia. Algo que posiblemente el presidente y muchos argentinos desconozcan.<\/p>\n<\/div>\n<div id=\"element-body-2\">\n<p>En la puerta de afuera hay un busto de Jos\u00e9 de San Mart\u00edn, y una placa por su fundaci\u00f3n, y otra por el recorrido que hizo por el establecimiento Menem, durante su visita en 1998. Menem es el \u00fanico presidente argentino que vino a Armenia.<\/p>\n<\/div>\n<div id=\"element-body-3\">\n<p>La escuela Rep\u00fablica Argentina, de Erevan fue fundada el 21 de septiembre de 1993, como una donaci\u00f3n de la Fundaci\u00f3n Arzoumanian, la obra filantr\u00f3pica de los hermanos Bogh\u00f3s Arzoumanian y Siranush Arzoumanian,<\/p>\n<\/div>\n<div id=\"element-body-4\">\n<p>Ambos llegaron a la Argentina solos por completo, ni\u00f1os hu\u00e9rfanos a su \u00fanica familia, un t\u00edo.<\/p>\n<\/div>\n<div id=\"element-body-6\">\n<p>Para entonces, este pa\u00eds era ya la Rep\u00fablica Socialista Sovi\u00e9tica Armenia, parte de la desaparecida Uni\u00f3n Sovi\u00e9tica. La mayor\u00eda de los armenios que huyeron entonces de su territorio lo hicieron tras las persecuciones contra su pueblo al calor de la Primera Guerra Mundial y la ca\u00edda de los imperios ruso y otomano, responsables estos \u00faltimos de lo que se conoce como el <strong>primer genocidio del siglo XX<\/strong>. El de <strong>un mill\u00f3n y medio de armenios<\/strong>, entre 1915 y 1917, y de cuyo inicio se acaban de cumplir 110 a\u00f1os, con <strong>Clar\u00edn <\/strong>en Erevan.<\/p>\n<\/div>\n<div id=\"element-body-7\">\n<p>Siranush Arzoumanian continu\u00f3 su obra en la Argentina con quien fue su esposo,  Arm\u00e9n Mezadourian.<\/p>\n<\/div>\n<div id=\"element-body-8\">\n<p>Primero, con su hermano,  hicieron donaciones para la creaci\u00f3n en Argentina de la Escuela N\u00ba 8 del Distrito Escolar 9. All\u00ed, en los jardines del Arzobispado de la Iglesia Apost\u00f3lica Armenia, de la calle del mismo nombre se alza el monumento recordatorio del genocidio, posible tambi\u00e9n con otras donaciones an\u00f3nimas.<\/p>\n<\/div>\n<div id=\"element-body-9\">\n<p>Por su parte, la historia de la escuela argentina en Erevan sintetiza fuertemente la situaci\u00f3n de Argentina.<\/p>\n<\/div>\n<div id=\"element-body-11\">\n<p>Si su fundaci\u00f3n cobr\u00f3 m\u00e1s significado durante la visita de Menem a este pa\u00eds \u2013fue el \u00fanico presidente argentino en hacerlo, en 1998, despu\u00e9s, s\u00f3lo volvieron tres cancilleres (el \u00faltimo H\u00e9ctor Timerman, en 2012) y Amadou Boudou, siendo vicepresidente, en 2013. Pero Menem fue el \u00fanico alto funcionario argentino que le hizo un recorrido y una placa en su puerta lo recuerda.<\/p>\n<\/div>\n<div id=\"element-body-12\">\n<p>Luego fueron los diplom\u00e1ticos argentinos los que mantuvieron cierta presencia cultural en el establecimiento, que rinde m\u00e1s tributo a la Argentina que la propia Argentina en Armenia. La \u00faltima recorrida importante la hizo el ex embajador en Erevan, Mariano Vergara, subsecretario de Asuntos Americanos hasta hace unos meses. <\/p>\n<\/div>\n<div id=\"element-body-13\">\n<p>La <strong>escuela es p\u00fablica y estudian alumnos de primario.<\/strong> Si en alg\u00fan momento hubo chicos argentinos, hoy la mayor\u00eda es armenia, o rusa. En ella aprenden el himno nacional argentino, hay clases de espa\u00f1ol, les ense\u00f1an algo de costumbres y cultura argentina. <\/p>\n<\/div>\n<div id=\"element-body-14\">\n<p>Al momento de la visita que hizo <strong>Clar\u00edn <\/strong>hab\u00eda una muestra de fotos del Buenos Aires armenio, los colegios, las plazas, sus monumentos. El ex embajador argentino y ahora ex secretario de Asuntos Americanos, Mariano Vergara, la visit\u00f3 en 2023 en se\u00f1al de presencia argentina.<\/p>\n<\/div>\n<div id=\"element-body-16\">\n<p>El empresario Eduardo Eurnekian hizo reiteradas donaciones de computadoras y elementos que permit\u00edan compartir las culturas.<\/p>\n<\/div>\n<div id=\"element-body-17\">\n<p>En la recorrida de este diario por la escuelita, evidenciaba que alumnos y autoridades<strong> piden m\u00e1s intercambios con Argentina <\/strong>para preservar una vivencia que sin embargo va ocupando, como opci\u00f3n al idioma armenio, el ruso y el ingl\u00e9s.<\/p>\n<\/div>\n<div id=\"element-body-18\">\n<p>La embajada Argentina contin\u00faa enviando libros de texto y algunos materiales. Ya hace varios a\u00f1os dejaron de recibir manuales de estudio y unos 15 que no reciben ayuda financiera.<\/p>\n<\/div>\n<div id=\"element-body-19\">\n<p>A las autoridades del colegio les gustar\u00eda implementar el intercambio de estudiantes con el colegio armenio de Buenos Aires, pero para eso, afirman, necesitar\u00edan un acercamiento mayor con la comunidad armenia en Argentina.<\/p>\n<\/div>\n<p><br \/>\n<br \/><a href=\"https:\/\/www.clarin.com\/sociedad\/historia-escuela-argentina-armenia-fundada-tiempos-menem-ahora-lleva-foto-milei_0_4aU3uaCobG.html\">Fuente Clarin.com <\/a><\/p>\n","protected":false},"excerpt":{"rendered":"<p>Aram tiene 10 a\u00f1os y se divierte lanzando, con claridad, un &#8220;Hola, \u00bfc\u00f3mo est\u00e1s? \u00bfC\u00f3mo te llamas?&#8221; Minutos despu\u00e9s se lo oye m\u00e1s fluido hablando ruso e ingl\u00e9s. No hay dudas de que tiene facilidad para los idiomas. Pero el ni\u00f1o es tambi\u00e9n un s\u00edmbolo de lo que transmite la escuela Rep\u00fablica Argentina de Erev\u00e1n, [&hellip;]<\/p>\n","protected":false},"author":1,"featured_media":20508,"comment_status":"open","ping_status":"open","sticky":false,"template":"","format":"standard","meta":{"footnotes":""},"categories":[2],"tags":[1412,288,15854,692,1840,16247,1329,2365,6317,77,1098],"class_list":["post-20507","post","type-post","status-publish","format-standard","has-post-thumbnail","hentry","category-ultimas-noticias","tag-ahora","tag-argentina","tag-armenia","tag-escuela","tag-foto","tag-fundada","tag-historia","tag-lleva","tag-menem","tag-milei","tag-tiempos"],"_links":{"self":[{"href":"https:\/\/13.com.ar\/index.php\/wp-json\/wp\/v2\/posts\/20507","targetHints":{"allow":["GET"]}}],"collection":[{"href":"https:\/\/13.com.ar\/index.php\/wp-json\/wp\/v2\/posts"}],"about":[{"href":"https:\/\/13.com.ar\/index.php\/wp-json\/wp\/v2\/types\/post"}],"author":[{"embeddable":true,"href":"https:\/\/13.com.ar\/index.php\/wp-json\/wp\/v2\/users\/1"}],"replies":[{"embeddable":true,"href":"https:\/\/13.com.ar\/index.php\/wp-json\/wp\/v2\/comments?post=20507"}],"version-history":[{"count":0,"href":"https:\/\/13.com.ar\/index.php\/wp-json\/wp\/v2\/posts\/20507\/revisions"}],"wp:featuredmedia":[{"embeddable":true,"href":"https:\/\/13.com.ar\/index.php\/wp-json\/wp\/v2\/media\/20508"}],"wp:attachment":[{"href":"https:\/\/13.com.ar\/index.php\/wp-json\/wp\/v2\/media?parent=20507"}],"wp:term":[{"taxonomy":"category","embeddable":true,"href":"https:\/\/13.com.ar\/index.php\/wp-json\/wp\/v2\/categories?post=20507"},{"taxonomy":"post_tag","embeddable":true,"href":"https:\/\/13.com.ar\/index.php\/wp-json\/wp\/v2\/tags?post=20507"}],"curies":[{"name":"wp","href":"https:\/\/api.w.org\/{rel}","templated":true}]}}