{"id":20410,"date":"2025-04-27T16:40:28","date_gmt":"2025-04-27T19:40:28","guid":{"rendered":"https:\/\/13.com.ar\/index.php\/otro-fallo-ordena-reajustar-por-inflacion-los-haberes-entre-enero-2021-y-marzo-2024\/"},"modified":"2025-04-27T16:40:28","modified_gmt":"2025-04-27T19:40:28","slug":"otro-fallo-ordena-reajustar-por-inflacion-los-haberes-entre-enero-2021-y-marzo-2024","status":"publish","type":"post","link":"https:\/\/13.com.ar\/index.php\/otro-fallo-ordena-reajustar-por-inflacion-los-haberes-entre-enero-2021-y-marzo-2024\/","title":{"rendered":"otro fallo ordena reajustar por inflaci\u00f3n los haberes entre enero 2021 y marzo 2024"},"content":{"rendered":"<p> <br \/>\n<br \/><img decoding=\"async\" src=\"https:\/\/13.com.ar\/wp-content\/uploads\/2025\/04\/otro-fallo-ordena-reajustar-por-inflacion-los-haberes-entre-enero.jpg\" \/><\/p>\n<div id=\"element-body-0\">\n<p>La C\u00e1mara Federal de Mar del Plata declar\u00f3 la <strong>&#8220;inconstitucionalidad e inaplicabilidad&#8221;<\/strong> del art. 1\u00ba de la ley 27.609, aprobada en diciembre de 2020 y resolvi\u00f3 que<strong> la movilidad jubilatoria debe calcularse en base al \u00cdndice de Precios al Consumidor que publica el INDEC<\/strong>, lo que arroja un haber sustancialmente mayor.<\/p>\n<\/div>\n<div id=\"element-body-1\">\n<p>En la sentencia (\u201cGimenez Mirta Noem\u00ed c\/ ANSES s\/ reajustes varios) &#8211; que se suma a las de otros jueces y C\u00e1maras <strong>reforzando la jurisprudencia favorable a los jubilados<\/strong> &#8211; los jueces Eduardo P. Jim\u00e9nez y Alejandro O. Tazza sostienen que \u201ctranscurridos ya m\u00e1s de cuatro a\u00f1os desde la entrada en vigencia de la ley y frente al proceso inflacionario que azot\u00f3 a la econom\u00eda de nuestro pa\u00eds en estos \u00faltimos a\u00f1os, es que cabe examinar nuevamente el planteo ya s\u00ed, en esta instancia del proceso&#8221;.<\/p>\n<\/div>\n<div id=\"element-body-2\">\n<p>Asi, la sentencia se\u00f1ala que \u201cen el a\u00f1o 2021, los jubilados obtuvieron un incremento total por aplicaci\u00f3n de la ley n\u00b0 27.609 del 52,67% contra una inflaci\u00f3n del 50,79%, es decir, se apreciaron sus haberes en t\u00e9rminos reales en un 0,82 %. A su vez, en el a\u00f1o 2022, el incremento alcanzado por la citada normativa fue del 72,45% contra un aumento del IPC del 94,75%, lo que implica una p\u00e9rdida del 11,6% contra la inflaci\u00f3n. Asimismo, en el a\u00f1o 2023, los haberes previsionales subieron un 110,95% contra una inflaci\u00f3n del 211,4%, lo que provoca una p\u00e9rdida del 33,5%. Por \u00faltimo, en el periodo comprendido entre diciembre del 2023 y marzo de 2024, el aumento fue del 27,18% y la inflaci\u00f3n del 51,62 %, es decir, una depreciaci\u00f3n del 16,1%. <strong>La p\u00e9rdida total del poder adquisitivo de los haberes acumulada en el per\u00edodo de vigencia de la Ley 27.609 es del 50,3%\u201d.<\/strong><\/p>\n<\/div>\n<div id=\"element-body-3\">\n<p>Los jueces sostienen que el actual Gobierno reconoci\u00f3 que la f\u00f3rmula establecida en la ley 27.609 hab\u00eda \u201carrojado<strong> resultados desastrosos<\/strong> para los jubilados y pensionados del pa\u00eds, quienes han sufrido una notoria p\u00e9rdida del poder adquisitivo.\u201d. Pero, agregan, \u201ctal reconocimiento solo ha considerado per\u00edodos futuros, sin que se elabore una f\u00f3rmula compensando los \u201cresultados desastrosos\u201d obtenidos hasta entonces.\u201d<\/p>\n<\/div>\n<div id=\"element-body-4\">\n<p>Con relaci\u00f3n a los bonos otorgados de refuerzo, la sentencia se\u00f1ala que los distintos decretos sancionados por el Poder Ejecutivo Nacional reconocieron la insuficiencia de la f\u00f3rmula de movilidad y con ello eleva en definitiva los montos del haber m\u00ednimo, claro est\u00e1 que<strong> lo hace de manera solapada a trav\u00e9s de los llamados \u201cbonos\u201d o \u201cSubsidios extraordinarios\u201d<\/strong>, y s\u00f3lo a un grupo de jubilados y pensionados, aclara la sentencia.<\/p>\n<\/div>\n<div id=\"element-body-5\">\n<p>Luego de se\u00f1alar &#8220;la notable p\u00e9rdida del poder adquisitivo que ha sufrido el haber de la actora, el que no ha sido subsanado por ninguna clase de \u201csubsidio extraordinario\u201d ello en raz\u00f3n del monto de la prestaci\u00f3n que percibe, el cual supera los haberes que han sido considerados \u201cbajos\u201d por parte del Poder Ejecutivo Nacional,&#8221;, la sentencia  declara la inconstitucionalidad del art. 1\u00ba de la ley 27.609 y en consecuencia disponer la inaplicabilidad de la f\u00f3rmula all\u00ed establecida al caso de Autos.\u201d. <\/p>\n<\/div>\n<div id=\"element-body-6\">\n<p>&#8220;En su lugar<strong> deber\u00e1 estarse al \u00cdndice de Precios al Consumidor que publica el INDEC<\/strong>, no obstante la soluci\u00f3n aqu\u00ed dispuesta solo se aplicar\u00e1 si el c\u00e1lculo supone una mejora en la prestaci\u00f3n que percibi\u00f3 la Sra. Gim\u00e9nez, debiendo estar a las disposiciones de la ley 27.609 en aquel per\u00edodo que eventualmente \u00e9sta resulte m\u00e1s favorable al haber de la actora.\u201d<\/p>\n<\/div>\n<div id=\"element-body-7\">\n<p>El abogado Adri\u00e1n Tr\u00f3ccolil destaca que el fallo &#8220;considera que los decretos de Alberto Fern\u00e1ndez que otorgaron &#8220;refuerzos extraordinarios&#8221;<strong> afectaron el derecho al igual tratamiento ante la Ley<\/strong> (no fueron generales sino a los de haberes m\u00ednimos). Y cuestiona que si bien el actual Gobierno (decreto 274\/2024) reconoci\u00f3 los &#8220;resultados desastrosos&#8221; de la ley 27.609 <strong>no implement\u00f3 ninguna reparaci\u00f3n ante la enorme p\u00e9rdida de las jubilaciones y pensiones.<\/strong><\/p>\n<\/div>\n<p><br \/>\n<br \/><a href=\"https:\/\/www.clarin.com\/economia\/jubilados-fallo-ordena-reajustar-inflacion-haberes-enero-2021-marzo-2024_0_8xcxH4X0Hz.html\">Fuente Clarin.com <\/a><\/p>\n","protected":false},"excerpt":{"rendered":"<p>La C\u00e1mara Federal de Mar del Plata declar\u00f3 la &#8220;inconstitucionalidad e inaplicabilidad&#8221; del art. 1\u00ba de la ley 27.609, aprobada en diciembre de 2020 y resolvi\u00f3 que la movilidad jubilatoria debe calcularse en base al \u00cdndice de Precios al Consumidor que publica el INDEC, lo que arroja un haber sustancialmente mayor. En la sentencia (\u201cGimenez [&hellip;]<\/p>\n","protected":false},"author":1,"featured_media":20411,"comment_status":"open","ping_status":"open","sticky":false,"template":"","format":"standard","meta":{"footnotes":""},"categories":[2],"tags":[149,351,1969,6716,1544,28,3073,201,366,142,16208],"class_list":["post-20410","post","type-post","status-publish","format-standard","has-post-thumbnail","hentry","category-ultimas-noticias","tag-enero","tag-entre","tag-fallo","tag-haberes","tag-inflacion","tag-los","tag-marzo","tag-ordena","tag-otro","tag-por","tag-reajustar"],"_links":{"self":[{"href":"https:\/\/13.com.ar\/index.php\/wp-json\/wp\/v2\/posts\/20410","targetHints":{"allow":["GET"]}}],"collection":[{"href":"https:\/\/13.com.ar\/index.php\/wp-json\/wp\/v2\/posts"}],"about":[{"href":"https:\/\/13.com.ar\/index.php\/wp-json\/wp\/v2\/types\/post"}],"author":[{"embeddable":true,"href":"https:\/\/13.com.ar\/index.php\/wp-json\/wp\/v2\/users\/1"}],"replies":[{"embeddable":true,"href":"https:\/\/13.com.ar\/index.php\/wp-json\/wp\/v2\/comments?post=20410"}],"version-history":[{"count":0,"href":"https:\/\/13.com.ar\/index.php\/wp-json\/wp\/v2\/posts\/20410\/revisions"}],"wp:featuredmedia":[{"embeddable":true,"href":"https:\/\/13.com.ar\/index.php\/wp-json\/wp\/v2\/media\/20411"}],"wp:attachment":[{"href":"https:\/\/13.com.ar\/index.php\/wp-json\/wp\/v2\/media?parent=20410"}],"wp:term":[{"taxonomy":"category","embeddable":true,"href":"https:\/\/13.com.ar\/index.php\/wp-json\/wp\/v2\/categories?post=20410"},{"taxonomy":"post_tag","embeddable":true,"href":"https:\/\/13.com.ar\/index.php\/wp-json\/wp\/v2\/tags?post=20410"}],"curies":[{"name":"wp","href":"https:\/\/api.w.org\/{rel}","templated":true}]}}