{"id":20230,"date":"2025-04-26T18:06:30","date_gmt":"2025-04-26T21:06:30","guid":{"rendered":"https:\/\/13.com.ar\/index.php\/javier-milei-estuvo-en-la-despedida-del-papa-francisco-y-tuvo-una-ubicacion-preferencial\/"},"modified":"2025-04-26T18:06:30","modified_gmt":"2025-04-26T21:06:30","slug":"javier-milei-estuvo-en-la-despedida-del-papa-francisco-y-tuvo-una-ubicacion-preferencial","status":"publish","type":"post","link":"https:\/\/13.com.ar\/index.php\/javier-milei-estuvo-en-la-despedida-del-papa-francisco-y-tuvo-una-ubicacion-preferencial\/","title":{"rendered":"Javier Milei estuvo en la despedida del Papa Francisco y tuvo una ubicaci\u00f3n preferencial"},"content":{"rendered":"<p> <br \/>\n<br \/><img decoding=\"async\" src=\"https:\/\/13.com.ar\/wp-content\/uploads\/2025\/04\/Javier-Milei-estuvo-en-la-despedida-del-Papa-Francisco-y.jpg\" \/><\/p>\n<div id=\"element-body-0\">\n<p>El presidente <strong>Javier Milei<\/strong> particip\u00f3 este s\u00e1bado\u00a0de la ceremonia del funeral del <strong>Papa Francisco<\/strong> que se realiz\u00f3 en\u00a0la Plaza de San Pedro, en el Vaticano, ante una multitud que sigui\u00f3 con atenci\u00f3n el paso del f\u00e9retro que llevaba los restos del Sumo Pont\u00edfice y junto a importantes l\u00edderes del mundo.<\/p>\n<\/div>\n<div id=\"element-body-1\">\n<p>Milei estuvo acompa\u00f1ado por su hermana <strong>Karina<\/strong>, el jefe de Gabinete <strong>Guillermo Francos<\/strong>, el vocero <strong>Manuel Adorni<\/strong>, el canciller <strong>Gerardo Werthein<\/strong>, las ministras de Seguridad, <strong>Patricia Bullrich<\/strong>; y de Desarrollo Humano, <strong>Sandra Pettovello<\/strong>; y el secretario de Culto Nahuel Sotelo.<\/p>\n<\/div>\n<div id=\"element-body-2\">\n<p>La comitiva argentina tuvo una ubicaci\u00f3n preferencial y Milei vio el paso del cortejo desde la primera fila. Estuvo ubicado junto a los presidentes de Italia, Sergio Mattarella, y de Alemania, Frank-Walter Steinmeier. Sin duda, uno de los momentos m\u00e1s destacados fue cuando\u00a0la Guardia Suiza avanz\u00f3 solemnemente con el f\u00e9retro del Papa frente a la mirada del Presidente.<\/p>\n<\/div>\n<div id=\"element-body-3\">\n<p>Respetando el protocolo de la Iglesia Cat\u00f3lica, los representantes del gobierno argentino asistieron vestidos de luto riguroso. Adem\u00e1s de las prendas negras, a las mujeres solo se les permiti\u00f3 usar accesorios de perlas.<\/p>\n<\/div>\n<div id=\"element-body-4\">\n<p>En el marco de la ceremonia, Milei se encontr\u00f3 con\u00a0el presidente franc\u00e9s <strong>Emmanuel Macron<\/strong> y su esposa Brigitte, quienes se acercaron a saludarlo durante el funeral, aunque el mandatario no tuvo contacto con Donald Trump, quien qued\u00f3 en otra ubicaci\u00f3n y se sent\u00f3 junto a la representaci\u00f3n espa\u00f1ola, que no cont\u00f3 con la presencia del jefe de Gobierno, Pedro S\u00e1nchez, quien no asiste a estos eventos.<\/p>\n<\/div>\n<div id=\"element-body-5\">\n<p>Trump, en cambio, tuvo la posibilidad de mantener un comentado encuentro con su par de Ucrania Volodimir Zelenski, antes de la misa por el funeral del Papa en el Vaticano, en b\u00fasqueda de avanzar en el proceso de paz.<\/p>\n<\/div>\n<div id=\"element-body-6\">\n<p>Fuentes oficiales relacionadas con la organizaci\u00f3n del evento confirmaron la participaci\u00f3n de al menos 170 delegaciones de distintos pa\u00edses.<\/p>\n<\/div>\n<div id=\"element-body-8\">\n<p>Pero uno de los momentos m\u00e1s emotivos fue cuando el Presidente dej\u00f3\u00a0a un lado la solemnidad que acompa\u00f1\u00f3 su rostro durante toda la ceremonia, para abrazarse con la primera ministra italiana Giorgia Meloni, quien justamente estaba ubicada detr\u00e1s.<\/p>\n<\/div>\n<div id=\"element-body-9\">\n<p>Meloni vestida con un saco, pantal\u00f3n y blusa negra, salud\u00f3 al Presidente e intercambi\u00f3 algunas pocas palabras. R\u00e1pidamente, ambos ocuparon sus lugares para seguir atentamente la ceremonia y los discursos que se pronunciaron.<\/p>\n<\/div>\n<div id=\"element-body-10\">\n<p>El Presidente y su comitiva recibieron algunas cr\u00edticas porque el avi\u00f3n presidencial parti\u00f3 el viernes a medianoche, arribando a Roma alrededor de las 18, hora de Italia. Si bien tuvieron tiempo no llegaron al Vaticano antes de que se cerrara el f\u00e9retro con los restos del Papa.<\/p>\n<\/div>\n<div id=\"element-body-11\">\n<p>Sin embargo, Milei arrib\u00f3 puntual a la plaza de San Pedro para participar en la ceremonia que congreg\u00f3 no s\u00f3lo a miles de fieles sino tambi\u00e9n a representantes de la monarqu\u00eda. Se vio al rey Felipe VI de Espa\u00f1a y la reina Letizia, los reyes de B\u00e9lgica, los grandes duques de Luxemburgo, el pr\u00edncipe Guillermo en representaci\u00f3n del Reino Unido.<\/p>\n<\/div>\n<div id=\"element-body-12\">\n<p>El cortejo que traslad\u00f3 los restos del Sumo Pont\u00edfice recorri\u00f3 varios puntos clave de Roma, incluyendo la Porta del Perugino, el cruce del r\u00edo T\u00edber, Corso Vittorio Emanuele, Piazza Venezia, Via dei Fori Imperiali, el Coliseo romano, Via Labicana y Via Merulana.<\/p>\n<\/div>\n<div id=\"element-body-13\">\n<p>Al finalizar la misa, Milei y la comitiva argentina particip\u00f3 de un almuerzo con la primera ministra italiana antes de emprender el regreso a Buenos Aires.\u00a0\u00a0El arribo del avi\u00f3n presidencial est\u00e1 previsto para alrededor de las 5 de la ma\u00f1ana en Aeroparque.<\/p>\n<\/div>\n<p><br \/>\n<br \/><a href=\"https:\/\/www.clarin.com\/politica\/javier-milei-despedida-papa-francisco-ubicacion-preferencial_0_EQhIh7y3s1.html\">Fuente Clarin.com <\/a><\/p>\n","protected":false},"excerpt":{"rendered":"<p>El presidente Javier Milei particip\u00f3 este s\u00e1bado\u00a0de la ceremonia del funeral del Papa Francisco que se realiz\u00f3 en\u00a0la Plaza de San Pedro, en el Vaticano, ante una multitud que sigui\u00f3 con atenci\u00f3n el paso del f\u00e9retro que llevaba los restos del Sumo Pont\u00edfice y junto a importantes l\u00edderes del mundo. Milei estuvo acompa\u00f1ado por su [&hellip;]<\/p>\n","protected":false},"author":1,"featured_media":20231,"comment_status":"open","ping_status":"open","sticky":false,"template":"","format":"standard","meta":{"footnotes":""},"categories":[2],"tags":[100,4665,4361,917,273,77,2919,16128,507,16127,73],"class_list":["post-20230","post","type-post","status-publish","format-standard","has-post-thumbnail","hentry","category-ultimas-noticias","tag-del","tag-despedida","tag-estuvo","tag-francisco","tag-javier","tag-milei","tag-papa","tag-preferencial","tag-tuvo","tag-ubicacion","tag-una"],"_links":{"self":[{"href":"https:\/\/13.com.ar\/index.php\/wp-json\/wp\/v2\/posts\/20230","targetHints":{"allow":["GET"]}}],"collection":[{"href":"https:\/\/13.com.ar\/index.php\/wp-json\/wp\/v2\/posts"}],"about":[{"href":"https:\/\/13.com.ar\/index.php\/wp-json\/wp\/v2\/types\/post"}],"author":[{"embeddable":true,"href":"https:\/\/13.com.ar\/index.php\/wp-json\/wp\/v2\/users\/1"}],"replies":[{"embeddable":true,"href":"https:\/\/13.com.ar\/index.php\/wp-json\/wp\/v2\/comments?post=20230"}],"version-history":[{"count":0,"href":"https:\/\/13.com.ar\/index.php\/wp-json\/wp\/v2\/posts\/20230\/revisions"}],"wp:featuredmedia":[{"embeddable":true,"href":"https:\/\/13.com.ar\/index.php\/wp-json\/wp\/v2\/media\/20231"}],"wp:attachment":[{"href":"https:\/\/13.com.ar\/index.php\/wp-json\/wp\/v2\/media?parent=20230"}],"wp:term":[{"taxonomy":"category","embeddable":true,"href":"https:\/\/13.com.ar\/index.php\/wp-json\/wp\/v2\/categories?post=20230"},{"taxonomy":"post_tag","embeddable":true,"href":"https:\/\/13.com.ar\/index.php\/wp-json\/wp\/v2\/tags?post=20230"}],"curies":[{"name":"wp","href":"https:\/\/api.w.org\/{rel}","templated":true}]}}