{"id":20228,"date":"2025-04-26T17:48:33","date_gmt":"2025-04-26T20:48:33","guid":{"rendered":"https:\/\/13.com.ar\/index.php\/del-asiento-vip-de-milei-a-la-reunion-que-opaco-la-ceremonia\/"},"modified":"2025-04-26T17:48:33","modified_gmt":"2025-04-26T20:48:33","slug":"del-asiento-vip-de-milei-a-la-reunion-que-opaco-la-ceremonia","status":"publish","type":"post","link":"https:\/\/13.com.ar\/index.php\/del-asiento-vip-de-milei-a-la-reunion-que-opaco-la-ceremonia\/","title":{"rendered":"del &#8220;asiento VIP&#8221; de Milei a la reuni\u00f3n que opac\u00f3 la ceremonia"},"content":{"rendered":"<p> <br \/>\n<br \/><img decoding=\"async\" src=\"https:\/\/13.com.ar\/wp-content\/uploads\/2025\/04\/del-asiento-VIP-de-Milei-a-la-reunion-que-opaco.jpg\" \/><\/p>\n<div id=\"element-body-0\">\n<p>El funeral del papa Francisco captur\u00f3 la atenci\u00f3n internacional, con m\u00e1s de 150 delegaciones diplom\u00e1ticas presentes en el Vaticano y con los principales medios del mundo enfocando su cobertura hacia el coraz\u00f3n de la Iglesia Cat\u00f3lica. Los <strong>diarios del planeta <\/strong>dedicaron los titulares de sus sitios web a los m\u00e1s de 400 mil fieles que se acercaron a la Bas\u00edlica de San Pedro para darle el \u00faltimo adi\u00f3s al papa Francisco.<\/p>\n<\/div>\n<div id=\"element-body-1\">\n<p>Sin embargo, no faltaron referencias pol\u00edticas: <strong>Javier Milei<\/strong> apareci\u00f3 en varios de los art\u00edculos principales y la <strong>reuni\u00f3n entre Trump y Zelenski <\/strong>hasta opac\u00f3 la multitudinaria ceremonia.<\/p>\n<\/div>\n<div id=\"element-body-2\">\n<p>El <strong>New York Times<\/strong> dedic\u00f3 los dos principales bloques de su portada al funeral de Jorge Bergoglio. Por un lado, present\u00f3 una cobertura en vivo de la ceremonia, bajo el t\u00edtulo &#8220;Los dolientes se despiden solemnemente del Papa Francisco&#8221;. Lo acompa\u00f1\u00f3 con una fotograf\u00eda de la Plaza de San Pedro llena de fieles que fueron a despedir al Santo Padre.<\/p>\n<\/div>\n<div id=\"element-body-3\">\n<p>En un segundo nivel, el peri\u00f3dico neoyorquino hizo un &#8220;qui\u00e9n es quien&#8221; de los asistentes que estuvieron en primera fila. Entre ellos, se puede ver a<strong> Donald y Melania Trump<\/strong>, al <strong>Rey Felipe<\/strong> y a <strong>Emmanuel Macron<\/strong>, entre otros.<\/p>\n<\/div>\n<div id=\"element-body-5\">\n<p><strong>La Reppublica<\/strong>, uno de los principales diarios de Italia, present\u00f3 una vista a\u00e9rea de la <strong>Plaza de San Pedro<\/strong> en la que se ve\u00eda la gran concurrencia al funeral. <strong>&#8220;400 mil por Francisco&#8221;<\/strong>, fue el t\u00edtulo que eligieron para la nota principal.<\/p>\n<\/div>\n<div id=\"element-body-7\">\n<p>Tambi\u00e9n desde Italia, <strong>La Stampa<\/strong> destac\u00f3 el n\u00famero de asistentes, pero entre las principales notas de tapa se col\u00f3 una con <strong>Javier Milei <\/strong>como protagonista, en la que citan al Presidente argentino y sus declaraciones acerca del pedido de disculpas al Papa. <\/p>\n<\/div>\n<div id=\"element-body-9\">\n<p>En <strong>O Globo<\/strong>, de Brasil, hicieron referencia a la multitud que despidi\u00f3 a Francisco. La cita, a\u00f1adieron &#8220;conmueve a los fieles y cambia Roma&#8221;.<\/p>\n<\/div>\n<div id=\"element-body-10\">\n<p>Milei tambi\u00e9n apareci\u00f3 entre los titulares de ese medio: &#8220;Trump en primera fila y <strong>Milei en un asiento VIP<\/strong>: c\u00f3mo el Vaticano organiz\u00f3 una pesadilla geopol\u00edtica&#8221; es uno de sus principales t\u00edtulos.|<\/p>\n<\/div>\n<div id=\"element-body-12\">\n<p>El medio ingl\u00e9s <strong>The Guardian<\/strong> fue otro de los que destac\u00f3 la asistencia, pero hizo tambi\u00e9n una menci\u00f3n a los   l\u00edderes mundiales que asistieron: &#8220;El mundo despide al Papa Francisco con peregrinos y poderosos entre los 400.000 asistentes al funeral&#8221;.<\/p>\n<\/div>\n<div id=\"element-body-14\">\n<p>&#8220;La iglesia somos nosotros&#8221; fue el t\u00edtulo que eligi\u00f3<strong> Le Monde<\/strong> (Francia) para el encabezado de su art\u00edculo principal, en el que tambi\u00e9n destacaron a la gran cantidad de jefes de Estado y l\u00edderes pol\u00edticos que acudieron a rendir homenaje &#8220;a este Papa cercano al pueblo&#8221;.<\/p>\n<\/div>\n<div id=\"element-body-16\">\n<p>Desde <strong>El Pa\u00eds<\/strong> (Espa\u00f1a) tambi\u00e9n se refirieron al n\u00famero de fieles e incluyeron un art\u00edculo sobre el \u00faltimo viaje en papam\u00f3vil de Francisco.<\/p>\n<\/div>\n<div id=\"element-body-18\">\n<p>La noticia tambi\u00e9n lleg\u00f3 a Suiza, en donde el <strong>Basler Zeitung<\/strong> titul\u00f3: &#8220;El peque\u00f1o milagro de la Plaza San Pedro&#8221;. Tambi\u00e9n aludieron a la impactante concurrencia al entierro.<\/p>\n<\/div>\n<p><h2>Trump y Zelenski: La reuni\u00f3n que se rob\u00f3 el protagonismo en las principales tapas<\/h2>\n<\/p>\n<div id=\"element-body-20\">\n<p>Aunque en los principales medios del mundo el tema del d\u00eda fue el funeral del <strong>papa Francisco<\/strong>, hubo una reuni\u00f3n que acapar\u00f3 todas las miradas y que termin\u00f3 ocupando la tapa de varios peri\u00f3dicos. <\/p>\n<\/div>\n<div id=\"element-body-21\">\n<p>Se trata del encuentro entre <strong>Donald Trump<\/strong>, presidente de<strong> Estados Unidos<\/strong> y <strong>Volodimir Zelenski<\/strong>, su par ucraniano. Ese ins\u00f3lito cara a cara, con dos sillas en pleno Vaticano, puede resultar clave para la guerra Rusia-Ucrania. <\/p>\n<\/div>\n<div id=\"element-body-22\">\n<p>Tanto en el <strong>Corriere Della Sera<\/strong> como en <strong>La Repubblica<\/strong> y <strong>La Stampa<\/strong>, los principales diarios italianos, el encuentro entre los primeros mandatarios releg\u00f3 al papa Francisco a un segundo nivel, ya entrada la tarde y con los restos del Sumo Pont\u00edfice ya sepultados. No fueron los \u00fanicos, pero sus casos resultaron llamativos por cercan\u00eda afectiva y geogr\u00e1fica con la ceremonia que convoc\u00f3 a cientos de miles de fieles.<\/p>\n<\/div>\n<div id=\"element-body-23\">\n<p>Adem\u00e1s, <strong>La Stampa<\/strong> le hizo un lugar en su portada al arrepentimiento de <strong>Javier Milei <\/strong>tras sus cr\u00edticas a Francisco. &#8220;Me disculp\u00e9 con el Papa y me perdon\u00f3&#8221;, reza el titular de esa nota, que recogi\u00f3 las declaraciones que hizo el Presidente el s\u00e1bado a la madrugada (hora italiana), en la v\u00edspera de la sepultura.<\/p>\n<\/div>\n<p><br \/>\n<br \/><a href=\"https:\/\/www.clarin.com\/mundo\/dijeron-diarios-mundo-funeral-papa-francisco-400-mil-asistentes-asiento-vip-milei_0_RrxZDZSgK9.html\">Fuente Clarin.com <\/a><\/p>\n","protected":false},"excerpt":{"rendered":"<p>El funeral del papa Francisco captur\u00f3 la atenci\u00f3n internacional, con m\u00e1s de 150 delegaciones diplom\u00e1ticas presentes en el Vaticano y con los principales medios del mundo enfocando su cobertura hacia el coraz\u00f3n de la Iglesia Cat\u00f3lica. Los diarios del planeta dedicaron los titulares de sus sitios web a los m\u00e1s de 400 mil fieles que [&hellip;]<\/p>\n","protected":false},"author":1,"featured_media":20229,"comment_status":"open","ping_status":"open","sticky":false,"template":"","format":"standard","meta":{"footnotes":""},"categories":[2],"tags":[1698,2620,100,77,16126,349,16125],"class_list":["post-20228","post","type-post","status-publish","format-standard","has-post-thumbnail","hentry","category-ultimas-noticias","tag-asiento","tag-ceremonia","tag-del","tag-milei","tag-opaco","tag-reunion","tag-vip"],"_links":{"self":[{"href":"https:\/\/13.com.ar\/index.php\/wp-json\/wp\/v2\/posts\/20228","targetHints":{"allow":["GET"]}}],"collection":[{"href":"https:\/\/13.com.ar\/index.php\/wp-json\/wp\/v2\/posts"}],"about":[{"href":"https:\/\/13.com.ar\/index.php\/wp-json\/wp\/v2\/types\/post"}],"author":[{"embeddable":true,"href":"https:\/\/13.com.ar\/index.php\/wp-json\/wp\/v2\/users\/1"}],"replies":[{"embeddable":true,"href":"https:\/\/13.com.ar\/index.php\/wp-json\/wp\/v2\/comments?post=20228"}],"version-history":[{"count":0,"href":"https:\/\/13.com.ar\/index.php\/wp-json\/wp\/v2\/posts\/20228\/revisions"}],"wp:featuredmedia":[{"embeddable":true,"href":"https:\/\/13.com.ar\/index.php\/wp-json\/wp\/v2\/media\/20229"}],"wp:attachment":[{"href":"https:\/\/13.com.ar\/index.php\/wp-json\/wp\/v2\/media?parent=20228"}],"wp:term":[{"taxonomy":"category","embeddable":true,"href":"https:\/\/13.com.ar\/index.php\/wp-json\/wp\/v2\/categories?post=20228"},{"taxonomy":"post_tag","embeddable":true,"href":"https:\/\/13.com.ar\/index.php\/wp-json\/wp\/v2\/tags?post=20228"}],"curies":[{"name":"wp","href":"https:\/\/api.w.org\/{rel}","templated":true}]}}